{"id":584889,"date":"2025-12-07T20:09:16","date_gmt":"2025-12-07T20:09:16","guid":{"rendered":"https:\/\/www.europesays.com\/fr\/584889\/"},"modified":"2025-12-07T20:09:16","modified_gmt":"2025-12-07T20:09:16","slug":"harre-manhay-a-eu-chaud-en-fin-de-match-face-a-la-lanterne-rouge-lessentiel-etait-de-ne-pas-perdre","status":"publish","type":"post","link":"https:\/\/www.europesays.com\/fr\/584889\/","title":{"rendered":"Harre-Manhay a eu chaud en fin de match face \u00e0 la lanterne rouge : \u00ab\u00a0L&rsquo;essentiel \u00e9tait de ne pas perdre\u00a0\u00bb"},"content":{"rendered":"<p class=\"ap-StoryElement ap-StoryElement--mb ap-StoryText\">Le gardien visiteur Janssens stoppe un tir de Tonkovic et d\u00e9vie miraculeusement la reprise de Dian\u00e9 sur sa transversale pour sauver un point pour Harre-Manhay. \u00ab\u00a0Nous sommes tomb\u00e9s sur une tr\u00e8s belle \u00e9quipe du FC Eupen, je connais cette D3 depuis des ann\u00e9es et je peux affirmer qu&rsquo;elle n&rsquo;est pas \u00e0 sa place, note Patrick Fabere, le coach des Harkais. Pour une fois, ils \u00e9taient pratiquement au complet et le 0-1 tomb\u00e9 rapidement les a rapidement plac\u00e9s dans une situation o\u00f9 ils n&rsquo;avaient plus rien \u00e0 perdre. L&rsquo;exclusion de Roberty a encore compliqu\u00e9 les choses mais on a bien d\u00e9fendu. J&rsquo;ai vu des gars qui se battaient les uns pour les autres comme c&rsquo;\u00e9tait rarement le cas dans le pass\u00e9. Pour nous, l&rsquo;essentiel \u00e9tait de ne pas perdre ce match.\u00a0\u00bb<\/p>\n<p class=\"ap-StoryElement ap-StoryElement--mb ap-StoryText\"><b>FC EUPEN:<\/b> Fernandez, Islamovic (80e Schins), Vanaschen, Kupper, Zimmer, Tonkovic, Ordonez, Colle, Nzuzi, Benlahbib (86e Bong 90e+3 D. Musovic), Dian\u00e9 (86e Reul).<\/p>\n<p class=\"ap-StoryElement ap-StoryElement--mb ap-StoryText\"><b>HARRE-MANHAY:<\/b> Janssens, Memeti, Vanheukelom, Pirquet, Wilkin, Remy, Pr\u00e9vot, Roberty, Bamona Lubelu, Rasquin (82e El Aouzmani), Keita.<\/p>\n<p class=\"ap-StoryElement ap-StoryElement--mb ap-StoryText\"><b>Arbitre: <\/b>M. Henrot ; <b>Cartes jaunes: <\/b>Tonkovic, Zimmer, Reul ; Bamona Lubelu, Memeti.<\/p>\n<p class=\"ap-StoryElement ap-StoryElement--mb ap-StoryText\"><b>Carte rouge:<\/b> Roberty (63e, 2CJ)<\/p>\n<p class=\"ap-StoryElement ap-StoryElement--mb ap-StoryText\"><b>Buts: <\/b>Keita (0-1, 5e), Islamovic (1-1, 56e)<\/p>\n","protected":false},"excerpt":{"rendered":"Le gardien visiteur Janssens stoppe un tir de Tonkovic et d\u00e9vie miraculeusement la reprise de Dian\u00e9 sur sa&hellip;\n","protected":false},"author":2,"featured_media":584890,"comment_status":"","ping_status":"","sticky":false,"template":"","format":"standard","meta":{"footnotes":""},"categories":[1586],"tags":[11,1777,69830,674,1779,1011,27,12,25,1778,364],"class_list":{"0":"post-584889","1":"post","2":"type-post","3":"status-publish","4":"format-standard","5":"has-post-thumbnail","7":"category-europe","8":"tag-actualites","9":"tag-eu","10":"tag-eupen","11":"tag-europe","12":"tag-european-union","13":"tag-fr","14":"tag-france","15":"tag-news","16":"tag-republique-francaise","17":"tag-ue","18":"tag-union-europeenne"},"share_on_mastodon":{"url":"https:\/\/pubeurope.com\/@fr\/115680101290015172","error":""},"_links":{"self":[{"href":"https:\/\/www.europesays.com\/fr\/wp-json\/wp\/v2\/posts\/584889","targetHints":{"allow":["GET"]}}],"collection":[{"href":"https:\/\/www.europesays.com\/fr\/wp-json\/wp\/v2\/posts"}],"about":[{"href":"https:\/\/www.europesays.com\/fr\/wp-json\/wp\/v2\/types\/post"}],"author":[{"embeddable":true,"href":"https:\/\/www.europesays.com\/fr\/wp-json\/wp\/v2\/users\/2"}],"replies":[{"embeddable":true,"href":"https:\/\/www.europesays.com\/fr\/wp-json\/wp\/v2\/comments?post=584889"}],"version-history":[{"count":0,"href":"https:\/\/www.europesays.com\/fr\/wp-json\/wp\/v2\/posts\/584889\/revisions"}],"wp:featuredmedia":[{"embeddable":true,"href":"https:\/\/www.europesays.com\/fr\/wp-json\/wp\/v2\/media\/584890"}],"wp:attachment":[{"href":"https:\/\/www.europesays.com\/fr\/wp-json\/wp\/v2\/media?parent=584889"}],"wp:term":[{"taxonomy":"category","embeddable":true,"href":"https:\/\/www.europesays.com\/fr\/wp-json\/wp\/v2\/categories?post=584889"},{"taxonomy":"post_tag","embeddable":true,"href":"https:\/\/www.europesays.com\/fr\/wp-json\/wp\/v2\/tags?post=584889"}],"curies":[{"name":"wp","href":"https:\/\/api.w.org\/{rel}","templated":true}]}}