{"id":584891,"date":"2025-12-07T20:10:13","date_gmt":"2025-12-07T20:10:13","guid":{"rendered":"https:\/\/www.europesays.com\/fr\/584891\/"},"modified":"2025-12-07T20:10:13","modified_gmt":"2025-12-07T20:10:13","slug":"challenge-cup-on-ne-sait-meme-pas-comment-reagir-sil-faut-sourire-ou-aller-boire-des-bieres-plaisante-matteo-le-corvec-perpignan","status":"publish","type":"post","link":"https:\/\/www.europesays.com\/fr\/584891\/","title":{"rendered":"Challenge Cup \u2013 \u00ab\u00a0On ne sait m\u00eame pas comment r\u00e9agir, s\u2019il faut sourire ou aller boire des bi\u00e8res\u00a0\u00bb, plaisante Matteo Le Corvec (Perpignan)"},"content":{"rendered":"<p>\n                L\u2019Usap s\u2019est octroy\u00e9e sa premi\u00e8re victoire de la saison face aux Dragons en Challenge Cup (41-17). Au-del\u00e0 du succ\u00e8s, c\u2019est tout un club qui a retrouv\u00e9 le sourire et des sensations disparues depuis de six mois. \u00c9pilogue d\u2019un soulagement.\n            <\/p>\n<p>Coup de sifflet final de Monsieur Vedovelli au Stade Aim\u00e9-Giral aux alentours des 16h. Une joie mesur\u00e9e mais bien l\u00e9gitime pour des Catalans enfin gagnants dans une rencontre, apr\u00e8s tant de gal\u00e8res et de d\u00e9boires v\u00e9cus en Top 14. Une bouff\u00e9e d\u2019oxyg\u00e8ne survenant durant cette p\u00e9riode europ\u00e9enne, o\u00f9 les hommes de Laurent Labit ont pu exprimer quelques offensives bien senties. Du pain b\u00e9ni pour l\u2019entra\u00eeneur en charge de l\u2019attaque, Nicolas Nadau\u00a0:\u00a0\u00bbOn voulait profiter de ces deux rencontres pour cr\u00e9er une dynamique, en relan\u00e7ant des individus. Pour recr\u00e9er un collectif, il nous faut un large \u00e9ventail avec des joueurs qui ont besoin de temps de jeu aujourd\u2019hui. Cela permet de se retrouver parfois dans des situations difficiles, et par la suite de mieux savoir les g\u00e9rer. On prend le temps de construire la philosophie que l\u2019on veut mettre en place, tout simplement.\u00a0\u00bb<\/p>\n<p>Des propos corrobor\u00e9s par Matteo Le Corvec, align\u00e9 en deuxi\u00e8me ligne pour l\u2019occasion et qui a per\u00e7u de bonnes ondes durant ce duel face aux Gallois\u00a0:\u00a0\u00bbOn a \u00e9t\u00e9 ultra-dominants en m\u00eal\u00e9e.\u00a0Cela\u00a0fait des mois qu\u2019on se dit qu\u2019on a un gros pack, mais on n\u2019arrive pas \u00e0 s\u2019\u00e9panouir sur le sujet.\u00a0Donc, l\u00e0, f\u00e9licitations \u00e0 nos piliers.\u00a0Tout l\u2019ensemble des gros. Puis, je trouve que\u00a0dans le d\u00e9placement, on avait envie de porter le ballon. M\u00eame si, deux ou trois fois, on jette un peu les ballons n\u2019importe o\u00f9.\u00a0Mais bon, on a envie de bien faire et de jouer.\u00a0Donc\u00a0il faut qu\u2019on continue comme \u00e7a et cela\u00a0va le faire.\u00a0\u00bb L\u2019attitude des fondamentaux fut l\u2019un des \u00e9l\u00e9ments de la victoire, significatif d\u2019une prise de conscience peut-\u00eatre pour la suite. Il rajoute hilare\u00a0:\u00a0\u00bb\u00c0 la base, quand on rentrait au vestiaire, il n\u2019y avait pas un mot. On ne sait m\u00eame pas comment r\u00e9agir l\u00e0, s\u2019il faut sourire ou aller boire des bi\u00e8res, non c\u2019est vraiment un grand plaisir.\u00a0\u00bb<\/p>\n<p>Un vestiaire heureux<\/p>\n<p>Le mot de la fin pour le capitaine du jour, Jamie Ritchie. L\u2019international \u00e9cossais a fait le tour du stade \u00e0 la fin de la rencontre, comme pour mieux appr\u00e9cier le moment et ressentir les vibrations d\u2019un tel succ\u00e8s. Il s\u2019explique\u00a0:\u00a0\u00bb\u00c7a fait\u00a0longtemps qu\u2019on n\u2019a pas gagn\u00e9 cette saison.\u00a0Je suis vraiment fier de tout le monde.\u00a0Et nous sommes tous vraiment fiers qu\u2019on ait eu cette victoire aujourd\u2019hui. Parce que, oui, \u00e7a fait trop longtemps qu\u2019on n\u2019a pas gagn\u00e9.\u00a0Je ne sais pas ce qu\u2019on va faire apr\u00e8s. Pour le capitanat, c\u2019est un privil\u00e8ge absolu pour moi.\u00a0Comme je l\u2019ai dit la semaine derni\u00e8re \u00e0 la presse, les gens ici et le club m\u2019ont \u00e9t\u00e9 extr\u00eamement bien accueillis. J\u2019ai vraiment appr\u00e9ci\u00e9 cette nouvelle exp\u00e9rience.\u00a0Et, bien s\u00fbr, le club a beaucoup d\u2019histoire.\u00a0Et c\u2019est un club fier.\u00a0Donc, avoir l\u2019opportunit\u00e9 d\u2019\u00eatre le capitaine de l\u2019Usap, c\u2019\u00e9tait un vrai privil\u00e8ge et un grand honneur pour moi.\u00a0C\u2019\u00e9tait vraiment un jour vraiment sp\u00e9cial.\u00a0\u00bb Perpignan a ouvert son compteur de victoires, une bonne base de travail avant Tr\u00e9vise la semaine prochaine et la r\u00e9ception capitale de Clermont en suivant en Top 14.<\/p>\n","protected":false},"excerpt":{"rendered":"L\u2019Usap s\u2019est octroy\u00e9e sa premi\u00e8re victoire de la saison face aux Dragons en Challenge Cup (41-17). Au-del\u00e0 du&hellip;\n","protected":false},"author":2,"featured_media":584892,"comment_status":"","ping_status":"","sticky":false,"template":"","format":"standard","meta":{"footnotes":""},"categories":[2],"tags":[11,69590,1011,27,12,25,68796],"class_list":{"0":"post-584891","1":"post","2":"type-post","3":"status-publish","4":"format-standard","5":"has-post-thumbnail","7":"category-actualites","8":"tag-actualites","9":"tag-epcr-challenge-cup","10":"tag-fr","11":"tag-france","12":"tag-news","13":"tag-republique-francaise","14":"tag-rugby-u00e0-xv"},"share_on_mastodon":{"url":"https:\/\/pubeurope.com\/@fr\/115680105262857430","error":""},"_links":{"self":[{"href":"https:\/\/www.europesays.com\/fr\/wp-json\/wp\/v2\/posts\/584891","targetHints":{"allow":["GET"]}}],"collection":[{"href":"https:\/\/www.europesays.com\/fr\/wp-json\/wp\/v2\/posts"}],"about":[{"href":"https:\/\/www.europesays.com\/fr\/wp-json\/wp\/v2\/types\/post"}],"author":[{"embeddable":true,"href":"https:\/\/www.europesays.com\/fr\/wp-json\/wp\/v2\/users\/2"}],"replies":[{"embeddable":true,"href":"https:\/\/www.europesays.com\/fr\/wp-json\/wp\/v2\/comments?post=584891"}],"version-history":[{"count":0,"href":"https:\/\/www.europesays.com\/fr\/wp-json\/wp\/v2\/posts\/584891\/revisions"}],"wp:featuredmedia":[{"embeddable":true,"href":"https:\/\/www.europesays.com\/fr\/wp-json\/wp\/v2\/media\/584892"}],"wp:attachment":[{"href":"https:\/\/www.europesays.com\/fr\/wp-json\/wp\/v2\/media?parent=584891"}],"wp:term":[{"taxonomy":"category","embeddable":true,"href":"https:\/\/www.europesays.com\/fr\/wp-json\/wp\/v2\/categories?post=584891"},{"taxonomy":"post_tag","embeddable":true,"href":"https:\/\/www.europesays.com\/fr\/wp-json\/wp\/v2\/tags?post=584891"}],"curies":[{"name":"wp","href":"https:\/\/api.w.org\/{rel}","templated":true}]}}