{"id":584893,"date":"2025-12-07T20:11:14","date_gmt":"2025-12-07T20:11:14","guid":{"rendered":"https:\/\/www.europesays.com\/fr\/584893\/"},"modified":"2025-12-07T20:11:14","modified_gmt":"2025-12-07T20:11:14","slug":"champions-cup-les-notes-de-castres-contre-gloucester-guillaume-ducat-a-survole-les-debats-aeriens-pierre-popelin-dans-le-dur","status":"publish","type":"post","link":"https:\/\/www.europesays.com\/fr\/584893\/","title":{"rendered":"Champions Cup &#8211; Les notes de Castres contre Gloucester : Guillaume Ducat a survol\u00e9 les d\u00e9bats a\u00e9riens, Pierre Popelin dans le dur"},"content":{"rendered":"<p>\n                Dans une rencontre longtemps \u00e0 l\u2019issue incertaine, notamment parce que les Castrais ont domin\u00e9 les collisions mais aussi la conqu\u00eate a\u00e9rienne, les Anglais de Gloucester ont su renverser la table durant les vingt derni\u00e8res minutes, malgr\u00e9 une performance XXL de Guillaume Ducat. La charni\u00e8re Williams-Byrne n\u2019est pas \u00e9trang\u00e8re \u00e0 cette victoire. Au contraire.\n            <\/p>\n<p>Les tops<\/p>\n<p>L\u2019international gallois de Gloucester a montr\u00e9 l\u2019\u00e9tendue de son talent. En premi\u00e8re p\u00e9riode, alors que son \u00e9quipe s\u2019est parfois compliqu\u00e9 la t\u00e2che, notamment \u00e0 l\u2019instant de r\u00e9aliser le geste d\u00e9cisif, lui a \u00e9clair\u00e9 le jeu, notamment par sa qualit\u00e9 de jeu au pied. D\u2019entr\u00e9e\u00a0; il a trouv\u00e9 un super 50\/22 (6e). Ensuite, il a toujours su, gr\u00e2ce \u00e0 sa vision panoramique et sa capacit\u00e9 \u00e0 lire et d\u00e9nicher les espaces libres, \u00e0 inverser la pression. En cela, il a a permis \u00e0 son \u00e9quipe, notamment en premi\u00e8re p\u00e9riode, de rester dans le camp castrais et de coller au score, malgr\u00e9 un gros manque de r\u00e9alisme. Et m\u00eame en d\u00e9fense, il ne s\u2019est jamais enlev\u00e9 face au puissant troisi\u00e8me ligne castrais Ramototabua<\/p>\n<p>Avec son comp\u00e8re gallois de la m\u00eal\u00e9e, le demi d\u2019ouverture irlandais de Gloucester a su g\u00e9rer les temps fort et faible de son \u00e9quipe. M\u00eame s\u2019il a parfois manqu\u00e9 de pertinence dans ses choix, il a eu le m\u00e9rite de transformer les trois essais de son \u00e9quipe et d\u2019ajouter deux p\u00e9nalit\u00e9s importantes en seconde mi-temps. Un 100\u00a0% et douze points au total qui a permis \u00e0 son \u00e9quipe de s\u2019en sortir malgr\u00e9 quelques fragilit\u00e9s en conqu\u00eate, notamment en touche.<\/p>\n<p>Le capitaine de l\u2019alignement castrais peut \u00eatre fier de lui. Dans les airs, lui et ses hommes ont livr\u00e9 une \u00ab\u00a0Master class\u00a0\u00bb. Pr\u00e8s de sept ballons vol\u00e9s aux Anglais de Gloucester. C\u2019est ce secteur de jeu qui a permis au CO de longtemps rivaliser. Assur\u00e9ment, Julien Tastet, l\u2019entra\u00eeneur de la touche castraise, avait bien pr\u00e9par\u00e9 ses joueurs \u00e0 la lutte a\u00e9rienne. Dommage que le club tarnais n\u2019ait pas \u00e9t\u00e9 r\u00e9compens\u00e9.<\/p>\n<p>Les flops<\/p>\n<p>e troisi\u00e8me ligne de Gloucester a flirt\u00e9 avec la correctionnelle. Auteur d\u2019un match honorable, il s\u2019est rendu coupable d\u2019un vilain geste sur Florian Vanverberghe. Volontaire ou non, telle est la question. Il n\u2019emp\u00eache, le joueur gallois a \u00e9cop\u00e9 d\u2019un carton jaune pour avoir mis ses doigts dans les yeux du deuxi\u00e8me ligne castrais. L\u2019arbitre a finalement estim\u00e9 le geste involontaire. On a pourtant vu des cartons rouges distribu\u00e9s pour moins que \u00e7a.<\/p>\n<p>En d\u00e9but de rencontre, le demi d\u2019ouverture tarnais manqua un renvoi et la suite de son match ne fut pas bien meilleure. Maladroit sous un ballon haut, peu convaincant en d\u00e9fense et globalement domin\u00e9 par son vis-\u00e0-vis Ross Byrne, Pierre Popelin a connu des jours meilleurs. Il fut d\u2019ailleurs remplac\u00e9 \u00e0 l\u2019heure de jeu par Enzo Herv\u00e9.<\/p>\n<p>    Les notes de Castres<\/p>\n<ul>\n<li>15. Th\u00e9o Chabouni : 4\/10<\/li>\n<li>14. Christian Ambadiang : 4,5\/10<\/li>\n<li>13. Vuate Karawalevu : 5\/10<\/li>\n<li>12. Vilimoni Botitu : 4,5\/10<\/li>\n<li>11. R\u00e9my Baget : 4,5\/10<\/li>\n<li>10. Pierre Popelin : 3\/10<\/li>\n<li>9. Jeremy Fernandez : 5\/10<\/li>\n<li>8. Veresa Ramototabua : 5\/10<\/li>\n<li>7. Baptiste Cope : 5\/10<\/li>\n<li>6. Baptiste Delaporte : 6,5\/10<\/li>\n<li>5. Florent\u00a0Vanverberghe : 7\/10<\/li>\n<li>4. Guillaume Ducat : 7,5\/10<\/li>\n<li>3. Aur\u00e9lien Azar : 5.5\/10<\/li>\n<li>2. Loris Zarantonello : 6\/10<\/li>\n<li>1. Quentin Walcker : 5\/10<\/li>\n<\/ul>\n","protected":false},"excerpt":{"rendered":"Dans une rencontre longtemps \u00e0 l\u2019issue incertaine, notamment parce que les Castrais ont domin\u00e9 les collisions mais aussi&hellip;\n","protected":false},"author":2,"featured_media":584894,"comment_status":"","ping_status":"","sticky":false,"template":"","format":"standard","meta":{"footnotes":""},"categories":[2],"tags":[11,7336,1011,27,12,25],"class_list":{"0":"post-584893","1":"post","2":"type-post","3":"status-publish","4":"format-standard","5":"has-post-thumbnail","7":"category-actualites","8":"tag-actualites","9":"tag-castres-olympique","10":"tag-fr","11":"tag-france","12":"tag-news","13":"tag-republique-francaise"},"share_on_mastodon":{"url":"https:\/\/pubeurope.com\/@fr\/115680109161439880","error":""},"_links":{"self":[{"href":"https:\/\/www.europesays.com\/fr\/wp-json\/wp\/v2\/posts\/584893","targetHints":{"allow":["GET"]}}],"collection":[{"href":"https:\/\/www.europesays.com\/fr\/wp-json\/wp\/v2\/posts"}],"about":[{"href":"https:\/\/www.europesays.com\/fr\/wp-json\/wp\/v2\/types\/post"}],"author":[{"embeddable":true,"href":"https:\/\/www.europesays.com\/fr\/wp-json\/wp\/v2\/users\/2"}],"replies":[{"embeddable":true,"href":"https:\/\/www.europesays.com\/fr\/wp-json\/wp\/v2\/comments?post=584893"}],"version-history":[{"count":0,"href":"https:\/\/www.europesays.com\/fr\/wp-json\/wp\/v2\/posts\/584893\/revisions"}],"wp:featuredmedia":[{"embeddable":true,"href":"https:\/\/www.europesays.com\/fr\/wp-json\/wp\/v2\/media\/584894"}],"wp:attachment":[{"href":"https:\/\/www.europesays.com\/fr\/wp-json\/wp\/v2\/media?parent=584893"}],"wp:term":[{"taxonomy":"category","embeddable":true,"href":"https:\/\/www.europesays.com\/fr\/wp-json\/wp\/v2\/categories?post=584893"},{"taxonomy":"post_tag","embeddable":true,"href":"https:\/\/www.europesays.com\/fr\/wp-json\/wp\/v2\/tags?post=584893"}],"curies":[{"name":"wp","href":"https:\/\/api.w.org\/{rel}","templated":true}]}}