{"id":584895,"date":"2025-12-07T20:12:20","date_gmt":"2025-12-07T20:12:20","guid":{"rendered":"https:\/\/www.europesays.com\/fr\/584895\/"},"modified":"2025-12-07T20:12:20","modified_gmt":"2025-12-07T20:12:20","slug":"julie-zitouni-miss-provence-presente-ses-excuses-apres-avoir-insulte-dautres-candidates","status":"publish","type":"post","link":"https:\/\/www.europesays.com\/fr\/584895\/","title":{"rendered":"Julie Zitouni, Miss Provence, pr\u00e9sente ses excuses apr\u00e8s avoir insult\u00e9 d&rsquo;autres candidates"},"content":{"rendered":"<p class=\"article-p mdl\">La vid\u00e9o n&rsquo;a pas manqu\u00e9 de faire r\u00e9agir les internautes ce dimanche 7 d\u00e9cembre 2025, au lendemain du\u00a0<a class=\"link\" href=\"https:\/\/www.rtl.fr\/culture\/medias-people\/miss-france-2026-hinaupoko-deveze-miss-tahiti-remporte-le-concours-7900574907\" title=\"Miss France 2026 : Hinaupoko Dev\u00e8ze, Miss Tahiti, remporte le concours\" target=\"_blank\" rel=\"noopener\">sacre de Miss France 2026<\/a>. D\u00e9voil\u00e9e par un influenceur dans la nuit de samedi \u00e0 dimanche, on y voit deux candidates du concours,\u00a0<a class=\"link\" href=\"https:\/\/www.rtl.fr\/culture\/medias-people\/miss-france-2026-qui-est-julie-zitouni-elue-miss-provence-7900534327\" title=\"Miss France 2026 : qui est Julie Zitouni, \u00e9lue Miss Provence ?\" target=\"_blank\" rel=\"noopener\">Julie Zitouni, Miss Provence<\/a>, et\u00a0<a class=\"link\" href=\"https:\/\/www.rtl.fr\/culture\/medias-people\/miss-france-2026-le-costume-huitre-de-miss-aquitaine-fait-reagir-les-internautes-7900574905\" title=\"Miss France 2026 : le costume d&#039;hu\u00eetre de Miss Aquitaine fait r\u00e9agir les internautes\" target=\"_blank\" rel=\"noopener\">A\u00efnhoa Lahitete, Miss Aquitaine<\/a>, critiquer grossi\u00e8rement leurs concurrentes s\u00e9lectionn\u00e9es parmi les douze demi-finalistes de cette \u00e9dition.<\/p>\n<p class=\"article-p mdl\">\u00ab\u00a0D\u00e9sol\u00e9e, mais qu&rsquo;est-ce que c&rsquo;est que ce Top 12 ? Je ne veux pas faire ma rageuse, mais c&rsquo;est quoi ce Top 12 s&rsquo;il vous pla\u00eet ?\u00a0\u00bb, lance\u00a0A\u00efnhoa Lahitete, avant que\u00a0Julie Zitouni ne surench\u00e9risse en insultant vulgairement les douze candidates encore en lice.<\/p>\n<p class=\"article-p mdl\">Face \u00e0 ce comportement peu solidaire de la part des deux Miss, qui n&rsquo;avaient donc pas \u00e9t\u00e9 s\u00e9lectionn\u00e9es parmi les demi-finalistes pour participer \u00e0 la suite du concours, les internautes n&rsquo;ont pas manqu\u00e9 de r\u00e9agir.<\/p>\n<p>            Julie Zitouni r\u00e9agit sur Instagram<\/p>\n<p class=\"article-p mdl\">En r\u00e9ponse aux nombreuses critiques,\u00a0Julie Zitouni a tenu \u00e0 s&rsquo;expliquer en publiant une story sur son compte Instagram, dimanche apr\u00e8s-midi. \u00ab\u00a0Les mots que j&rsquo;ai prononc\u00e9s sont maladroits et ne refl\u00e8tent absolument pas ce que je pense des candidates\u00a0\u00bb, indique-t-elle.<\/p>\n<p class=\"article-p mdl\">Elle explique que l&rsquo;insulte visant les autres Miss avait \u00e9t\u00e9 utilis\u00e9e \u00ab\u00a0dans un sens familier qui, dans ma mani\u00e8re de parler, signifiait simplement &lsquo;les veinardes&rsquo;, &lsquo;les chanceuses'\u00a0\u00bb, reconnaissant toutefois que \u00ab\u00a0ce n&rsquo;est pas un vocabulaire qui a sa place dans Miss France\u00a0\u00bb.<\/p>\n<p class=\"article-p mdl\">Julie Zitouni ajoute que \u00ab\u00a0ce qui rend cette situation encore plus regrettable, c&rsquo;est que la grande majorit\u00e9 du Top 12 est compos\u00e9e de candidates que j&rsquo;affectionne profond\u00e9ment, des filles avec qui j&rsquo;ai cr\u00e9\u00e9 de vraies affinit\u00e9s et qui sont devenues des amies durant cette aventure.\u00a0\u00bb Une mani\u00e8re de clore la pol\u00e9mique.<\/p>\n<p>    La r\u00e9daction vous recommande<\/p>\n<p class=\"s-newsletter__title\">\n                L\u2019actualit\u00e9 par la r\u00e9daction de RTL dans votre bo\u00eete mail.\n            <\/p>\n<p class=\"s-newsletter__subtitle\">\n                Gr\u00e2ce \u00e0 votre compte RTL abonnez-vous \u00e0 la newsletter RTL info pour suivre toute l&rsquo;actualit\u00e9 au quotidien\n            <\/p>\n<p>\n                                    Lire la suite\n                                <\/p>\n","protected":false},"excerpt":{"rendered":"La vid\u00e9o n&rsquo;a pas manqu\u00e9 de faire r\u00e9agir les internautes ce dimanche 7 d\u00e9cembre 2025, au lendemain du\u00a0sacre&hellip;\n","protected":false},"author":2,"featured_media":583759,"comment_status":"","ping_status":"","sticky":false,"template":"","format":"standard","meta":{"footnotes":""},"categories":[4],"tags":[11,107,1011,27,3034,12,1062,25,252],"class_list":{"0":"post-584895","1":"post","2":"type-post","3":"status-publish","4":"format-standard","5":"has-post-thumbnail","7":"category-france","8":"tag-actualites","9":"tag-fil-info","10":"tag-fr","11":"tag-france","12":"tag-miss-france","13":"tag-news","14":"tag-polemique","15":"tag-republique-francaise","16":"tag-television"},"share_on_mastodon":{"url":"https:\/\/pubeurope.com\/@fr\/115680112949587886","error":""},"_links":{"self":[{"href":"https:\/\/www.europesays.com\/fr\/wp-json\/wp\/v2\/posts\/584895","targetHints":{"allow":["GET"]}}],"collection":[{"href":"https:\/\/www.europesays.com\/fr\/wp-json\/wp\/v2\/posts"}],"about":[{"href":"https:\/\/www.europesays.com\/fr\/wp-json\/wp\/v2\/types\/post"}],"author":[{"embeddable":true,"href":"https:\/\/www.europesays.com\/fr\/wp-json\/wp\/v2\/users\/2"}],"replies":[{"embeddable":true,"href":"https:\/\/www.europesays.com\/fr\/wp-json\/wp\/v2\/comments?post=584895"}],"version-history":[{"count":0,"href":"https:\/\/www.europesays.com\/fr\/wp-json\/wp\/v2\/posts\/584895\/revisions"}],"wp:featuredmedia":[{"embeddable":true,"href":"https:\/\/www.europesays.com\/fr\/wp-json\/wp\/v2\/media\/583759"}],"wp:attachment":[{"href":"https:\/\/www.europesays.com\/fr\/wp-json\/wp\/v2\/media?parent=584895"}],"wp:term":[{"taxonomy":"category","embeddable":true,"href":"https:\/\/www.europesays.com\/fr\/wp-json\/wp\/v2\/categories?post=584895"},{"taxonomy":"post_tag","embeddable":true,"href":"https:\/\/www.europesays.com\/fr\/wp-json\/wp\/v2\/tags?post=584895"}],"curies":[{"name":"wp","href":"https:\/\/api.w.org\/{rel}","templated":true}]}}