{"id":58492,"date":"2025-04-28T05:31:08","date_gmt":"2025-04-28T05:31:08","guid":{"rendered":"https:\/\/www.europesays.com\/fr\/58492\/"},"modified":"2025-04-28T05:31:08","modified_gmt":"2025-04-28T05:31:08","slug":"tres-gros-lapsus-de-retailleau-sur-les-intentions-des-islamistes","status":"publish","type":"post","link":"https:\/\/www.europesays.com\/fr\/58492\/","title":{"rendered":"Tr\u00e8s gros lapsus de Retailleau sur les intentions des islamistes"},"content":{"rendered":"<p>Alors que la traque du meurtrier d\u2019un jeune Malien vendredi matin dans une mosqu\u00e9e du Gard se poursuit, <a href=\"https:\/\/www.20minutes.fr\/dossier\/bruno_retailleau\" target=\"_blank\" class=\"color-ultramarine c-link\" rel=\"noopener\">Bruno Retailleau<\/a> \u00e9tait interrog\u00e9 dimanche en fin de journ\u00e9e par Benjamin Duhamel sur BFMTV. Plusieurs centaines de personnes \u00e9tant rassembl\u00e9es en m\u00eame temps \u00e0 Paris, notamment \u00e0 l\u2019appel de LFI, le journaliste en a profit\u00e9 pour revenir sur les propos de <a href=\"https:\/\/www.20minutes.fr\/politique\/jean-luc-melenchon\/\" target=\"_blank\" class=\"color-ultramarine c-link\" rel=\"noopener\">Jean-Luc M\u00e9lenchon<\/a> accusant, en marge de cette manifestation, le ministre de l\u2019Int\u00e9rieur de cultiver un \u00ab\u00a0climat islamophobe\u00a0\u00bb.<\/p>\n<p>Le locataire de la place de la place Beauvau a d\u00fb alors aussi r\u00e9pondre sur une de ses d\u00e9clarations sur le voile, lors d\u2019un \u00ab\u00a0meeting\u00a0\u00bb. Sur \u00ab\u00a0la question de l\u2019interdiction du <a href=\"https:\/\/www.20minutes.fr\/dossier\/port_du_voile\" target=\"_blank\" class=\"color-ultramarine c-link\" rel=\"noopener\">voile<\/a> dans les comp\u00e9titions sportives vous avez dit \u00ab\u00a0A bas le voile\u00a0\u00bb. Quand il y a un climat de haine contre les musulmans, est-ce que, quand on est ministre de l\u2019Int\u00e9rieur, on peut prendre la responsabilit\u00e9 de dire \u00e0 la tribune \u00ab\u00a0A bas le voile\u00a0\u00bb\u00a0?\u00a0\u00bb, lui a demand\u00e9 Benjamin Duhamel estimant que \u00ab\u00a0cela fait partie des choses qui alimentent un climat de ressentiment ou de haine contre les Fran\u00e7ais de confession musulmane.\u00a0\u00bb<\/p>\n<p>Un tacle contre le \u00ab\u00a0communautarisme\u00a0\u00bb de LFI<\/p>\n<p>Bruno Retailleau a alors tenu \u00e0 r\u00e9pondre, dans un premier temps, aux accusations du leader de <a href=\"https:\/\/www.20minutes.fr\/politique\/france-insoumise\/\" target=\"_blank\" class=\"color-ultramarine c-link\" rel=\"noopener\">LFI<\/a>. \u00ab\u00a0Jean-Luc M\u00e9lenchon et ses amis les Insoumis font du communautarisme [\u2026] pour draguer le vote des Fran\u00e7ais musulmans. Et en faisant cela, ils veulent les s\u00e9parer de la communaut\u00e9 nationale. C\u2019est extr\u00eamement grave et cela fait d\u2019abord mal \u00e0 nos compatriotes musulmans.\u00a0\u00bb<\/p>\n<\/p>\n<p>Puis sur ses propres propos, le ministre s\u2019est justifi\u00e9 en rappelant qu\u2019il avait \u00ab\u00a0utilis\u00e9 cette expression dans un cadre bien pr\u00e9cis\u00a0\u00bb. \u00ab\u00a0Il y avait un texte, dont j\u2019avais d\u2019ailleurs cosign\u00e9 la PPL (proposition de loi) au S\u00e9nat, qui interdisait pour les comp\u00e9titions sportives f\u00e9d\u00e9rales. Eh bien je ne renie rien\u00a0\u00bb.<\/p>\n<p>N\u2019ayant pas eu totalement une r\u00e9ponse, sur l\u2019expression controvers\u00e9e, le journaliste est tout de suite revenu \u00e0 la charge. \u00ab\u00a0Dire \u00ab\u00a0A bas le voile\u00a0\u00bb quand on est ministre de l\u2019Int\u00e9rieur, est-ce que cela n\u2019alimente pas un ressentiment g\u00e9n\u00e9ral contre la religion musulmane, des fid\u00e8les qui pour certaines portent le voile sans que, je sache, le voile signifie d\u2019appartenir \u00e0 une mouvance islamiste\u00a0\u00bb, a-t-il de nouveau interrog\u00e9.<\/p>\n<p>Un acte manqu\u00e9 \u00ab\u00a0curieux\u00a0\u00bb<\/p>\n<p>Le ministre a alors r\u00e9pondu beaucoup plus pr\u00e9cis\u00e9ment, d\u00e9clenchant un tr\u00e8s gros lapsus de sa part. \u00ab\u00a0Ah non. Mais je n\u2019ai jamais dit que toutes les femmes qui portent le voile \u00e9taient des islamistes. Mais ce que je vous dis aujourd\u2019hui, devant vous les yeux dans les yeux, c\u2019est que tous les islamistes, tous, il n\u2019y a pas une exception, souhaitent que les femmes soient viol\u00e9es\u00a0\u00bb. Constant sa tr\u00e8s grosse erreur, Bruno Retailleau a imm\u00e9diatement dit \u00ab\u00a0pardon\u00a0\u00bb. Marquant ensuite une pause, il a conc\u00e9d\u00e9 que c\u2019\u00e9tait \u00ab\u00a0curieux d\u2019ailleurs comme acte manqu\u00e9\u00a0\u00bb, avant de reprendre la fin de sa phrase\u00a0: \u00ab\u00a0soient voil\u00e9es\u00a0\u00bb.<\/p>\n<p>Le ministre a ensuite tent\u00e9 de poursuivre en restant uniquement sur question du port du voile durant les comp\u00e9titions sportives. Mais Benjamin Duhamel lui a une nouvelle fois demand\u00e9 : \u00ab\u00a0Vous ne regrettez pas ces mots \u00ab\u00a0A bas le voile\u00a0\u00bb\u00a0?\u00a0\u00bb. Bruno Retailleau en a alors profit\u00e9 pour pr\u00e9ciser sa ligne\u00a0: \u00ab\u00a0Je pense que le voile n\u2019a rien \u00e0 faire dans les comp\u00e9titions sportives. Le voile n\u2019a rien \u00e0 faire non plus \u00e0 l\u2019\u00e9cole de la r\u00e9publique. Il a \u00e9t\u00e9 interdit en\u00a02004. Je pense qu\u2019il y a des mouvements, notamment les fr\u00e8res musulmans, qui voudraient pr\u00e9cis\u00e9ment politiser, id\u00e9ologiser, parce que ce voile vis-\u00e0-vis de ces mouvements ce n\u2019est pas un bout de tissu uniquement religieux. Il y a derri\u00e8re une id\u00e9ologie politique. C\u2019est de l\u2019islamisme politique. C\u2019est ce que je d\u00e9nonce.\u00a0\u00bb<\/p>\n<p><a href=\"https:\/\/www.20minutes.fr\/dossier\/port_du_voile\" target=\"_blank\" class=\"c-link c-btn c-btn--primary\" rel=\"noopener\">Notre dossier sur le Port du voile<\/a><\/p>\n<p>Interrog\u00e9 enfin sur la pr\u00e9sence \u00ab\u00a0d\u2019islamophobie, de la haine anti-musulmans en France\u00a0\u00bb, le ministre a imm\u00e9diatement r\u00e9pondu\u00a0: \u00ab\u00a0mais bien s\u00fbr, \u00e9videmment\u00a0\u00bb. Et selon lui, \u00ab\u00a0cette haine grandira si on ne tape pas l\u2019islamisme politique. Et l\u2019islamisme politique est en train de d\u00e9figurer la foi, juste, sinc\u00e8re, de nos compatriotes fran\u00e7ais musulmans. \u00bb<\/p>\n","protected":false},"excerpt":{"rendered":"Alors que la traque du meurtrier d\u2019un jeune Malien vendredi matin dans une mosqu\u00e9e du Gard se poursuit,&hellip;\n","protected":false},"author":2,"featured_media":58493,"comment_status":"","ping_status":"","sticky":false,"template":"","format":"standard","meta":{"footnotes":""},"categories":[4],"tags":[47,11,1013,1011,27,5318,1253,3081,1023,15488,12,316,15487,25,104,133],"class_list":{"0":"post-58492","1":"post","2":"type-post","3":"status-publish","4":"format-standard","5":"has-post-thumbnail","7":"category-france","8":"tag-actualite","9":"tag-actualites","10":"tag-bruno-retailleau","11":"tag-fr","12":"tag-france","13":"tag-islam","14":"tag-islamisme","15":"tag-jean-luc-melenchon","16":"tag-la-france-insoumise-lfi","17":"tag-lapsus","18":"tag-news","19":"tag-politique","20":"tag-port-du-voile","21":"tag-republique-francaise","22":"tag-societe","23":"tag-video"},"share_on_mastodon":{"url":"https:\/\/pubeurope.com\/@fr\/114413953546537162","error":""},"_links":{"self":[{"href":"https:\/\/www.europesays.com\/fr\/wp-json\/wp\/v2\/posts\/58492","targetHints":{"allow":["GET"]}}],"collection":[{"href":"https:\/\/www.europesays.com\/fr\/wp-json\/wp\/v2\/posts"}],"about":[{"href":"https:\/\/www.europesays.com\/fr\/wp-json\/wp\/v2\/types\/post"}],"author":[{"embeddable":true,"href":"https:\/\/www.europesays.com\/fr\/wp-json\/wp\/v2\/users\/2"}],"replies":[{"embeddable":true,"href":"https:\/\/www.europesays.com\/fr\/wp-json\/wp\/v2\/comments?post=58492"}],"version-history":[{"count":0,"href":"https:\/\/www.europesays.com\/fr\/wp-json\/wp\/v2\/posts\/58492\/revisions"}],"wp:featuredmedia":[{"embeddable":true,"href":"https:\/\/www.europesays.com\/fr\/wp-json\/wp\/v2\/media\/58493"}],"wp:attachment":[{"href":"https:\/\/www.europesays.com\/fr\/wp-json\/wp\/v2\/media?parent=58492"}],"wp:term":[{"taxonomy":"category","embeddable":true,"href":"https:\/\/www.europesays.com\/fr\/wp-json\/wp\/v2\/categories?post=58492"},{"taxonomy":"post_tag","embeddable":true,"href":"https:\/\/www.europesays.com\/fr\/wp-json\/wp\/v2\/tags?post=58492"}],"curies":[{"name":"wp","href":"https:\/\/api.w.org\/{rel}","templated":true}]}}