{"id":584922,"date":"2025-12-07T20:31:12","date_gmt":"2025-12-07T20:31:12","guid":{"rendered":"https:\/\/www.europesays.com\/fr\/584922\/"},"modified":"2025-12-07T20:31:12","modified_gmt":"2025-12-07T20:31:12","slug":"cet-asteroide-passera-bientot-si-pres-que-vous-pourrez-le-voir-sans-telescope-un-peu-plus-et-cetait-la-catastrophe","status":"publish","type":"post","link":"https:\/\/www.europesays.com\/fr\/584922\/","title":{"rendered":"Cet ast\u00e9ro\u00efde passera bient\u00f4t si pr\u00e8s que vous pourrez le voir sans t\u00e9lescope (un peu plus et c&rsquo;\u00e9tait la catastrophe)"},"content":{"rendered":"<p class=\"whitespace-normal break-words\"><strong>Une animation montre l\u2019approche spectaculaire d\u2019un ast\u00e9ro\u00efde massif vers la Terre le 13 avril 2029. Alors que les r\u00e9seaux sociaux s\u2019affolent, les scientifiques restent \u00e9tonnamment calmes. D\u00e9couvrez pourquoi cette rencontre cosmique n\u2019a rien d\u2019alarmant, et ce qu\u2019elle signifie r\u00e9ellement pour nous.<\/strong><\/p>\n<p>Un visiteur ind\u00e9sirable\u2026 qui ne viendra pas nous voir<\/p>\n<p class=\"whitespace-normal break-words\">L\u2019ast\u00e9ro\u00efde <a href=\"https:\/\/sciencepost.fr\/entreprise-prevoit-mission-rendez-vous-avec-apophis\/\" target=\"_blank\" rel=\"noopener\">Apophis<\/a> s\u2019appr\u00eate \u00e0 faire un passage remarquable. En avril 2029, il passera \u00e0 moins de 32 000 kilom\u00e8tres de notre plan\u00e8te \u2014 une distance qui peut sembler \u00e9norme jusqu\u2019\u00e0 ce qu\u2019on la compare aux orbites des satellites. Certains engins spatiaux tournent plus loin de nous. Pour la premi\u00e8re fois depuis des si\u00e8cles, un objet c\u00e9leste de cette taille sera visible \u00e0 l\u2019\u0153il nu depuis la moiti\u00e9 du globe, sans t\u00e9lescope ni jumelles. C\u2019est l\u2019\u00e9v\u00e9nement astronomique du si\u00e8cle pour les observateurs du ciel.<\/p>\n<p class=\"whitespace-normal break-words\">Mais voil\u00e0 le point crucial que les titres oublient souvent : il n\u2019y a absolument rien \u00e0 craindre. Apophis ne frappera pas la Terre en 2029, et aucun calcul ne montre un risque d\u2019impact avant au moins cent ans.<\/p>\n<p>Pourquoi les experts ont chang\u00e9 d\u2019avis<\/p>\n<p class=\"whitespace-normal break-words\">Il n\u2019y a pas si longtemps, les astronomes voyaient Apophis diff\u00e9remment. La NASA envisageait s\u00e9rieusement un impact potentiel en 2068. Cette perspective sombre a aliment\u00e9 les inqui\u00e9tudes pendant des ann\u00e9es.<\/p>\n<p class=\"whitespace-normal break-words\">Tout a chang\u00e9 en 2021. Lors du pr\u00e9c\u00e9dent survol, les astronomes ont point\u00e9 des radars puissants vers l\u2019ast\u00e9ro\u00efde, permettant une observation pr\u00e9cise sans pr\u00e9c\u00e9dent. Ces donn\u00e9es ont transform\u00e9 leurs mod\u00e8les de calcul. Aujourd\u2019hui, Davide Farnocchia, du Centre d\u2019\u00e9tudes des objets g\u00e9ocroiseurs de la NASA, <a href=\"https:\/\/science.nasa.gov\/solar-system\/asteroids\/apophis\/#:~:text=and%20long%20after.-,%E2%80%9CA%202068%20impact,-is%20not%20in\" target=\"_blank\" rel=\"noopener\">affirme<\/a> sans d\u00e9tour : \u00ab Un impact en 2068 n\u2019est plus envisageable, et nos calculs ne montrent aucun risque d\u2019impact avant au moins les 100 prochaines ann\u00e9es. \u00bb<\/p>\n<p class=\"whitespace-normal break-words\">C\u2019est un rappel humble de la science : les donn\u00e9es nouvelles corrigent les anciennes certitudes.<\/p>\n<p>Une opportunit\u00e9 scientifique exceptionnelle<\/p>\n<p class=\"whitespace-normal break-words\">Ce qui rend 2029 passionnant pour les astronomes, c\u2019est pr\u00e9cis\u00e9ment ce que les autres trouvent terrifiant : la proximit\u00e9. Cet \u00e9v\u00e9nement offre une fen\u00eatre d\u2019observation unique sur un objet que nous connaissons mal.<\/p>\n<p class=\"whitespace-normal break-words\">La NASA ne gaspillera pas cette chance. L\u2019agence enverra une sonde spatiale pour scanner Apophis de pr\u00e8s, accumulant des donn\u00e9es pr\u00e9cieuses sur sa composition, sa structure et son comportement. C\u2019est un luxe scientifique : \u00e9tudier un ast\u00e9ro\u00efde r\u00e9el sans avoir \u00e0 planifier une mission complexe vers l\u2019espace lointain. Ironie du sort, la sonde utilis\u00e9e aura pr\u00e9c\u00e9demment collect\u00e9 des \u00e9chantillons aupr\u00e8s d\u2019un autre ast\u00e9ro\u00efde, Bennu \u2014 une expertise confirm\u00e9e au service de la d\u00e9couverte.<\/p>\n<p>Voir l\u2019invisible devenir visible<\/p>\n<p class=\"whitespace-normal break-words\">Pour les amateurs d\u2019astronomie, le 13 avril 2029 marquera un moment m\u00e9morable. Regarder un rocher spatial de plus d\u2019un kilom\u00e8tre de diam\u00e8tre traverser le ciel nocturne sans instrumentation restera un souvenir grav\u00e9. C\u2019est l\u2019occasion que les passionn\u00e9s attendent depuis des d\u00e9cennies.<\/p>\n<p class=\"whitespace-normal break-words\">Nomm\u00e9 d\u2019apr\u00e8s le dieu serpent \u00e9gyptien qui tentait de d\u00e9vorer le Soleil, Apophis porte bien son nom dramatique. Mais cette ann\u00e9e-l\u00e0, il passera simplement en tant que visiteur, non en tant que menace. Finalement, le vrai danger n\u2019a jamais exist\u00e9 \u2014 juste une belle histoire que nous nous sommes racont\u00e9e.<\/p>\n","protected":false},"excerpt":{"rendered":"Une animation montre l\u2019approche spectaculaire d\u2019un ast\u00e9ro\u00efde massif vers la Terre le 13 avril 2029. Alors que les&hellip;\n","protected":false},"author":2,"featured_media":584923,"comment_status":"","ping_status":"","sticky":false,"template":"","format":"standard","meta":{"footnotes":""},"categories":[7],"tags":[1011,27,43,40,41,39,42,44],"class_list":{"0":"post-584922","1":"post","2":"type-post","3":"status-publish","4":"format-standard","5":"has-post-thumbnail","7":"category-sciences-et-technologies","8":"tag-fr","9":"tag-france","10":"tag-science","11":"tag-science-and-technology","12":"tag-sciences","13":"tag-sciences-et-technologies","14":"tag-technologies","15":"tag-technology"},"share_on_mastodon":{"url":"https:\/\/pubeurope.com\/@fr\/115680187921050250","error":""},"_links":{"self":[{"href":"https:\/\/www.europesays.com\/fr\/wp-json\/wp\/v2\/posts\/584922","targetHints":{"allow":["GET"]}}],"collection":[{"href":"https:\/\/www.europesays.com\/fr\/wp-json\/wp\/v2\/posts"}],"about":[{"href":"https:\/\/www.europesays.com\/fr\/wp-json\/wp\/v2\/types\/post"}],"author":[{"embeddable":true,"href":"https:\/\/www.europesays.com\/fr\/wp-json\/wp\/v2\/users\/2"}],"replies":[{"embeddable":true,"href":"https:\/\/www.europesays.com\/fr\/wp-json\/wp\/v2\/comments?post=584922"}],"version-history":[{"count":0,"href":"https:\/\/www.europesays.com\/fr\/wp-json\/wp\/v2\/posts\/584922\/revisions"}],"wp:featuredmedia":[{"embeddable":true,"href":"https:\/\/www.europesays.com\/fr\/wp-json\/wp\/v2\/media\/584923"}],"wp:attachment":[{"href":"https:\/\/www.europesays.com\/fr\/wp-json\/wp\/v2\/media?parent=584922"}],"wp:term":[{"taxonomy":"category","embeddable":true,"href":"https:\/\/www.europesays.com\/fr\/wp-json\/wp\/v2\/categories?post=584922"},{"taxonomy":"post_tag","embeddable":true,"href":"https:\/\/www.europesays.com\/fr\/wp-json\/wp\/v2\/tags?post=584922"}],"curies":[{"name":"wp","href":"https:\/\/api.w.org\/{rel}","templated":true}]}}