{"id":584924,"date":"2025-12-07T20:32:12","date_gmt":"2025-12-07T20:32:12","guid":{"rendered":"https:\/\/www.europesays.com\/fr\/584924\/"},"modified":"2025-12-07T20:32:12","modified_gmt":"2025-12-07T20:32:12","slug":"garage-encombre-voici-les-conseils-de-pauline-levasseur-pour-le-transformer-en-vraie-piece-en-decembre-2025-et-les-erreurs-qui-ruinent-tout","status":"publish","type":"post","link":"https:\/\/www.europesays.com\/fr\/584924\/","title":{"rendered":"Garage encombr\u00e9 : voici les conseils de Pauline Levasseur pour le transformer en vraie pi\u00e8ce en d\u00e9cembre 2025 (et les erreurs qui ruinent tout)"},"content":{"rendered":"<p itemprop=\"description\">Votre garage d\u00e9borde de cartons, jouets<br \/>\net outils au point de ne plus voir le sol ? Voici comment reprendre<br \/>\nla main pi\u00e8ce par pi\u00e8ce, avec une m\u00e9thode simple et quelques<br \/>\nerreurs \u00e0 ne surtout pas commettre.<\/p>\n<p>Entre les cartons de d\u00e9m\u00e9nagement jamais ouverts, les anciens<br \/>\njouets des enfants, le mat\u00e9riel de sport saisonnier et les outils<br \/>\nen vrac, beaucoup de garages finissent par ressembler \u00e0 une zone de<br \/>\nnon\u2011droit. On y entasse ce qui n\u2019a plus sa place dans la maison,<br \/>\njusqu\u2019au moment o\u00f9 il devient impossible d\u2019y garer la voiture, ni<br \/>\nm\u00eame d\u2019y mettre un pied sans stress. Tout \u00e7a alors que chaque m\u00e8tre<br \/>\ncarr\u00e9 pay\u00e9 au prix fort pourrait servir \u00e0 bien autre chose.<\/p>\n<p>Pourtant, ce volume cach\u00e9 a un vrai potentiel : atelier de<br \/>\nbricolage, coin sport, espace pour un nouveau hobby ou simple zone<br \/>\nde stockage claire et s\u00e9curis\u00e9e. \u00c0 condition de reprendre la main<br \/>\navec une m\u00e9thode simple, quelques accessoires bien choisis et en<br \/>\n\u00e9vitant certains pi\u00e8ges qui font replonger dans le d\u00e9sordre\u2026 Une<br \/>\nfois qu\u2019on a compris lesquels, le regard sur le garage change<br \/>\ncompl\u00e8tement.<\/p>\n<p>Pourquoi d\u00e9sencombrer son garage change vraiment la donne<\/p>\n<p>Pour la sp\u00e9cialiste du rangement Pauline Levasseur, le garage<br \/>\nconcentre tout ce que l\u2019on ne sait plus o\u00f9 mettre : \u00ab\u00a0Dans les<br \/>\ngarages que je dois d\u00e9sencombrer s\u2019entassent souvent les affaires<br \/>\nde b\u00e9b\u00e9, du \u201cpetit dernier\u201d \u00e2g\u00e9 de douze ans, des cartons encore<br \/>\nferm\u00e9s datant du d\u00e9m\u00e9nagement d\u2019il y a trois ans, des choses<br \/>\ncass\u00e9es en attente de r\u00e9paration, des conserves oubli\u00e9es et<br \/>\np\u00e9rim\u00e9es, des meubles d\u00e9mont\u00e9s dont on a oubli\u00e9 la notice, de<br \/>\nvieilles planches gard\u00e9es \u201cau cas o\u00f9\u201d, des affaires de jardin<br \/>\nexil\u00e9es, des outils en vrac, et tout ce dont on se sert<br \/>\noccasionnellement, comme la tente ou les affaires de sport\u2026 Le<br \/>\ngarage n\u2019est pas un d\u00e9barras ! S\u2019il l\u2019est devenu, il est temps<br \/>\nd\u2019agir, ne serait-ce qu\u2019eu \u00e9gard au prix du m\u00e8tre carr\u00e9. Ce n\u2019est<br \/>\npas sorcier : c\u2019est beaucoup de bon sens et un peu d\u2019huile de coude<br \/>\n!\u00a0\u00bb, explique Pauline Levasseur au m\u00e9dia Houzz. Retrouver de la<br \/>\nplace, ce n\u2019est donc pas seulement \u00ab\u00a0faire du tri\u00a0\u00bb : c\u2019est r\u00e9cup\u00e9rer<br \/>\nune vraie pi\u00e8ce fonctionnelle.<\/p>\n<p>Avant de **d\u00e9sencombrer son garage**, mieux vaut se pr\u00e9parer :<br \/>\nchoisir un jour o\u00f9 il fait sec, pr\u00e9voir des b\u00e2ches pour poser les<br \/>\nobjets dehors, des gants, des sacs poubelle solides et plusieurs<br \/>\ncartons pour les cat\u00e9gories \u00ab\u00a0donner\u00a0\u00bb, \u00ab\u00a0vendre\u00a0\u00bb, \u00ab\u00a0recycler\u00a0\u00bb. L\u2019id\u00e9e<br \/>\nest de tout sortir dans l\u2019all\u00e9e ou la cour, de disposer par<br \/>\nfamilles (bricolage, jardin, sport, souvenirs, saisonnier\u2026) et de<br \/>\nd\u00e9cider pour chaque pile ce qui reste et ce qui sort. Ce temps de<br \/>\ntri, un peu physique, est la cl\u00e9 pour repartir sur de bonnes<br \/>\nbases.<\/p>\n<p>Les meilleurs conseils pour d\u00e9sencombrer et organiser son<br \/>\ngarage<\/p>\n<p>Une astuce simple consiste \u00e0 commencer par les objets volumineux<br \/>\n: vieux meubles, gros cartons, appareils hors d\u2019usage, pneus,<br \/>\n\u00e9quipements de sport imposants. Voir le sol r\u00e9appara\u00eetre donne<br \/>\nimm\u00e9diatement de l\u2019\u00e9lan pour continuer. Pendant le tri, posez-vous<br \/>\nsyst\u00e9matiquement trois questions : est\u2011ce que c\u2019est cass\u00e9, est\u2011ce<br \/>\nque c\u2019est en double, est\u2011ce que \u00e7a a une date de p\u00e9remption<br \/>\n(aliment, produit, si\u00e8ge auto, batterie\u2026) ? Tout ce qui est<br \/>\nirr\u00e9parable, p\u00e9rim\u00e9 ou dangereux doit sortir du garage, avec un<br \/>\npassage par les fili\u00e8res de recyclage adapt\u00e9es quand c\u2019est<br \/>\npossible. Pour les doublons (deux souffleurs de feuilles, trois<br \/>\ncaisses d\u2019outils identiques, mat\u00e9riel de camping en triple), un<br \/>\nseul exemplaire suffit g\u00e9n\u00e9ralement, le reste part en don ou en<br \/>\nvide\u2011garage.<\/p>\n<p>Une fois all\u00e9g\u00e9, le lieu peut \u00eatre repens\u00e9. C\u2019est l\u00e0 qu\u2019on passe<br \/>\ndu tri au v\u00e9ritable **rangemet de garage** : dessiner rapidement un<br \/>\nplan aide \u00e0 d\u00e9finir des zones claires (bricolage, jardinage, sport,<br \/>\nstockage saisonnier, conservation alimentaire, etc.). Les objets<br \/>\nlourds ou utilis\u00e9s souvent restent \u00e0 hauteur de main, pr\u00e8s de<br \/>\nl\u2019entr\u00e9e ou de l\u2019\u00e9tabli ; le tr\u00e8s saisonnier (d\u00e9corations de No\u00ebl,<br \/>\naffaires de ski) monte en hauteur sur des \u00e9tag\u00e8res murales ou des<br \/>\nrails au plafond. Des bacs transparents empilables, des crochets<br \/>\npour v\u00e9los et \u00e9chelles, des caisses droites faciles \u00e0 empiler et<br \/>\ndes \u00e9tiquettes lisibles suffisent souvent \u00e0 transformer durablement<br \/>\nl\u2019espace sans exploser le budget. L\u2019essentiel est de profiter de<br \/>\nchaque mur plut\u00f4t que d\u2019encombrer le sol.<\/p>\n<p>Erreurs \u00e0 \u00e9viter pour que votre garage<br \/>\nreste vraiment d\u00e9sencombr\u00e9<\/p>\n<p>Certaines habitudes sabotent tous les efforts pour **organiser<br \/>\nson garage**. Mieux vaut les rep\u00e9rer t\u00f4t. Tenter de tout r\u00e9gler en<br \/>\nune seule journ\u00e9e est l\u2019un des principaux pi\u00e8ges : on se d\u00e9courage,<br \/>\non abandonne au milieu, et le bazar revient aussit\u00f4t. Autre r\u00e9flexe<br \/>\npi\u00e9geux, garder des objets \u00ab\u00a0au cas o\u00f9\u00a0\u00bb alors qu\u2019ils n\u2019ont pas servi<br \/>\ndepuis des ann\u00e9es : vieux \u00e9quipements sportifs, petits meubles<br \/>\nab\u00eem\u00e9s, appareils dont les pi\u00e8ces manquent. Une r\u00e8gle simple peut<br \/>\naider : si un objet se remplace rapidement et pour un co\u00fbt<br \/>\nraisonnable, qu\u2019il n\u2019a pas servi depuis longtemps et n\u2019a pas de<br \/>\nvaleur sentimentale, il n\u2019a peut\u2011\u00eatre plus sa place dans le garage.<br \/>\nAcheter des montagnes de bo\u00eetes avant d\u2019avoir tri\u00e9 est tout aussi<br \/>\nrisqu\u00e9 : on range le d\u00e9sordre au lieu de le r\u00e9duire.<\/p>\n<p>Pour \u00e9viter de retomber dans ces travers, l\u2019id\u00e9al est de<br \/>\nprogrammer un entretien r\u00e9gulier : un quart d\u2019heure par mois pour<br \/>\nv\u00e9rifier une \u00e9tag\u00e8re, vider un carton, jeter ce qui est cass\u00e9 ou<br \/>\np\u00e9rim\u00e9, suffit souvent \u00e0 garder le contr\u00f4le. On peut afficher un<br \/>\npetit calendrier au mur du garage pour s\u2019y tenir, et fixer quelques<br \/>\nr\u00e8gles simples pour toute la famille : tout ce qui entre doit avoir<br \/>\nune place d\u00e9finie, on ne pose plus rien \u00ab\u00a0temporairement\u00a0\u00bb au milieu<br \/>\ndu passage, et pour chaque nouvelle chose stock\u00e9e, une autre sort.<br \/>\nAvec ces r\u00e9flexes, l\u2019espace reste clair, pr\u00eat pour la voiture\u2026 ou<br \/>\npour le prochain projet qui vous tient vraiment \u00e0 coeur.<\/p>\n","protected":false},"excerpt":{"rendered":"Votre garage d\u00e9borde de cartons, jouets et outils au point de ne plus voir le sol ? Voici&hellip;\n","protected":false},"author":2,"featured_media":584925,"comment_status":"","ping_status":"","sticky":false,"template":"","format":"standard","meta":{"footnotes":""},"categories":[6],"tags":[9857,69840,36744,35,33,34,1011,27,27351,49561],"class_list":{"0":"post-584924","1":"post","2":"type-post","3":"status-publish","4":"format-standard","5":"has-post-thumbnail","7":"category-economie","8":"tag-amenagement","9":"tag-apprendre-a-organiser-son-interieur","10":"tag-astuces","11":"tag-business","12":"tag-economie","13":"tag-economy","14":"tag-fr","15":"tag-france","16":"tag-garage","17":"tag-rangement"},"share_on_mastodon":{"url":"https:\/\/pubeurope.com\/@fr\/115680191706634988","error":""},"_links":{"self":[{"href":"https:\/\/www.europesays.com\/fr\/wp-json\/wp\/v2\/posts\/584924","targetHints":{"allow":["GET"]}}],"collection":[{"href":"https:\/\/www.europesays.com\/fr\/wp-json\/wp\/v2\/posts"}],"about":[{"href":"https:\/\/www.europesays.com\/fr\/wp-json\/wp\/v2\/types\/post"}],"author":[{"embeddable":true,"href":"https:\/\/www.europesays.com\/fr\/wp-json\/wp\/v2\/users\/2"}],"replies":[{"embeddable":true,"href":"https:\/\/www.europesays.com\/fr\/wp-json\/wp\/v2\/comments?post=584924"}],"version-history":[{"count":0,"href":"https:\/\/www.europesays.com\/fr\/wp-json\/wp\/v2\/posts\/584924\/revisions"}],"wp:featuredmedia":[{"embeddable":true,"href":"https:\/\/www.europesays.com\/fr\/wp-json\/wp\/v2\/media\/584925"}],"wp:attachment":[{"href":"https:\/\/www.europesays.com\/fr\/wp-json\/wp\/v2\/media?parent=584924"}],"wp:term":[{"taxonomy":"category","embeddable":true,"href":"https:\/\/www.europesays.com\/fr\/wp-json\/wp\/v2\/categories?post=584924"},{"taxonomy":"post_tag","embeddable":true,"href":"https:\/\/www.europesays.com\/fr\/wp-json\/wp\/v2\/tags?post=584924"}],"curies":[{"name":"wp","href":"https:\/\/api.w.org\/{rel}","templated":true}]}}