{"id":584928,"date":"2025-12-07T20:34:11","date_gmt":"2025-12-07T20:34:11","guid":{"rendered":"https:\/\/www.europesays.com\/fr\/584928\/"},"modified":"2025-12-07T20:34:11","modified_gmt":"2025-12-07T20:34:11","slug":"quand-hinaupoko-deveze-tournait-dans-un-clip-des-rappeurs-koba-lad-et-naps","status":"publish","type":"post","link":"https:\/\/www.europesays.com\/fr\/584928\/","title":{"rendered":"quand Hinaupoko Dev\u00e8ze tournait dans un clip des rappeurs Koba LaD et Naps"},"content":{"rendered":"<p class=\"article-p mdl\">Nombreux sont les Fran\u00e7ais qui ont d\u00e9couvert\u00a0<a class=\"link\" href=\"https:\/\/www.rtl.fr\/culture\/medias-people\/miss-france-2026-qui-est-hinaupoko-deveze-miss-tahiti-7900574928\" title=\"Miss France 2026 : qui est Hinaupoko Dev\u00e8ze, Miss Tahiti ?\" target=\"_blank\" rel=\"noopener\">Hinaupoko Dev\u00e8ze<\/a>\u00a0\u00e0 l&rsquo;occasion de<a class=\"link\" href=\"https:\/\/www.rtl.fr\/culture\/medias-people\/en-direct-miss-france-2026-suivez-la-ceremonie-decouvrez-les-portraits-et-la-gagnante-7900574884\" title=\"Miss France 2026 : Hinaupoko Dev\u00e8ze, Miss Tahiti, sacr\u00e9e\" target=\"_blank\" rel=\"noopener\"> la c\u00e9r\u00e9monie de Miss France 2026<\/a>, ce samedi 6 d\u00e9cembre 2025. Mais quelques t\u00e9l\u00e9spectateurs bien attentifs ont remarqu\u00e9 que la nouvelle reine de beaut\u00e9 avait d\u00e9j\u00e0 fait une apparition furtive au (tr\u00e8s) petit \u00e9cran il y a quelques ann\u00e9es.<\/p>\n<p class=\"article-p mdl\">Miss Tahiti a effectivement particip\u00e9 au tournage du clip de la chanson Doudou, interpr\u00e9t\u00e9e en duo par les rappeurs\u00a0<a class=\"link\" href=\"https:\/\/www.rtl.fr\/actu\/justice-faits-divers\/affaire-koba-lad-le-rappeur-condamne-a-six-ans-de-prison-ferme-7900519276\" title=\"Affaire Koba LaD : le rappeur condamn\u00e9 \u00e0 six ans de prison ferme\" target=\"_blank\" rel=\"noopener\">Koba LaD<\/a>\u00a0et\u00a0<a class=\"link\" href=\"https:\/\/www.rtl.fr\/actu\/debats-societe\/le-rappeur-naps-mis-en-examen-pour-viols-et-agressions-sexuelles-7900406668\" title=\"Le rappeur Naps mis en examen pour viols et agressions sexuelles\" target=\"_blank\" rel=\"noopener\">Naps<\/a>. Sorti en d\u00e9cembre 2021 sur YouTube, le clip cumule \u00e0 ce jour quasiment <strong>80 millions de visionnages<\/strong>.<\/p>\n<p class=\"article-p mdl\">Lors de ses \u00e9tudes de droit et de psychologie, Hinaupoko Dev\u00e8ze, aujourd&rsquo;hui \u00e2g\u00e9e de 23 ans, a fait du mannequinat. C&rsquo;est \u00e0 ce moment-l\u00e0 qu&rsquo;elle a notamment particip\u00e9 en tant que figurante au tournage de ce clip de rap, qui a rencontr\u00e9 un grand succ\u00e8s \u00e0 l&rsquo;\u00e9poque.<\/p>\n<\/p>\n<p class=\"article-p mdl\">\u00ab\u00a0C&rsquo;\u00e9tait une exp\u00e9rience sympa, les gens en ont fait un buzz, je n&rsquo;ai pas trop compris pourquoi\u00a0\u00bb, a r\u00e9agi la nouvelle Miss France aupr\u00e8s de T\u00e9l\u00e9 Loisirs, r\u00e9pondant \u00e0 un d\u00e9but de pol\u00e9mique sur sa pr\u00e9sence dans ce clip.<\/p>\n<p class=\"article-p mdl\">\u00ab\u00a0La figuration, l\u2019acting j\u2019aimerais bien en refaire.\u00a0De base je suis mannequin et mod\u00e8le photo et j\u2019avais l\u2019opportunit\u00e9 quand j\u2019avais 19 ans de participer \u00e0 ce clip, je me suis dit pourquoi pas, j\u2019\u00e9tais en pleines \u00e9tudes de droit, c\u2019\u00e9tait juste deux jours de tournage. Quand on me l\u2019a propos\u00e9, j\u2019ai appel\u00e9 le r\u00e9alisateur et je lui ai dit\u00a0&lsquo;Tu m\u2019assures que si jamais un jour je me pr\u00e9sente \u00e0 un concours de Miss, \u00e7a ne me p\u00e9nalisera pas&rsquo;. Moi je ne l\u2019ai jamais cach\u00e9, les gens s\u2019en sont un petit peu empar\u00e9s. Je l\u2019ai fait avec mon pr\u00e9nom fran\u00e7ais qui est C\u00e9line, c\u2019est commun que les Polyn\u00e9siens aient un pr\u00e9nom fran\u00e7ais et un polyn\u00e9sien. Par fiert\u00e9 et reconnaissance de nos racines, on utilise notre pr\u00e9nom Polyn\u00e9sien quand on est \u00e0 Tahiti.\u00a0\u00bb<\/p>\n<p>        \u00c0 \u00e9couter<\/p>\n<p class=\"col-12 col-md-11\">\n<p>                                \u00ab\u00a0Je suis encore sur mon nuage\u00a0\u00bb : Miss France 2026 r\u00e9agit au micro de RTL apr\u00e8s son sacre\n                        <\/p>\n<p class=\"article-p mdl\"><a class=\"link\" href=\"https:\/\/www.rtl.fr\/actu\/justice-faits-divers\/affaire-koba-lad-le-rappeur-condamne-a-six-ans-de-prison-ferme-7900519276\" title=\"Affaire Koba LaD : le rappeur condamn\u00e9 \u00e0 six ans de prison ferme\" target=\"_blank\" rel=\"noopener\">Le rappeur Koba LaD est actuellement incarc\u00e9r\u00e9<\/a>\u00a0au centre p\u00e9nitentiaire de Meaux Chauconin-Neufmontiers (Seine-et-Marne), purgeant une peine de <strong>six ans de prison<\/strong>\u00a0pour un accident de la route.<\/p>\n<p class=\"article-p mdl\">Au volant et test\u00e9 positif au cannabis,<a class=\"link\" href=\"https:\/\/www.rtl.fr\/actu\/justice-faits-divers\/affaire-koba-lad-je-suis-devaste-raconte-le-rappeur-apres-l-accident-mortel-a-creteil-7900417829\" title=\"Affaire Koba LaD : &quot;Je suis d\u00e9vast\u00e9&quot;, raconte le rappeur apr\u00e8s l&#039;accident mortel \u00e0 Cr\u00e9teil\" target=\"_blank\" rel=\"noopener\"> il avait percut\u00e9 \u00e0 grande vitesse un camion \u00e0 l&rsquo;arr\u00eat<\/a>\u00a0sur une bretelle de sortie en septembre 2024. Son passager avant, William Dogbey, 30 ans, un ami proche, avait \u00e9t\u00e9 tu\u00e9.<\/p>\n<p class=\"article-p mdl\"><a class=\"link\" href=\"https:\/\/www.rtl.fr\/actu\/debats-societe\/le-rappeur-naps-mis-en-examen-pour-viols-et-agressions-sexuelles-7900406668\" title=\"Le rappeur Naps mis en examen pour viols et agressions sexuelles\" target=\"_blank\" rel=\"noopener\">Le rappeur Naps,<\/a>\u00a0quant \u00e0 lui, sera jug\u00e9 du 16 au 19 f\u00e9vrier 2026. Il est soup\u00e7onn\u00e9 d&rsquo;avoir viol\u00e9 une femme pendant son sommeil \u00e0 l&rsquo;automne 2021 \u00e0 Paris, accusation qu&rsquo;il nie.<\/p>\n<p>    La r\u00e9daction vous recommande<\/p>\n<p class=\"s-newsletter__title\">\n                L\u2019actualit\u00e9 par la r\u00e9daction de RTL dans votre bo\u00eete mail.\n            <\/p>\n<p class=\"s-newsletter__subtitle\">\n                Gr\u00e2ce \u00e0 votre compte RTL abonnez-vous \u00e0 la newsletter RTL info pour suivre toute l&rsquo;actualit\u00e9 au quotidien\n            <\/p>\n<p>\n                                    Lire la suite\n                                <\/p>\n","protected":false},"excerpt":{"rendered":"Nombreux sont les Fran\u00e7ais qui ont d\u00e9couvert\u00a0Hinaupoko Dev\u00e8ze\u00a0\u00e0 l&rsquo;occasion de la c\u00e9r\u00e9monie de Miss France 2026, ce samedi&hellip;\n","protected":false},"author":2,"featured_media":584929,"comment_status":"","ping_status":"","sticky":false,"template":"","format":"standard","meta":{"footnotes":""},"categories":[4],"tags":[11,1011,27,3034,873,12,3616,25,2784],"class_list":{"0":"post-584928","1":"post","2":"type-post","3":"status-publish","4":"format-standard","5":"has-post-thumbnail","7":"category-france","8":"tag-actualites","9":"tag-fr","10":"tag-france","11":"tag-miss-france","12":"tag-musique","13":"tag-news","14":"tag-rap","15":"tag-republique-francaise","16":"tag-youtube"},"share_on_mastodon":{"url":"https:\/\/pubeurope.com\/@fr\/115680199798223812","error":""},"_links":{"self":[{"href":"https:\/\/www.europesays.com\/fr\/wp-json\/wp\/v2\/posts\/584928","targetHints":{"allow":["GET"]}}],"collection":[{"href":"https:\/\/www.europesays.com\/fr\/wp-json\/wp\/v2\/posts"}],"about":[{"href":"https:\/\/www.europesays.com\/fr\/wp-json\/wp\/v2\/types\/post"}],"author":[{"embeddable":true,"href":"https:\/\/www.europesays.com\/fr\/wp-json\/wp\/v2\/users\/2"}],"replies":[{"embeddable":true,"href":"https:\/\/www.europesays.com\/fr\/wp-json\/wp\/v2\/comments?post=584928"}],"version-history":[{"count":0,"href":"https:\/\/www.europesays.com\/fr\/wp-json\/wp\/v2\/posts\/584928\/revisions"}],"wp:featuredmedia":[{"embeddable":true,"href":"https:\/\/www.europesays.com\/fr\/wp-json\/wp\/v2\/media\/584929"}],"wp:attachment":[{"href":"https:\/\/www.europesays.com\/fr\/wp-json\/wp\/v2\/media?parent=584928"}],"wp:term":[{"taxonomy":"category","embeddable":true,"href":"https:\/\/www.europesays.com\/fr\/wp-json\/wp\/v2\/categories?post=584928"},{"taxonomy":"post_tag","embeddable":true,"href":"https:\/\/www.europesays.com\/fr\/wp-json\/wp\/v2\/tags?post=584928"}],"curies":[{"name":"wp","href":"https:\/\/api.w.org\/{rel}","templated":true}]}}