{"id":584932,"date":"2025-12-07T20:36:42","date_gmt":"2025-12-07T20:36:42","guid":{"rendered":"https:\/\/www.europesays.com\/fr\/584932\/"},"modified":"2025-12-07T20:36:42","modified_gmt":"2025-12-07T20:36:42","slug":"chez-chocolat-des-princes-noel-se-prepare-des-aout","status":"publish","type":"post","link":"https:\/\/www.europesays.com\/fr\/584932\/","title":{"rendered":"chez Chocolat des princes, No\u00ebl se pr\u00e9pare d\u00e8s ao\u00fbt"},"content":{"rendered":"<p>Ici, des noisettes du Pi\u00e9mont sont concass\u00e9es. L\u00e0, l\u2019ancestrale broyeuse affine le pralin\u00e9. Sur le tapis de l\u2019enrobeuse, des morceaux de ganache passent sous une cascade de chocolat, avant d\u2019\u00eatre roul\u00e9s \u00e0 la main dans le sucre glace. Dans l\u2019espace de stockage, les \u00e9tag\u00e8res d\u00e9bordent de confiseries, pr\u00eates \u00e0 \u00eatre exp\u00e9di\u00e9es.<\/p>\n<p>Chez Chocolat des princes, No\u00ebl a une longueur d\u2019avance. La chocolaterie install\u00e9e \u00e0 La Tour-en-Jarez pr\u00e9pare les f\u00eates de fin d\u2019ann\u00e9e depuis un moment. En ao\u00fbt, une cinquantaine de saisonniers ont \u00e9t\u00e9 embauch\u00e9s, en plus des 25 salari\u00e9s permanents, pour assurer la production.<\/p>\n<p>No\u00ebl, c\u2019est 85\u00a0% du chiffre d\u2019affaires<\/p>\n<p>La fabrication des chocolats de No\u00ebl suit un planning bien pr\u00e9cis. D\u2019abord ceux qui se conservent le plus longtemps, \u00e0 base de liqueurs ou de fruits confits. Puis les plus&#8230;<\/p>\n","protected":false},"excerpt":{"rendered":"Ici, des noisettes du Pi\u00e9mont sont concass\u00e9es. L\u00e0, l\u2019ancestrale broyeuse affine le pralin\u00e9. Sur le tapis de l\u2019enrobeuse,&hellip;\n","protected":false},"author":2,"featured_media":584933,"comment_status":"","ping_status":"","sticky":false,"template":"","format":"standard","meta":{"footnotes":""},"categories":[9653],"tags":[1111,11,2430,33,7539,1777,674,107,1011,27,36355,3367,12,25,4001,9664,216],"class_list":{"0":"post-584932","1":"post","2":"type-post","3":"status-publish","4":"format-standard","5":"has-post-thumbnail","7":"category-saint-etienne","8":"tag-actu","9":"tag-actualites","10":"tag-auvergne-rhone-alpes","11":"tag-economie","12":"tag-edition-loire-sud","13":"tag-eu","14":"tag-europe","15":"tag-fil-info","16":"tag-fr","17":"tag-france","18":"tag-la-tour-en-jarez","19":"tag-loire","20":"tag-news","21":"tag-republique-francaise","22":"tag-saint-etienne","23":"tag-saint-etienne-bassin","24":"tag-vie-des-entreprises"},"share_on_mastodon":{"url":"https:\/\/pubeurope.com\/@fr\/115680207383043750","error":""},"_links":{"self":[{"href":"https:\/\/www.europesays.com\/fr\/wp-json\/wp\/v2\/posts\/584932","targetHints":{"allow":["GET"]}}],"collection":[{"href":"https:\/\/www.europesays.com\/fr\/wp-json\/wp\/v2\/posts"}],"about":[{"href":"https:\/\/www.europesays.com\/fr\/wp-json\/wp\/v2\/types\/post"}],"author":[{"embeddable":true,"href":"https:\/\/www.europesays.com\/fr\/wp-json\/wp\/v2\/users\/2"}],"replies":[{"embeddable":true,"href":"https:\/\/www.europesays.com\/fr\/wp-json\/wp\/v2\/comments?post=584932"}],"version-history":[{"count":0,"href":"https:\/\/www.europesays.com\/fr\/wp-json\/wp\/v2\/posts\/584932\/revisions"}],"wp:featuredmedia":[{"embeddable":true,"href":"https:\/\/www.europesays.com\/fr\/wp-json\/wp\/v2\/media\/584933"}],"wp:attachment":[{"href":"https:\/\/www.europesays.com\/fr\/wp-json\/wp\/v2\/media?parent=584932"}],"wp:term":[{"taxonomy":"category","embeddable":true,"href":"https:\/\/www.europesays.com\/fr\/wp-json\/wp\/v2\/categories?post=584932"},{"taxonomy":"post_tag","embeddable":true,"href":"https:\/\/www.europesays.com\/fr\/wp-json\/wp\/v2\/tags?post=584932"}],"curies":[{"name":"wp","href":"https:\/\/api.w.org\/{rel}","templated":true}]}}