{"id":584936,"date":"2025-12-07T20:41:21","date_gmt":"2025-12-07T20:41:21","guid":{"rendered":"https:\/\/www.europesays.com\/fr\/584936\/"},"modified":"2025-12-07T20:41:21","modified_gmt":"2025-12-07T20:41:21","slug":"premiere-defaite-pour-wilfried-nancy-a-glasgow-scottish-premiership-j16-celtic-hearts-1-2","status":"publish","type":"post","link":"https:\/\/www.europesays.com\/fr\/584936\/","title":{"rendered":"Premi\u00e8re d\u00e9faite pour Wilfried Nancy \u00e0 Glasgow &#8211; Scottish Premiership &#8211; J16 &#8211; Celtic-Hearts (1-2)"},"content":{"rendered":"<p>Faux d\u00e9part.<\/p>\n<p><a target=\"_blank\" href=\"https:\/\/www.sofoot.com\/breves\/ecosse-le-celtic-choisit-un-francais-wilfried-nancy-comme-entra%C3%AEneur\" rel=\"noopener\">Nomm\u00e9 \u00e0 la t\u00eate du Celtic en milieu de semaine<\/a>, Wilfried Nancy savait que son premier match sur le banc du champion d\u2019\u00c9cosse ne serait pas une partie de plaisir. Les Bhoys recevaient ce dimanche le leader du championnat, Heart of Midlothian, avec l\u2019objectif de chiper la premi\u00e8re place. Leur adversaire avait une autre id\u00e9e, et Claudio Braga <strong>(0-1, 43e)<\/strong> puis Oisin McEntee <strong>(0-2, 64e)<\/strong> ont jet\u00e9 un froid glacial sur le Celtic Park. Kieran Tierney a r\u00e9duit le score dans le temps additionnel, mais trop tard pour que le Celtic arrache le nul <strong>(1-2, 90e+3)<\/strong>.<\/p>\n<p>Battu par les Hearts pour la deuxi\u00e8me fois de la saison apr\u00e8s leur chute \u00e0 Tynecastle le 26 octobre (3-1), le Celtic reste deuxi\u00e8me du championnat. Il n\u2019y a pas encore le feu, puisque les Hoops ne comptent que trois points de retard sur le leader, et un match en retard. Wilfried Nancy aura deux occasions de d\u00e9bloquer son compteur de victoire lors de la semaine \u00e0 venir, jeudi contre la Roma, ou dimanche, en finale de la Coupe de la Ligue, face \u00e0 St Mirren.<\/p>\n<p>L\u2019avenir du made in France en d\u00e9pend.<\/p>\n<p>\t\t\t\t\t\t\t\t\t\t<a class=\"lien-connexe\" href=\"https:\/\/www.sofoot.com\/breves\/ecosse-et-si-les-hearts-stoppaient-lhegemonie-du-celtic-et-des-rangers\" target=\"_blank\" rel=\"noopener\">Et si l\u2019h\u00e9g\u00e9monie du Celtic et des Rangers s\u2019arr\u00eatait en \u00c9cosse\u202f?<\/a>\t\t\t\t\t<\/p>\n","protected":false},"excerpt":{"rendered":"Faux d\u00e9part. Nomm\u00e9 \u00e0 la t\u00eate du Celtic en milieu de semaine, Wilfried Nancy savait que son premier&hellip;\n","protected":false},"author":2,"featured_media":584937,"comment_status":"","ping_status":"","sticky":false,"template":"","format":"standard","meta":{"footnotes":""},"categories":[9635],"tags":[1111,47,11,61,69,65,64,1777,674,63,1011,27,775,68,66,1702,12,62,70,25,67],"class_list":{"0":"post-584936","1":"post","2":"type-post","3":"status-publish","4":"format-standard","5":"has-post-thumbnail","7":"category-nancy","8":"tag-actu","9":"tag-actualite","10":"tag-actualites","11":"tag-actus-football","12":"tag-bundesliga","13":"tag-championnats-europeens","14":"tag-equipe-de-france","15":"tag-eu","16":"tag-europe","17":"tag-football","18":"tag-fr","19":"tag-france","20":"tag-grand-est","21":"tag-ligua","22":"tag-ligue-1","23":"tag-nancy","24":"tag-news","25":"tag-news-foot","26":"tag-premier-league","27":"tag-republique-francaise","28":"tag-serie-a"},"share_on_mastodon":{"url":"https:\/\/pubeurope.com\/@fr\/115680227036980951","error":""},"_links":{"self":[{"href":"https:\/\/www.europesays.com\/fr\/wp-json\/wp\/v2\/posts\/584936","targetHints":{"allow":["GET"]}}],"collection":[{"href":"https:\/\/www.europesays.com\/fr\/wp-json\/wp\/v2\/posts"}],"about":[{"href":"https:\/\/www.europesays.com\/fr\/wp-json\/wp\/v2\/types\/post"}],"author":[{"embeddable":true,"href":"https:\/\/www.europesays.com\/fr\/wp-json\/wp\/v2\/users\/2"}],"replies":[{"embeddable":true,"href":"https:\/\/www.europesays.com\/fr\/wp-json\/wp\/v2\/comments?post=584936"}],"version-history":[{"count":0,"href":"https:\/\/www.europesays.com\/fr\/wp-json\/wp\/v2\/posts\/584936\/revisions"}],"wp:featuredmedia":[{"embeddable":true,"href":"https:\/\/www.europesays.com\/fr\/wp-json\/wp\/v2\/media\/584937"}],"wp:attachment":[{"href":"https:\/\/www.europesays.com\/fr\/wp-json\/wp\/v2\/media?parent=584936"}],"wp:term":[{"taxonomy":"category","embeddable":true,"href":"https:\/\/www.europesays.com\/fr\/wp-json\/wp\/v2\/categories?post=584936"},{"taxonomy":"post_tag","embeddable":true,"href":"https:\/\/www.europesays.com\/fr\/wp-json\/wp\/v2\/tags?post=584936"}],"curies":[{"name":"wp","href":"https:\/\/api.w.org\/{rel}","templated":true}]}}