{"id":584940,"date":"2025-12-07T20:44:10","date_gmt":"2025-12-07T20:44:10","guid":{"rendered":"https:\/\/www.europesays.com\/fr\/584940\/"},"modified":"2025-12-07T20:44:10","modified_gmt":"2025-12-07T20:44:10","slug":"ref-bikes-sinstalle-a-montpellier-et-mise-sur-le-marche-du-velo-dentreprise","status":"publish","type":"post","link":"https:\/\/www.europesays.com\/fr\/584940\/","title":{"rendered":"REF Bikes s\u2019installe \u00e0 Montpellier et mise sur le march\u00e9 du v\u00e9lo d\u2019entreprise"},"content":{"rendered":"<p>C\u2019est une premi\u00e8re pour REF Bikes. Le fabricant lyonnais de v\u00e9los modulaires ouvre son premier \u00e9tablissement hors de la Cit\u00e9 des Gones et s\u2019implante \u00e0 Montpellier, rue Louis L\u00e9pine, avec un atelier de 200 m\u00b2 et un espace showroom. L\u2019entreprise y exposera notamment les mod\u00e8les brevet\u00e9s Plug\u2019n\u2019go, une innovation qui permet de transformer radicalement un v\u00e9lo sans remplacer sa structure porteuse. \u00ab\u00a0Un v\u00e9lo urbain peut devenir un v\u00e9lo cargo \u00e9lectrique, puis un gravel sportif\u00a0\u00bb, illustre l\u2019entreprise.<\/p>\n<p>Le choix de Montpellier est un retour aux sources pour Romain et Alain Segura, cofondateurs de REF Bikes et tous deux originaires de la capitale h\u00e9raultaise. \u00ab\u00a0La ville d\u00e9veloppe actuellement une politique volontariste en faveur du v\u00e9lo, avec plus de 200 kilom\u00e8tres de pistes cyclables et un objectif de forte extension du r\u00e9seau d\u2019ici 2030. Montpellier pr\u00e9sente un \u00e9cosyst\u00e8me favorable\u00a0: des entreprises innovantes sensibles aux enjeux RSE, une d\u00e9mographie dynamique et des infrastructures cyclables en forte progression\u00a0\u00bb, explique Romain Segura, pr\u00e9sident de REF Bikes. \u00ab\u00a0Nous d\u00e9veloppons de nouveaux mod\u00e8les, notamment des v\u00e9los porteurs cargo et longtail destin\u00e9s aux familles et aux usages professionnels. \u00c0 long terme, notre ambition est de devenir la r\u00e9f\u00e9rence du v\u00e9lo d\u2019entreprise en Occitanie, puis de d\u00e9ployer notre mod\u00e8le dans d\u2019autres r\u00e9gions.\u00a0\u00bb<\/p>\n<p>V\u00e9los de fonction <\/p>\n<p>R\u00e9duction de l\u2019empreinte carbone, \u00e9conomies, gain de temps pour les collaborateurs&#8230; \u00ab\u00a0Nous concentrons nos efforts sur le march\u00e9 BtoB, qui joue un r\u00f4le cl\u00e9 dans la transition des mobilit\u00e9s en mettant \u00e0 la disposition des entreprises des v\u00e9los de fonction. Ils sont propos\u00e9s au salari\u00e9 pour les trajets domicile-travail, avec un usage personnel autoris\u00e9\u00a0\u00bb, explique Romain Segura. Le fabricant de v\u00e9los d\u00e9ploie REF Flex, un abonnement \u00ab\u00a0qui permet \u00e0 l\u2019entreprise de r\u00e9silier ou ajuster sa flotte au bout de douze mois, et ce \u00e0 moindre frais\u00a0\u00bb, appuie Romain Segura. L\u2019int\u00e9r\u00eat pour les entreprises\u00a0? \u00ab\u00a0B\u00e9n\u00e9ficier de tarifs avantageux, conserver de la flexibilit\u00e9 en cas de d\u00e9part d\u2019un salari\u00e9, d\u2019\u00e9volution des usages ou de changement des besoins de mobilit\u00e9 et pouvoir accompagner la croissance ou les variations d\u2019effectifs\u00a0\u00bb, \u00e9num\u00e8re Romain Segura.<\/p>\n<p>Parmi les entreprises \u00e9quip\u00e9es par REF Bikes\u00a0: Sungrow, Meritis, BSecure, Fauchon, Thalasso La Grande Motte, Cuisinella, ainsi que de nombreuses professions lib\u00e9rales. REF Bikes, qui emploie quatre salari\u00e9s, r\u00e9alise 300.000 euros de chiffre d\u2019affaires et cible le million d\u2019euros pour 2026.  <br class=\"autobr\"\/><br \/>\nAm\u00e9lie Cazalet<\/p>\n<p>Sur la photo\u00a0: Montpellier d\u00e9veloppe actuellement une politique volontariste en faveur du v\u00e9lo, avec plus de 200 kilom\u00e8tres de pistes cyclables Cr\u00e9dit\u00a0: DR.<\/p>\n","protected":false},"excerpt":{"rendered":"C\u2019est une premi\u00e8re pour REF Bikes. Le fabricant lyonnais de v\u00e9los modulaires ouvre son premier \u00e9tablissement hors de&hellip;\n","protected":false},"author":2,"featured_media":584941,"comment_status":"","ping_status":"","sticky":false,"template":"","format":"standard","meta":{"footnotes":""},"categories":[9599],"tags":[1111,11,1777,674,1011,27,5701,1137,4847,2208,12,2680,25,69841,208],"class_list":{"0":"post-584940","1":"post","2":"type-post","3":"status-publish","4":"format-standard","5":"has-post-thumbnail","7":"category-montpellier","8":"tag-actu","9":"tag-actualites","10":"tag-eu","11":"tag-europe","12":"tag-fr","13":"tag-france","14":"tag-innovation","15":"tag-mobilite","16":"tag-mobilite-douce","17":"tag-montpellier","18":"tag-news","19":"tag-occitanie","20":"tag-republique-francaise","21":"tag-tres-petite-entreprise","22":"tag-velo"},"share_on_mastodon":{"url":"https:\/\/pubeurope.com\/@fr\/115680238928678066","error":""},"_links":{"self":[{"href":"https:\/\/www.europesays.com\/fr\/wp-json\/wp\/v2\/posts\/584940","targetHints":{"allow":["GET"]}}],"collection":[{"href":"https:\/\/www.europesays.com\/fr\/wp-json\/wp\/v2\/posts"}],"about":[{"href":"https:\/\/www.europesays.com\/fr\/wp-json\/wp\/v2\/types\/post"}],"author":[{"embeddable":true,"href":"https:\/\/www.europesays.com\/fr\/wp-json\/wp\/v2\/users\/2"}],"replies":[{"embeddable":true,"href":"https:\/\/www.europesays.com\/fr\/wp-json\/wp\/v2\/comments?post=584940"}],"version-history":[{"count":0,"href":"https:\/\/www.europesays.com\/fr\/wp-json\/wp\/v2\/posts\/584940\/revisions"}],"wp:featuredmedia":[{"embeddable":true,"href":"https:\/\/www.europesays.com\/fr\/wp-json\/wp\/v2\/media\/584941"}],"wp:attachment":[{"href":"https:\/\/www.europesays.com\/fr\/wp-json\/wp\/v2\/media?parent=584940"}],"wp:term":[{"taxonomy":"category","embeddable":true,"href":"https:\/\/www.europesays.com\/fr\/wp-json\/wp\/v2\/categories?post=584940"},{"taxonomy":"post_tag","embeddable":true,"href":"https:\/\/www.europesays.com\/fr\/wp-json\/wp\/v2\/tags?post=584940"}],"curies":[{"name":"wp","href":"https:\/\/api.w.org\/{rel}","templated":true}]}}