{"id":584947,"date":"2025-12-07T20:53:32","date_gmt":"2025-12-07T20:53:32","guid":{"rendered":"https:\/\/www.europesays.com\/fr\/584947\/"},"modified":"2025-12-07T20:53:32","modified_gmt":"2025-12-07T20:53:32","slug":"nationale-albi-leader-costaud-rennes-ne-sait-pas-enchainer-ce-quil-faut-retenir-de-la-13e-journee","status":"publish","type":"post","link":"https:\/\/www.europesays.com\/fr\/584947\/","title":{"rendered":"Nationale \u2013 Albi leader costaud, Rennes ne sait pas encha\u00eener\u2026 Ce qu\u2019il faut retenir de la 13e journ\u00e9e"},"content":{"rendered":"<p>\n                Alors que la 13e journ\u00e9e de nationale vient de se jouer, Albi a affirm\u00e9 son statut de cador de la division, notamment gr\u00e2ce \u00e0 un magnifique geste de leur ouvreur. Les Rennais n\u2019arrivent, eux, toujours pas \u00e0 encha\u00eener. Tout savoir sur ce treizi\u00e8me \u00e9pisode.\n            <\/p>\n<ul>\n<li>\n\tTh\u00e9o Vidal sur un plateau\n\t<\/li>\n<\/ul>\n<p>Dans ce choc de la Nationale entre Albi et P\u00e9rigueux ce sont les Tarnais qui sont sortis victorieux. Dans une rencontre longtemps serr\u00e9e, le SCA a su se d\u00e9tacher peu apr\u00e8s la pause gr\u00e2ce \u00e0 une magnifique passe au pied de son ouvreur. Th\u00e9o Vidal a profit\u00e9 de l\u2019avanc\u00e9e des siens pour envoyer une grande passe au pied \u00e0 son troisi\u00e8me ligne Matt\u00e9o Coustalat. Ce dernier n\u2019avait plus qu\u2019\u00e0 aplatir pour donner l\u2019avantage aux siens (17-6 apr\u00e8s la transformation).<\/p>\n<p>Les Bretons ont laiss\u00e9 passer une belle occasion d\u2019enfin encha\u00eener deux succ\u00e8s cette saison. Apr\u00e8s leur victoire contre Tarbes, les Rennais recevaient Nice et pouvaient donc croire \u00e0 une nouvelle victoire. Mais face aux Ni\u00e7ois, ils ont subi la loi du plus fort. Actuellement 10e de la division, les Bretons n\u2019ont toujours pas encha\u00een\u00e9 deux victoires et devront faire fort \u00e0 P\u00e9rigueux d\u00e8s le week-end prochain.<\/p>\n<ul>\n<li>\n\t\u00ab\u00a0Le score est s\u00e9v\u00e8re \u00e0 mon go\u00fbt\u00a0\u00bb\n\t<\/li>\n<\/ul>\n<p><strong>Damien Neveu (Niort)<\/strong>\u00a0: \u00ab\u00a0On a \u00e9t\u00e9 g\u00e9n\u00e9reux et solidaires, mais on paie au prix fort nos erreurs. On<br \/>est une \u00e9quipe en apprentissage. Sur quelques moments cl\u00e9 on n\u2019a pas su prendre les bonnes<br \/>d\u00e9cisions. On a trop jou\u00e9 dans notre camp et on s\u2019est expos\u00e9s, eux ont \u00e9t\u00e9 r\u00e9alistes m\u00eame si le<br \/>score est s\u00e9v\u00e8re \u00e0 mon go\u00fbt.\u00a0\u00bb<\/p>\n<p><strong>Johan Paulet (entra\u00eeneurs des arri\u00e8res de Tarbes)<\/strong>\u00a0: \u00ab\u00a0Rien \u00e0 reprocher \u00e0 nos joueurs, ils se sont battus avec beaucoup de courage mais une fois de plus la pi\u00e8ce n\u2019est pas retomb\u00e9e du bon c\u00f4t\u00e9. En premi\u00e8re p\u00e9riode comme nous sommes trop indisciplin\u00e9s nous donnons des points faciles \u00e0 nos adversaires et puis il y a cet essai avant la pause qui nous fait tr\u00e8s mal. La seconde p\u00e9riode est bien meilleure, nous passons devant au score mais malheureusement nous n\u2019arrivons pas \u00e0 conserver cet avantage jusqu\u2019au trille final. Malgr\u00e9 cette d\u00e9faite, pas question de baisser les bras, continuons \u00e0 bien bosser aux entra\u00eenements et je suis persuad\u00e9 qu\u2019il ne nous manque pas grand-chose pour retrouver le go\u00fbt du succ\u00e8s.\u00a0\u00bb<\/p>\n<ul>\n<li>\n\tLes r\u00e9sultats de la 13e journ\u00e9e\u00a0:\n\t<\/li>\n<\/ul>\n<p><strong>Albi 27<\/strong> \u2013 13 P\u00e9rigueux<\/p>\n<p>Tarbes 20 \u2013 <strong>26 Rouen<\/strong><\/p>\n<p><strong>Bourg-en-Bresse 26<\/strong> \u2013 13 Niort<\/p>\n<p><strong>Suresnes 24 <\/strong>\u2013 23 Chamb\u00e9ry<\/p>\n<p>Marcq-en-Baroeul 19 \u2013 <strong>24 Massy<\/strong><\/p>\n<p>Rennes 21 \u2013 <strong>44 Nice<\/strong><\/p>\n<p><strong>Narbonne 31<\/strong> \u2013 10 Bourgoin-Jallieu<\/p>\n<ul>\n<li>\n\tLe programme de la 14e journ\u00e9e (12 et 13\u00a0d\u00e9cembre)\n\t<\/li>\n<\/ul>\n<p>Albi \u2013 Bourgoin Jallieu<\/p>\n<p>Bourg-en-Bresse \u2013 Chamb\u00e9ry<\/p>\n<p>Suresnes \u2013 Rouen<\/p>\n<p>Marcq-en-Baroeul \u2013 Niort<\/p>\n<p>Nice \u2013 Tarbes<\/p>\n<p>Rennes \u2013 P\u00e9rigueux<\/p>\n<p>Narbonne \u2013 Massy<\/p>\n","protected":false},"excerpt":{"rendered":"Alors que la 13e journ\u00e9e de nationale vient de se jouer, Albi a affirm\u00e9 son statut de cador&hellip;\n","protected":false},"author":2,"featured_media":584948,"comment_status":"","ping_status":"","sticky":false,"template":"","format":"standard","meta":{"footnotes":""},"categories":[2821],"tags":[1111,11,829,1777,674,1011,27,4361,12,584,25,68796],"class_list":{"0":"post-584947","1":"post","2":"type-post","3":"status-publish","4":"format-standard","5":"has-post-thumbnail","7":"category-rennes","8":"tag-actu","9":"tag-actualites","10":"tag-bretagne","11":"tag-eu","12":"tag-europe","13":"tag-fr","14":"tag-france","15":"tag-nationale","16":"tag-news","17":"tag-rennes","18":"tag-republique-francaise","19":"tag-rugby-u00e0-xv"},"share_on_mastodon":{"url":"https:\/\/pubeurope.com\/@fr\/115680274482091229","error":""},"_links":{"self":[{"href":"https:\/\/www.europesays.com\/fr\/wp-json\/wp\/v2\/posts\/584947","targetHints":{"allow":["GET"]}}],"collection":[{"href":"https:\/\/www.europesays.com\/fr\/wp-json\/wp\/v2\/posts"}],"about":[{"href":"https:\/\/www.europesays.com\/fr\/wp-json\/wp\/v2\/types\/post"}],"author":[{"embeddable":true,"href":"https:\/\/www.europesays.com\/fr\/wp-json\/wp\/v2\/users\/2"}],"replies":[{"embeddable":true,"href":"https:\/\/www.europesays.com\/fr\/wp-json\/wp\/v2\/comments?post=584947"}],"version-history":[{"count":0,"href":"https:\/\/www.europesays.com\/fr\/wp-json\/wp\/v2\/posts\/584947\/revisions"}],"wp:featuredmedia":[{"embeddable":true,"href":"https:\/\/www.europesays.com\/fr\/wp-json\/wp\/v2\/media\/584948"}],"wp:attachment":[{"href":"https:\/\/www.europesays.com\/fr\/wp-json\/wp\/v2\/media?parent=584947"}],"wp:term":[{"taxonomy":"category","embeddable":true,"href":"https:\/\/www.europesays.com\/fr\/wp-json\/wp\/v2\/categories?post=584947"},{"taxonomy":"post_tag","embeddable":true,"href":"https:\/\/www.europesays.com\/fr\/wp-json\/wp\/v2\/tags?post=584947"}],"curies":[{"name":"wp","href":"https:\/\/api.w.org\/{rel}","templated":true}]}}