{"id":584949,"date":"2025-12-07T20:54:38","date_gmt":"2025-12-07T20:54:38","guid":{"rendered":"https:\/\/www.europesays.com\/fr\/584949\/"},"modified":"2025-12-07T20:54:38","modified_gmt":"2025-12-07T20:54:38","slug":"les-meilleures-idees-sorties-du-5-au-7-decembre-2025","status":"publish","type":"post","link":"https:\/\/www.europesays.com\/fr\/584949\/","title":{"rendered":"les meilleures id\u00e9es sorties du 5 au 7 d\u00e9cembre 2025"},"content":{"rendered":"<p class=\"intro\">Que vous soyez amateur d&rsquo;art immersif, passionn\u00e9 des traditions de No\u00ebl ou en qu\u00eate de d\u00e9couvertes culturelles, ce week-end du 5 au 7 d\u00e9cembre promet de belles \u00e9chapp\u00e9es dans la r\u00e9gion strasbourgeoise\u00a0! Entre expositions d&rsquo;exception, march\u00e9s de No\u00ebl authentiques et animations f\u00e9eriques, nos cinq coups de c\u0153ur sauront satisfaire toutes vos envies d&rsquo;\u00e9vasion. Alors, pr\u00eats \u00e0 faire le plein d&rsquo;inspiration et de magie hivernale\u00a0?<\/p>\n<p class=\"mise_en_avant\"><strong>Pr\u00e9visions m\u00e9t\u00e9o ce week-end\u00a0:<\/strong> Attendez-vous \u00e0 un temps typiquement hivernal avec de l\u00e9g\u00e8res pluies et des temp\u00e9ratures oscillant entre 7\u00b0C vendredi et 11\u00b0C dimanche. Parfait pour se r\u00e9chauffer autour d&rsquo;un vin chaud ou dans une exposition couverte\u00a0!<\/p>\n<p>1\/ Van Gogh \u00e0 Strasbourg \u2013 L&rsquo;exposition immersive [Coup de \u2764\ufe0f JDS]\u00a0: plong\u00e9e totale dans l&rsquo;univers du ma\u00eetre<\/p>\n<p>D\u00e9couvrez <a href=\"https:\/\/www.jds.fr\/strasbourg\/expos\/van-gogh-a-strasbourg-l-exposition-immersive-1219512_A\" target=\"_blank\" rel=\"noopener\">Van Gogh \u00e0 Strasbourg \u2013 L&rsquo;exposition immersive<\/a>, une exp\u00e9rience sensorielle r\u00e9volutionnaire qui transforme votre rapport \u00e0 l&rsquo;art\u00a0! \ud83c\udfa8 Gr\u00e2ce \u00e0 des projections 360\u00b0 sur plus de 1 000 m\u00b2, cette exposition class\u00e9e parmi les 12 meilleures exp\u00e9riences immersives au monde vous invite \u00e0 p\u00e9n\u00e9trer litt\u00e9ralement dans les \u0153uvres embl\u00e9matiques comme La Nuit \u00e9toil\u00e9e. Un choix \u00e9vident pour vivre l&rsquo;art diff\u00e9remment dans un cadre technologique \u00e9poustouflant.<\/p>\n<p>\ud83d\udca1 <strong>Notre conseil\u00a0:<\/strong> R\u00e9servez votre cr\u00e9neau en ligne pour \u00e9viter l&rsquo;attente et comptez une heure compl\u00e8te pour profiter pleinement de l&rsquo;exp\u00e9rience, ateliers cr\u00e9atifs et r\u00e9alit\u00e9 virtuelle inclus.<\/p>\n<p>\ud83d\udccd Hall Tivoli, avenue Herrenschmidt | Strasbourg<br \/>\ud83d\udcc5 Jusqu&rsquo;au 04\/01\/2026<\/p>\n<p class=\"mise_en_avant\">\ud83d\udc49 <a href=\"https:\/\/www.jds.fr\/strasbourg\/expos\/van-gogh-a-strasbourg-l-exposition-immersive-1219512_A\" target=\"_blank\" rel=\"noopener\">[Coup de \u2764\ufe0f JDS] Van Gogh \u00e0 Strasbourg \u2013 L&rsquo;exposition immersive\u00a0: toutes les informations<\/a><\/p>\n<p><a data-lightbox=\"article\" data-title=\" DR\" class=\"image detail fullwidth\" href=\"https:\/\/www.jds.fr\/medias\/image\/van-gogh-a-strasbourg-l-exposition-immersive-18-749628-1200-0-F.webp\" title=\" DR\" target=\"_blank\" rel=\"noopener\"><br \/>\n<img decoding=\"async\" loading=\"lazy\" src=\"https:\/\/www.europesays.com\/fr\/wp-content\/uploads\/2025\/10\/van-gogh-a-strasbourg-l-exposition-immersive-18-749628-1200-0.webp.webp\"   alt=\"Van Gogh \u00e0 Strasbourg \u2013 L\u2019exposition immersive\" class=\"shortcode_image border\"\/><br \/>\n\u00a9 DR<br \/>\n<\/a>\n<\/p>\n<p>2\/ March\u00e9 de No\u00ebl \u00e0 Strasbourg 2025\u00a0: l&rsquo;incontournable capitale de No\u00ebl<\/p>\n<p>Impossible de passer \u00e0 c\u00f4t\u00e9 du l\u00e9gendaire <a href=\"https:\/\/www.jds.fr\/strasbourg\/manifestations\/marche-de-noel\/noel-strasbourg-animations-marche-de-noel-128465_A\" target=\"_blank\" rel=\"noopener\">March\u00e9 de No\u00ebl \u00e0 Strasbourg<\/a> qui transforme la ville en v\u00e9ritable conte de f\u00e9es\u00a0! \ud83c\udf84 Plus de 300 chalets r\u00e9partis sur les principales places de la Grande-\u00cele vous attendent avec leurs tr\u00e9sors artisanaux et leurs sp\u00e9cialit\u00e9s alsaciennes. La magie op\u00e8re particuli\u00e8rement le soir venu, quand les illuminations r\u00e9v\u00e8lent toute la splendeur de cette tradition s\u00e9culaire.<\/p>\n<p>\ud83d\udca1 <strong>Notre conseil\u00a0:<\/strong> Privil\u00e9giez les transports en commun pour acc\u00e9der au centre-ville et commencez votre visite par la place Kl\u00e9ber pour admirer le Grand Sapin avant d&rsquo;explorer les autres march\u00e9s th\u00e9matiques.<\/p>\n<p>\ud83d\udccd Strasbourg<br \/>\ud83d\udcc5 Jusqu&rsquo;au 24\/12\/2025<\/p>\n<p class=\"mise_en_avant\">\ud83d\udc49 <a href=\"https:\/\/www.jds.fr\/strasbourg\/manifestations\/marche-de-noel\/noel-strasbourg-animations-marche-de-noel-128465_A\" target=\"_blank\" rel=\"noopener\">March\u00e9 de No\u00ebl \u00e0 Strasbourg 2025\u00a0: toutes les informations<\/a><\/p>\n<p><a data-lightbox=\"article\" data-title=\"Les illuminations font tout le charme de Strasbourg, capitale de No\u00ebl \u00a9 V Zeler\" class=\"image detail fullwidth\" href=\"https:\/\/www.jds.fr\/medias\/image\/marche-de-noel-a-strasbourg-5-776088-1200-0-F.webp\" title=\"Les illuminations font tout le charme de Strasbourg, capitale de No\u00ebl \u00a9 V Zeler\" target=\"_blank\" rel=\"noopener\"><br \/>\n<img decoding=\"async\" loading=\"lazy\" src=\"https:\/\/www.europesays.com\/fr\/wp-content\/uploads\/2025\/12\/marche-de-noel-a-strasbourg-5-776088-1200-0.webp.webp\"   alt=\"Les illuminations font tout le charme de Strasbourg, capitale de No\u00ebl\" class=\"shortcode_image border\"\/><br \/>\n\u00a9 V Zeler<br \/>\nLes illuminations font tout le charme de Strasbourg, capitale de No\u00ebl<br \/>\n<\/a>\n<\/p>\n<p>3\/ March\u00e9 de No\u00ebl \u00e0 Obernai 2025\u00a0: authenticit\u00e9 alsacienne \u00e0 30 minutes de Strasbourg<\/p>\n<p>\u00c9chappez-vous vers le charmant <a href=\"https:\/\/www.jds.fr\/strasbourg\/manifestations\/marche-de-noel\/noel-a-obernai-animations-et-marche-de-noel-128601_A\" target=\"_blank\" rel=\"noopener\">March\u00e9 de No\u00ebl \u00e0 Obernai<\/a>, une alternative plus intimiste aux grandes foules\u00a0! \u2728 45 maisonnettes r\u00e9parties sur 5 places du centre historique vous proposent artisanat local et gastronomie du terroir, avec en prime le fameux vin chaud blanc pr\u00e9par\u00e9 au chaudron. Une s\u00e9lection parfaite pour savourer l&rsquo;esprit de No\u00ebl dans un cadre authentiquement alsacien, loin de l&rsquo;agitation urbaine.<\/p>\n<p>\ud83d\udca1 <strong>Notre conseil\u00a0:<\/strong> Profitez des navettes gratuites Pass&rsquo;O les week-ends pour vous garer facilement et d\u00e9couvrez l&rsquo;exposition Georges Ratkoff en plein air \u00e0 la Cour Athic pour une pause culturelle.<\/p>\n<p>\ud83d\udccd Obernai<br \/>\ud83d\udcc5 Jusqu&rsquo;au 31\/12\/2025<\/p>\n<p class=\"mise_en_avant\">\ud83d\udc49 <a href=\"https:\/\/www.jds.fr\/strasbourg\/manifestations\/marche-de-noel\/noel-a-obernai-animations-et-marche-de-noel-128601_A\" target=\"_blank\" rel=\"noopener\">March\u00e9 de No\u00ebl \u00e0 Obernai 2025\u00a0: toutes les informations<\/a><\/p>\n<p><a data-lightbox=\"article\" data-title=\". DR\" class=\"image detail fullwidth\" href=\"https:\/\/www.jds.fr\/medias\/image\/nl-2023-274447-1200-0-F.webp\" title=\". DR\" target=\"_blank\" rel=\"noopener\"><br \/>\n<img decoding=\"async\" loading=\"lazy\" src=\"https:\/\/www.europesays.com\/fr\/wp-content\/uploads\/2025\/12\/nl-2023-274447-1200-0.webp.webp\"   alt=\".\" class=\"shortcode_image border\"\/><br \/>\n\u00a9 DR<br \/>\n.<br \/>\n<\/a>\n<\/p>\n<p>4\/ F\u00e9\u00e9rie de No\u00ebl \u00e0 Saverne 2025\u00a0: capitale du Pays des Lumi\u00e8res<\/p>\n<p>Direction <a href=\"https:\/\/www.jds.fr\/strasbourg\/manifestations\/marche-de-noel\/noel-a-saverne-animations-et-marche-de-noel-128606_A\" target=\"_blank\" rel=\"noopener\">F\u00e9\u00e9rie de No\u00ebl \u00e0 Saverne<\/a> pour d\u00e9couvrir un spectacle lumineux exceptionnel d\u00e8s la tomb\u00e9e de la nuit\u00a0! \ud83c\udf1f Cette destination se distingue par ses illuminations spectaculaires qui parent fa\u00e7ades et vitrines de mille feux, compl\u00e9t\u00e9es par un village de No\u00ebl et une patinoire \u00e9ph\u00e9m\u00e8re place du G\u00e9n\u00e9ral de Gaulle. Un choix malin pour allier tradition et animations originales dans une ambiance plus d\u00e9tendue.<\/p>\n<p>\ud83d\udca1 <strong>Notre conseil\u00a0:<\/strong> Visitez entre 16h et 21h pour profiter pleinement du spectacle lumineux et testez la patinoire pour une pause ludique en famille (3\u20ac seulement).<\/p>\n<p>\ud83d\udccd Place du G\u00e9n\u00e9ral de Gaulle | Saverne<br \/>\ud83d\udcc5 Jusqu&rsquo;au 04\/01\/2026<\/p>\n<p class=\"mise_en_avant\">\ud83d\udc49 <a href=\"https:\/\/www.jds.fr\/strasbourg\/manifestations\/marche-de-noel\/noel-a-saverne-animations-et-marche-de-noel-128606_A\" target=\"_blank\" rel=\"noopener\">F\u00e9\u00e9rie de No\u00ebl \u00e0 Saverne 2025\u00a0: toutes les informations<\/a><\/p>\n<p><a data-lightbox=\"article\" data-title=\" DR\" class=\"image detail fullwidth\" href=\"https:\/\/www.jds.fr\/medias\/image\/feerie-de-noel-a-saverne_3-428277-1200-0-F.webp\" title=\" DR\" target=\"_blank\" rel=\"noopener\"><br \/>\n<img decoding=\"async\" loading=\"lazy\" src=\"https:\/\/www.europesays.com\/fr\/wp-content\/uploads\/2025\/12\/feerie-de-noel-a-saverne_3-428277-1200-0.webp.webp\"   alt=\"F\u00e9\u00e9rie de No\u00ebl \u00e0 Saverne 2025\" class=\"shortcode_image border\"\/><br \/>\n\u00a9 DR<br \/>\n<\/a>\n<\/p>\n<p>5\/ March\u00e9 de No\u00ebl \u00e0 Molsheim 2025\u00a0: week-end m\u00e9di\u00e9val exceptionnel<\/p>\n<p>Ne manquez pas le <a href=\"https:\/\/www.jds.fr\/strasbourg\/manifestations\/marche-de-noel\/noel-a-molsheim-animations-et-marche-de-noel-128589_A\" target=\"_blank\" rel=\"noopener\">March\u00e9 de No\u00ebl \u00e0 Molsheim<\/a> qui vous r\u00e9serve un week-end totalement in\u00e9dit\u00a0! \u2694\ufe0f Les 6 et 7 d\u00e9cembre, plongez dans l&rsquo;univers m\u00e9di\u00e9val avec combats de chevaliers, d\u00e9fil\u00e9s en costume d&rsquo;\u00e9poque et spectacle de feu final dans la cour de la Chartreuse. Cette programmation exceptionnelle du march\u00e9 de No\u00ebl d&rsquo;antan offre une exp\u00e9rience unique m\u00ealant histoire et magie des f\u00eates.<\/p>\n<p>\ud83d\udca1 <strong>Notre conseil\u00a0:<\/strong> Arrivez d\u00e8s 11h dimanche pour assister \u00e0 la remise des clefs de la ville et restez jusqu&rsquo;au spectacle de feu \u00e0 18h pour vivre pleinement cette immersion temporelle.<\/p>\n<p>\ud83d\udccd Molsheim<br \/>\ud83d\udcc5 Jusqu&rsquo;au 21\/12\/2025<\/p>\n<p class=\"mise_en_avant\">\ud83d\udc49 <a href=\"https:\/\/www.jds.fr\/strasbourg\/manifestations\/marche-de-noel\/noel-a-molsheim-animations-et-marche-de-noel-128589_A\" target=\"_blank\" rel=\"noopener\">March\u00e9 de No\u00ebl \u00e0 Molsheim 2025\u00a0: toutes les informations<\/a><\/p>\n<p><a data-lightbox=\"article\" data-title=\"On trouve toute sorte de d\u00e9corations de No\u00ebl lors du March\u00e9 de No\u00ebl de Molsheim \u00a9 C\u00e9line Zimmermann\" class=\"image detail fullwidth\" href=\"https:\/\/www.jds.fr\/medias\/image\/noel-2018-a-molsheim-animations-et-marche-de-noel-84968-1200-0-F.webp\" title=\"On trouve toute sorte de d\u00e9corations de No\u00ebl lors du March\u00e9 de No\u00ebl de Molsheim \u00a9 C\u00e9line Zimmermann\" target=\"_blank\" rel=\"noopener\"><br \/>\n<img decoding=\"async\" loading=\"lazy\" src=\"https:\/\/www.europesays.com\/fr\/wp-content\/uploads\/2025\/12\/noel-2018-a-molsheim-animations-et-marche-de-noel-84968-1200-0.webp.webp\"   alt=\"On trouve toute sorte de d\u00e9corations de No\u00ebl lors du March\u00e9 de No\u00ebl de Molsheim\" class=\"shortcode_image border\"\/><br \/>\n\u00a9 C\u00e9line Zimmermann<br \/>\nOn trouve toute sorte de d\u00e9corations de No\u00ebl lors du March\u00e9 de No\u00ebl de Molsheim<br \/>\n<\/a>\n<\/p>\n<p>Date de publication : le 03\/12\/2025.<\/p>\n","protected":false},"excerpt":{"rendered":"Que vous soyez amateur d&rsquo;art immersif, passionn\u00e9 des traditions de No\u00ebl ou en qu\u00eate de d\u00e9couvertes culturelles, ce&hellip;\n","protected":false},"author":2,"featured_media":584950,"comment_status":"","ping_status":"","sticky":false,"template":"","format":"standard","meta":{"footnotes":""},"categories":[2820],"tags":[1111,11,1777,674,1011,27,775,12,25,640],"class_list":{"0":"post-584949","1":"post","2":"type-post","3":"status-publish","4":"format-standard","5":"has-post-thumbnail","7":"category-strasbourg","8":"tag-actu","9":"tag-actualites","10":"tag-eu","11":"tag-europe","12":"tag-fr","13":"tag-france","14":"tag-grand-est","15":"tag-news","16":"tag-republique-francaise","17":"tag-strasbourg"},"share_on_mastodon":{"url":"https:\/\/pubeurope.com\/@fr\/115680279252442833","error":""},"_links":{"self":[{"href":"https:\/\/www.europesays.com\/fr\/wp-json\/wp\/v2\/posts\/584949","targetHints":{"allow":["GET"]}}],"collection":[{"href":"https:\/\/www.europesays.com\/fr\/wp-json\/wp\/v2\/posts"}],"about":[{"href":"https:\/\/www.europesays.com\/fr\/wp-json\/wp\/v2\/types\/post"}],"author":[{"embeddable":true,"href":"https:\/\/www.europesays.com\/fr\/wp-json\/wp\/v2\/users\/2"}],"replies":[{"embeddable":true,"href":"https:\/\/www.europesays.com\/fr\/wp-json\/wp\/v2\/comments?post=584949"}],"version-history":[{"count":0,"href":"https:\/\/www.europesays.com\/fr\/wp-json\/wp\/v2\/posts\/584949\/revisions"}],"wp:featuredmedia":[{"embeddable":true,"href":"https:\/\/www.europesays.com\/fr\/wp-json\/wp\/v2\/media\/584950"}],"wp:attachment":[{"href":"https:\/\/www.europesays.com\/fr\/wp-json\/wp\/v2\/media?parent=584949"}],"wp:term":[{"taxonomy":"category","embeddable":true,"href":"https:\/\/www.europesays.com\/fr\/wp-json\/wp\/v2\/categories?post=584949"},{"taxonomy":"post_tag","embeddable":true,"href":"https:\/\/www.europesays.com\/fr\/wp-json\/wp\/v2\/tags?post=584949"}],"curies":[{"name":"wp","href":"https:\/\/api.w.org\/{rel}","templated":true}]}}