{"id":584951,"date":"2025-12-07T20:55:27","date_gmt":"2025-12-07T20:55:27","guid":{"rendered":"https:\/\/www.europesays.com\/fr\/584951\/"},"modified":"2025-12-07T20:55:27","modified_gmt":"2025-12-07T20:55:27","slug":"toulouse-regagne-enfin-face-a-un-strasbourg-en-plein-doute","status":"publish","type":"post","link":"https:\/\/www.europesays.com\/fr\/584951\/","title":{"rendered":"Toulouse regagne enfin face \u00e0 un Strasbourg en plein doute"},"content":{"rendered":"<p>Capitaliser sur le match nul arrach\u00e9 \u00e0 Marseille (2-2) et rebondir apr\u00e8s le revers subi face \u00e0 Brest (1-2), tel \u00e9tait l\u2019enjeu de ce soir pour <a href=\"https:\/\/www.footmercato.net\/club\/tfc\/\" target=\"_blank\" rel=\"noopener\">Toulouse<\/a> et <a href=\"https:\/\/www.footmercato.net\/club\/rc-strasbourg-alsace\/\" target=\"_blank\" rel=\"noopener\">Strasbourg<\/a>. Vu le pass\u00e9 commun et r\u00e9cent des deux formations (Strasbourg s\u2019\u00e9tait impos\u00e9 deux fois la saison derni\u00e8re), la faveur du pronostic penchait davantage pour le Racing. Mais \u00e0 l\u2019arriv\u00e9e, la lecture du match nous a rappel\u00e9 qu\u2019il n\u2019y avait pas vraiment de morale dans le football. Les Toulousains se sont logiquement impos\u00e9s face \u00e0 des Strasbourgeois en p\u00e9nurie d\u2019id\u00e9es (1-0), peut-\u00eatre aussi encore perturb\u00e9s par l\u2019\u00e9pisode impliquant leur capitaine Emegha, <a href=\"https:\/\/www.footmercato.net\/a7294139633162328082-strasbourg-suspend-emanuel-emegha\" target=\"_blank\" rel=\"noopener\">suspendu par son club cette semaine pour la rencontre.<\/a><\/p>\n<p>            La suite apr\u00e8s cette publicit\u00e9<\/p>\n<p>On peut le dire sans trop se mouiller : ce soir, le TFC a fait plus que lutter, il a ma\u00eetris\u00e9 son adversaire sans lui laisser de marge de man\u0153uvre. La premi\u00e8re p\u00e9riode \u00e9tait largement \u00e0 l\u2019avantage des Toulousains, et leur joli visage montr\u00e9 sur le premier quart d\u2019heure \u00e9tait r\u00e9compens\u00e9 avec un but d\u2019Emersonn, d\u00e9cid\u00e9ment lib\u00e9r\u00e9 et s\u00fbr de son football. Moins d\u2019une semaine apr\u00e8s avoir envoy\u00e9 Nayef Aguerd au tapis, le Br\u00e9silien s\u2019offrait sa troisi\u00e8me r\u00e9alisation en L1. Un but moins spectaculaire, mais pas moins important qu\u2019au V\u00e9lodrome.<\/p>\n<p>        Strasbourg n\u2019a rien montr\u00e9<\/p>\n<p>Il profitait du pressing haut de Djibril Sidib\u00e9 sur Ben Chilwell pour aller se pr\u00e9senter face \u00e0 Penders. Sa r\u00e9ussite \u00e9tait symptomatique d\u2019un joueur en pleine confiance : le Belge repoussait sa premi\u00e8re tentative du droit, mais le ballon revenait comme par magie sur son pied gauche. C\u2019\u00e9tait filoche (18e, 1-0). Conqu\u00e9rants, affirm\u00e9s dans leurs ambitions, et solides derri\u00e8re, les hommes de Carles Mart\u00ednez Novell menaient logiquement \u00e0 la mi-temps. On en \u00e9tait m\u00eame \u00e0 se demander s\u2019ils \u00e9taient vraiment pay\u00e9s \u00e0 hauteur de leur production, tant les Strasbourgeois n\u2019avaient pas exist\u00e9 lors du premier acte.<\/p>\n<p>            La suite apr\u00e8s cette publicit\u00e9<\/p>\n<p>\n    Classement live Ligue 1 McDonald&rsquo;s<\/p>\n<p>Malgr\u00e9 quelques \u00e9tincelles du talentueux milieu paraguayen Julio Enciso apr\u00e8s la pause, les hommes de Liam Rosenior ronronnaient plus qu\u2019ils ne mordaient. Le grand m\u00e9chant loup du d\u00e9but de saison, Joaquin Pachinelli, se transformait en la petite brebis galeuse face \u00e0 un Charlie Cresswell intraitable et ma\u00eetre de ses duels. En 90 minutes, l\u2019Argentin n\u2019aura jamais eu l\u2019occasion de cadrer la moindre frappe, \u00e0 peine aura-t-il celle de tirer au but. Peu utilis\u00e9 sur les derniers matchs, Paez tentait d\u2019\u00e9lectriser cette rencontre, en vain. La seconde p\u00e9riode \u00e9tait pauvre en occasions, et la frustration gagnait les rangs du Racing. Diego Moreira \u00e9tait averti, comme El-Mourabet pour un pied trop haut. Le Stadium pouvait enfin vibrer de joie apr\u00e8s six matchs sans victoire du TFC. Gr\u00e2ce \u00e0 ce succ\u00e8s, les Toulousains grimpent \u00e0 la 9e place. <a href=\"https:\/\/www.footmercato.net\/france\/ligue-1\/classement\" target=\"_blank\" rel=\"noopener\">Le Racing est 8e<\/a> et nage en plein doute.<\/p>\n<p>\n    Pub. le 06\/12\/2025 21:01<br \/>\n            &#8211; MAJ le 07\/12\/2025 12:48\n    <\/p>\n","protected":false},"excerpt":{"rendered":"Capitaliser sur le match nul arrach\u00e9 \u00e0 Marseille (2-2) et rebondir apr\u00e8s le revers subi face \u00e0 Brest&hellip;\n","protected":false},"author":2,"featured_media":584952,"comment_status":"","ping_status":"","sticky":false,"template":"","format":"standard","meta":{"footnotes":""},"categories":[2820],"tags":[1111,11,1777,674,1011,27,775,12,25,640],"class_list":{"0":"post-584951","1":"post","2":"type-post","3":"status-publish","4":"format-standard","5":"has-post-thumbnail","7":"category-strasbourg","8":"tag-actu","9":"tag-actualites","10":"tag-eu","11":"tag-europe","12":"tag-fr","13":"tag-france","14":"tag-grand-est","15":"tag-news","16":"tag-republique-francaise","17":"tag-strasbourg"},"share_on_mastodon":{"url":"https:\/\/pubeurope.com\/@fr\/115680282059802189","error":""},"_links":{"self":[{"href":"https:\/\/www.europesays.com\/fr\/wp-json\/wp\/v2\/posts\/584951","targetHints":{"allow":["GET"]}}],"collection":[{"href":"https:\/\/www.europesays.com\/fr\/wp-json\/wp\/v2\/posts"}],"about":[{"href":"https:\/\/www.europesays.com\/fr\/wp-json\/wp\/v2\/types\/post"}],"author":[{"embeddable":true,"href":"https:\/\/www.europesays.com\/fr\/wp-json\/wp\/v2\/users\/2"}],"replies":[{"embeddable":true,"href":"https:\/\/www.europesays.com\/fr\/wp-json\/wp\/v2\/comments?post=584951"}],"version-history":[{"count":0,"href":"https:\/\/www.europesays.com\/fr\/wp-json\/wp\/v2\/posts\/584951\/revisions"}],"wp:featuredmedia":[{"embeddable":true,"href":"https:\/\/www.europesays.com\/fr\/wp-json\/wp\/v2\/media\/584952"}],"wp:attachment":[{"href":"https:\/\/www.europesays.com\/fr\/wp-json\/wp\/v2\/media?parent=584951"}],"wp:term":[{"taxonomy":"category","embeddable":true,"href":"https:\/\/www.europesays.com\/fr\/wp-json\/wp\/v2\/categories?post=584951"},{"taxonomy":"post_tag","embeddable":true,"href":"https:\/\/www.europesays.com\/fr\/wp-json\/wp\/v2\/tags?post=584951"}],"curies":[{"name":"wp","href":"https:\/\/api.w.org\/{rel}","templated":true}]}}