{"id":584954,"date":"2025-12-07T20:59:31","date_gmt":"2025-12-07T20:59:31","guid":{"rendered":"https:\/\/www.europesays.com\/fr\/584954\/"},"modified":"2025-12-07T20:59:31","modified_gmt":"2025-12-07T20:59:31","slug":"luis-castro-et-le-coup-de-la-ferrari-nantes-explose-en-vol","status":"publish","type":"post","link":"https:\/\/www.europesays.com\/fr\/584954\/","title":{"rendered":"Luis Castro et le coup de la Ferrari, Nantes explose en vol"},"content":{"rendered":"<p><b>Le FC Nantes est au plus profond de la crise, et la derni\u00e8re sortie de Luis Castro va lui valoir la porte. Il reste \u00e0 savoir quand, alors que le divorce avec les dirigeants est total. <\/b><\/p>\n<p>La s\u00e9rie n\u00e9gative du <a href=\"https:\/\/www.foot01.com\/nantes\" target=\"_self\" rel=\"noopener\">FC Nantes<\/a> s\u2019est poursuivie pour le FC Nantes ce samedi soir, avec une d\u00e9faite \u00e0 domicile face \u00e0 Lens. Sur les 15 premiers matchs de la saison, les Canaris n\u2019en ont remport\u00e9 que deux, et la 17e place actuelle des Nantais va sonner le glas de l\u2019aventure de Luis Castro. Arriv\u00e9 cet \u00e9t\u00e9 avec pour mission de faire mieux qu\u2019Antoine Kombouar\u00e9 et le maintien arrach\u00e9 \u00e0 la derni\u00e8re journ\u00e9e, l\u2019entra\u00eeneur portugais va prendre la porte dans les prochaines heures.<\/p>\n<p>La situation est intenable et selon Ouest-France, la rupture est m\u00eame totale. Castro ne parle m\u00eame plus avec ses dirigeants, \u00e0 qui il a demand\u00e9 des renforts \u00e0 de nombreuses reprises. Sa phrase lanc\u00e9e apr\u00e8s la d\u00e9faite contre Lens montre bien sa totale impuissance \u00e0 faire mieux avec cet effectif, trop faible pour aller chercher le maintien selon lui. \u00ab Si je veux une Ferrari mais que le club me dit que ce n\u2019est pas possible, alors OK pour une autre voiture. Si le club me dit : pas de voiture mais un v\u00e9lo, alors j\u2019irai \u00e0 v\u00e9lo. Le club me donne ce qui est possible pour lui\u00a0\u00bb, a lanc\u00e9 Luis Castro, pour qui on lui donne tout simplement pas les moyens de faire mieux.\u00a0<\/p>\n<p>Le journal r\u00e9gional va m\u00eame encore plus loin, affirmant que le FC Nantes cherchait d\u00e9j\u00e0 son nouvel entraineur, signe que le Portugais allait tr\u00e8s vite passer \u00e0 la trappe, d\u00e8s que le futur technicien serait trouv\u00e9. Il reste \u00e0 savoir si ce sera avant le match sur le terrain d\u2019Angers, vendredi 12 d\u00e9cembre prochain.<\/p>\n","protected":false},"excerpt":{"rendered":"Le FC Nantes est au plus profond de la crise, et la derni\u00e8re sortie de Luis Castro va&hellip;\n","protected":false},"author":2,"featured_media":584955,"comment_status":"","ping_status":"","sticky":false,"template":"","format":"standard","meta":{"footnotes":""},"categories":[2818],"tags":[1111,11,1777,674,462,1011,27,66,766,12,2636,25],"class_list":{"0":"post-584954","1":"post","2":"type-post","3":"status-publish","4":"format-standard","5":"has-post-thumbnail","7":"category-nantes","8":"tag-actu","9":"tag-actualites","10":"tag-eu","11":"tag-europe","12":"tag-fc-nantes","13":"tag-fr","14":"tag-france","15":"tag-ligue-1","16":"tag-nantes","17":"tag-news","18":"tag-pays-de-la-loire","19":"tag-republique-francaise"},"share_on_mastodon":{"url":"https:\/\/pubeurope.com\/@fr\/115680298025150901","error":""},"_links":{"self":[{"href":"https:\/\/www.europesays.com\/fr\/wp-json\/wp\/v2\/posts\/584954","targetHints":{"allow":["GET"]}}],"collection":[{"href":"https:\/\/www.europesays.com\/fr\/wp-json\/wp\/v2\/posts"}],"about":[{"href":"https:\/\/www.europesays.com\/fr\/wp-json\/wp\/v2\/types\/post"}],"author":[{"embeddable":true,"href":"https:\/\/www.europesays.com\/fr\/wp-json\/wp\/v2\/users\/2"}],"replies":[{"embeddable":true,"href":"https:\/\/www.europesays.com\/fr\/wp-json\/wp\/v2\/comments?post=584954"}],"version-history":[{"count":0,"href":"https:\/\/www.europesays.com\/fr\/wp-json\/wp\/v2\/posts\/584954\/revisions"}],"wp:featuredmedia":[{"embeddable":true,"href":"https:\/\/www.europesays.com\/fr\/wp-json\/wp\/v2\/media\/584955"}],"wp:attachment":[{"href":"https:\/\/www.europesays.com\/fr\/wp-json\/wp\/v2\/media?parent=584954"}],"wp:term":[{"taxonomy":"category","embeddable":true,"href":"https:\/\/www.europesays.com\/fr\/wp-json\/wp\/v2\/categories?post=584954"},{"taxonomy":"post_tag","embeddable":true,"href":"https:\/\/www.europesays.com\/fr\/wp-json\/wp\/v2\/tags?post=584954"}],"curies":[{"name":"wp","href":"https:\/\/api.w.org\/{rel}","templated":true}]}}