{"id":584960,"date":"2025-12-07T21:03:12","date_gmt":"2025-12-07T21:03:12","guid":{"rendered":"https:\/\/www.europesays.com\/fr\/584960\/"},"modified":"2025-12-07T21:03:12","modified_gmt":"2025-12-07T21:03:12","slug":"info-la-depeche-pres-de-400-kg-de-cannabis-saisis-au-nord-de-toulouse-le-suspect-tente-de-prendre-la-fuite","status":"publish","type":"post","link":"https:\/\/www.europesays.com\/fr\/584960\/","title":{"rendered":"INFO LA DEPECHE. Pr\u00e8s de 400\u00a0kg de cannabis saisis au nord de Toulouse, le suspect tente de prendre la fuite"},"content":{"rendered":"<p>\n                                                                    l&rsquo;essentiel<br \/>\n                                                                Saisie record au p\u00e9age de Montauban mercredi, un trafiquant convoyait une marchandise estim\u00e9e \u00e0 trois millions d\u2019euros \u00e0 la revente. Une juridiction sp\u00e9cialis\u00e9e dans le trafic international est saisie.\n                            <\/p>\n<p>Saisie record au p\u00e9age de Montauban. Les douaniers ont intercept\u00e9 mercredi un trafiquant pr\u00e9sum\u00e9 de 20 ans, qui convoyait pr\u00e8s de 400 kilos de cannabis. Les agents du minist\u00e8re des Finances ont interpell\u00e9 l\u2019individu au p\u00e9age pr\u00e8s de la cit\u00e9 d\u2019Ingres. Selon nos informations, le jeune homme convoyait 392 kilos de cannabis, une marchandise dont la valeur de revente au d\u00e9tail est estim\u00e9e \u00e0 environ trois millions d\u2019euros.<\/p>\n<p>Il tente de prendre la fuite lors du contr\u00f4le<\/p>\n<p>L\u2019interpellation a \u00e9t\u00e9 mouvement\u00e9e\u00a0: le mis en cause a pris la fuite lors du contr\u00f4le. \u00ab\u00a0La herse a \u00e9t\u00e9 d\u00e9ploy\u00e9e, mais il a pris la fuite malgr\u00e9 les pneus crev\u00e9s\u00a0\u00bb, explique une source proche du dossier. De guerre lasse, le suspect a abandonn\u00e9 son van et a tent\u00e9 de se cacher chez un riverain.<\/p>\n<p class=\"std-elt__inline\">\n        <strong>\u00c0 lire aussi :<\/strong><br \/>\n        <a href=\"https:\/\/www.ladepeche.fr\/2025\/03\/30\/info-la-depeche-120-kg-de-cannabis-saisis-pres-de-toulouse-les-douaniers-stoppent-un-go-fast-a-la-herse-12604140.php\" target=\"_blank\" rel=\"noopener\">INFO LA DEPECHE. 120\u00a0kg de cannabis saisis pr\u00e8s de Toulouse\u00a0: les douaniers stoppent un go-fast \u00e0 la herse<\/a>\n    <\/p>\n<p>Le narco pr\u00e9sum\u00e9 a \u00e9t\u00e9 plac\u00e9 en retenue douani\u00e8re, avant d\u2019\u00eatre confi\u00e9 aux policiers de l\u2019Office antistup\u00e9fiants (OFAST), int\u00e9gr\u00e9 \u00e0 la Division de lutte contre la criminalit\u00e9 organis\u00e9e et sp\u00e9cialis\u00e9e (DCOS). D\u00e9j\u00e0 incarc\u00e9r\u00e9 il y a quelques mois dans un dossier de stup\u00e9fiants, il ne se serait pas montr\u00e9 tr\u00e8s disert quant \u00e0 son point de d\u00e9part, son lieu d\u2019arriv\u00e9e et la sp\u00e9cificit\u00e9 de sa cargaison.<\/p>\n<p class=\"std-elt__inline\">\n        <strong>\u00c0 lire aussi :<\/strong><br \/>\n        <a href=\"https:\/\/www.ladepeche.fr\/2025\/08\/26\/nfo-la-depeche-plusieurs-kilos-de-drogues-saisis-a-toulouse-deux-hommes-interpelles-12894077.php\" target=\"_blank\" rel=\"noopener\">INFO LA D\u00c9P\u00caCHE. Coca\u00efne, k\u00e9tamine, cannabis\u2026 plusieurs kilos de drogues saisis \u00e0 Toulouse, deux hommes interpell\u00e9s<\/a>\n    <\/p>\n<p>Une juridiction sp\u00e9ciale h\u00e9rite du dossier aux probables ramifications internationales<\/p>\n<p>Au vu du probable trafic international auquel il a particip\u00e9, et selon des sources concordantes, le gar\u00e7on a \u00e9t\u00e9 pr\u00e9sent\u00e9 \u00e0 un juge d\u2019instruction de la Juridiction interr\u00e9gionale sp\u00e9cialis\u00e9e (JIRS) de Bordeaux. Il a \u00e9t\u00e9 mis en examen, notamment pour trafic de stup\u00e9fiants en bande organis\u00e9e, et plac\u00e9 en d\u00e9tention provisoire. L\u2019enqu\u00eate va se poursuivre sur commission rogatoire. Contact\u00e9s, les avocats du mis en cause, Mes Oc\u00e9ane Desboeufs et Jacques Derieux, n\u2019ont pas souhait\u00e9 s\u2019exprimer.<\/p>\n","protected":false},"excerpt":{"rendered":"l&rsquo;essentiel Saisie record au p\u00e9age de Montauban mercredi, un trafiquant convoyait une marchandise estim\u00e9e \u00e0 trois millions d\u2019euros&hellip;\n","protected":false},"author":2,"featured_media":584961,"comment_status":"","ping_status":"","sticky":false,"template":"","format":"standard","meta":{"footnotes":""},"categories":[2816],"tags":[1111,11,1777,674,118,1011,27,2722,12,2680,25,2312,887],"class_list":{"0":"post-584960","1":"post","2":"type-post","3":"status-publish","4":"format-standard","5":"has-post-thumbnail","7":"category-toulouse","8":"tag-actu","9":"tag-actualites","10":"tag-eu","11":"tag-europe","12":"tag-faits-divers","13":"tag-fr","14":"tag-france","15":"tag-haute-garonne","16":"tag-news","17":"tag-occitanie","18":"tag-republique-francaise","19":"tag-toulouse","20":"tag-trafic-de-drogue"},"share_on_mastodon":{"url":"https:\/\/pubeurope.com\/@fr\/115680313520695216","error":""},"_links":{"self":[{"href":"https:\/\/www.europesays.com\/fr\/wp-json\/wp\/v2\/posts\/584960","targetHints":{"allow":["GET"]}}],"collection":[{"href":"https:\/\/www.europesays.com\/fr\/wp-json\/wp\/v2\/posts"}],"about":[{"href":"https:\/\/www.europesays.com\/fr\/wp-json\/wp\/v2\/types\/post"}],"author":[{"embeddable":true,"href":"https:\/\/www.europesays.com\/fr\/wp-json\/wp\/v2\/users\/2"}],"replies":[{"embeddable":true,"href":"https:\/\/www.europesays.com\/fr\/wp-json\/wp\/v2\/comments?post=584960"}],"version-history":[{"count":0,"href":"https:\/\/www.europesays.com\/fr\/wp-json\/wp\/v2\/posts\/584960\/revisions"}],"wp:featuredmedia":[{"embeddable":true,"href":"https:\/\/www.europesays.com\/fr\/wp-json\/wp\/v2\/media\/584961"}],"wp:attachment":[{"href":"https:\/\/www.europesays.com\/fr\/wp-json\/wp\/v2\/media?parent=584960"}],"wp:term":[{"taxonomy":"category","embeddable":true,"href":"https:\/\/www.europesays.com\/fr\/wp-json\/wp\/v2\/categories?post=584960"},{"taxonomy":"post_tag","embeddable":true,"href":"https:\/\/www.europesays.com\/fr\/wp-json\/wp\/v2\/tags?post=584960"}],"curies":[{"name":"wp","href":"https:\/\/api.w.org\/{rel}","templated":true}]}}