{"id":584962,"date":"2025-12-07T21:06:13","date_gmt":"2025-12-07T21:06:13","guid":{"rendered":"https:\/\/www.europesays.com\/fr\/584962\/"},"modified":"2025-12-07T21:06:13","modified_gmt":"2025-12-07T21:06:13","slug":"elle-frappe-violemment-son-fils-de-6-ans-dans-un-tgv-lille-nimes-des-voyageurs-alertent-la-sncf-la-mere-finit-en-garde-a-vue","status":"publish","type":"post","link":"https:\/\/www.europesays.com\/fr\/584962\/","title":{"rendered":"Elle frappe violemment son fils de 6 ans dans un TGV Lille-N\u00eemes\u00a0: des voyageurs alertent la SNCF, la m\u00e8re finit en garde \u00e0 vue"},"content":{"rendered":"<p>\n                                                                Une femme de 42 ans a \u00e9t\u00e9 arr\u00eat\u00e9e samedi 6\u00a0d\u00e9cembre 2025 en gare de Marne-la-Vall\u00e9e-Chessy, soup\u00e7onn\u00e9e d\u2019avoir agress\u00e9 son fils de 6 ans dans un TGV entre Lille et N\u00eemes. Elle a \u00e9t\u00e9 plac\u00e9e en garde \u00e0 vue.\n                            <\/p>\n<p>Une femme de 42 ans a \u00e9t\u00e9 arr\u00eat\u00e9e ce samedi 6\u00a0d\u00e9cembre en gare de Marne-la-Vall\u00e9e-Chessy (Seine-et-Marne), soup\u00e7onn\u00e9e d\u2019avoir violemment agress\u00e9 son fils de 6 ans \u00e0 bord d\u2019un TGV reliant Lille \u00e0 N\u00eemes.<\/p>\n<p>Elle frappe violemment son fils de 6 ans dans le train<\/p>\n<p>Selon plusieurs t\u00e9moignages relay\u00e9s par le <a href=\"https:\/\/www.leparisien.fr\/faits-divers\/une-femme-interpellee-pour-avoir-frappe-violemment-son-fils-de-6-ans-dans-le-tgv-07-12-2025-2GAGPRUFLNGXVDWQWN6OV3EI2A.php\" target=\"_self\" rel=\"noopener\">Parisien,<\/a> la m\u00e8re se serait emport\u00e9e lorsque l\u2019enfant a renvers\u00e9 une boisson. Sous les yeux choqu\u00e9s des voyageurs, elle lui aurait attrap\u00e9 la t\u00eate pour la frapper contre la tablette du si\u00e8ge, avant de le tirer par les cheveux et l\u2019\u00e9trangler.<\/p>\n<p>Plusieurs passagers ont imm\u00e9diatement fait un signalement au 3117, le num\u00e9ro d\u2019urgence de la SNCF. Lorsque le train s\u2019est arr\u00eat\u00e9\u00a0en gare de Marne-la-Vall\u00e9e, des agents de s\u00fbret\u00e9 ferroviaire sont intervenus \u00e0 bord.\u00a0La m\u00e8re de famille a \u00e9t\u00e9 interpell\u00e9e sur le quai et conduite au commissariat.<\/p>\n<p>La m\u00e8re plac\u00e9e en garde \u00e0 vue<\/p>\n<p>Le petit gar\u00e7on a \u00e9t\u00e9 pris en charge temporairement par l\u2019Aide sociale \u00e0 l\u2019enfance et plac\u00e9 en foyer pour la nuit. La quadrag\u00e9naire, elle, a \u00e9t\u00e9 plac\u00e9e en garde \u00e0 vue pour \u00ab\u00a0violences volontaires par ascendant sur mineur de 15 ans\u00a0\u00bb, confirme le parquet de Meaux au <a href=\"https:\/\/www.leparisien.fr\/faits-divers\/une-femme-interpellee-pour-avoir-frappe-violemment-son-fils-de-6-ans-dans-le-tgv-07-12-2025-2GAGPRUFLNGXVDWQWN6OV3EI2A.php\" target=\"_self\" rel=\"noopener\">Parisien<\/a>.<\/p>\n<p>Les enqu\u00eateurs devront notamment d\u00e9terminer\u00a0si ces violences sont ponctuelles ou r\u00e9p\u00e9t\u00e9es. La m\u00e8re serait par ailleurs connue des services de police, ce que le parquet n\u2019a pas voulu commenter. Elle\u00a0encourt jusqu\u2019\u00e0 cinq ans de prison et 75\u00a0000\u00a0euros d\u2019amende, voire dix ans si l\u2019incapacit\u00e9 totale de travail de son fils\u00a0d\u00e9passe huit jours.<\/p>\n","protected":false},"excerpt":{"rendered":"Une femme de 42 ans a \u00e9t\u00e9 arr\u00eat\u00e9e samedi 6\u00a0d\u00e9cembre 2025 en gare de Marne-la-Vall\u00e9e-Chessy, soup\u00e7onn\u00e9e d\u2019avoir agress\u00e9&hellip;\n","protected":false},"author":2,"featured_media":584963,"comment_status":"","ping_status":"","sticky":false,"template":"","format":"standard","meta":{"footnotes":""},"categories":[2815],"tags":[1111,11,1777,674,118,1011,27,811,1307,12,25],"class_list":{"0":"post-584962","1":"post","2":"type-post","3":"status-publish","4":"format-standard","5":"has-post-thumbnail","7":"category-lille","8":"tag-actu","9":"tag-actualites","10":"tag-eu","11":"tag-europe","12":"tag-faits-divers","13":"tag-fr","14":"tag-france","15":"tag-hauts-de-france","16":"tag-lille","17":"tag-news","18":"tag-republique-francaise"},"share_on_mastodon":{"url":"https:\/\/pubeurope.com\/@fr\/115680325310418069","error":""},"_links":{"self":[{"href":"https:\/\/www.europesays.com\/fr\/wp-json\/wp\/v2\/posts\/584962","targetHints":{"allow":["GET"]}}],"collection":[{"href":"https:\/\/www.europesays.com\/fr\/wp-json\/wp\/v2\/posts"}],"about":[{"href":"https:\/\/www.europesays.com\/fr\/wp-json\/wp\/v2\/types\/post"}],"author":[{"embeddable":true,"href":"https:\/\/www.europesays.com\/fr\/wp-json\/wp\/v2\/users\/2"}],"replies":[{"embeddable":true,"href":"https:\/\/www.europesays.com\/fr\/wp-json\/wp\/v2\/comments?post=584962"}],"version-history":[{"count":0,"href":"https:\/\/www.europesays.com\/fr\/wp-json\/wp\/v2\/posts\/584962\/revisions"}],"wp:featuredmedia":[{"embeddable":true,"href":"https:\/\/www.europesays.com\/fr\/wp-json\/wp\/v2\/media\/584963"}],"wp:attachment":[{"href":"https:\/\/www.europesays.com\/fr\/wp-json\/wp\/v2\/media?parent=584962"}],"wp:term":[{"taxonomy":"category","embeddable":true,"href":"https:\/\/www.europesays.com\/fr\/wp-json\/wp\/v2\/categories?post=584962"},{"taxonomy":"post_tag","embeddable":true,"href":"https:\/\/www.europesays.com\/fr\/wp-json\/wp\/v2\/tags?post=584962"}],"curies":[{"name":"wp","href":"https:\/\/api.w.org\/{rel}","templated":true}]}}