{"id":584964,"date":"2025-12-07T21:08:18","date_gmt":"2025-12-07T21:08:18","guid":{"rendered":"https:\/\/www.europesays.com\/fr\/584964\/"},"modified":"2025-12-07T21:08:18","modified_gmt":"2025-12-07T21:08:18","slug":"marseille-21-entreprises-du-patrimoine-vivant-labellisees","status":"publish","type":"post","link":"https:\/\/www.europesays.com\/fr\/584964\/","title":{"rendered":"Marseille. 21 entreprises du patrimoine vivant labellis\u00e9es"},"content":{"rendered":"<p>Cr\u00e9\u00e9 voil\u00e0 20 ans ce label est attribu\u00e9 sous les ors de la pr\u00e9fecture pour saluer un savoir-faire rare et ancestral mais aussi une capacit\u00e9 \u00e0 transmettre et \u00e0 innover. Cette ann\u00e9e 3 nouvelles entreprises entrent dans ce cercle assez ferm\u00e9 et 18 ont \u00e9t\u00e9 renouvel\u00e9es.<br \/>\n<img fetchpriority=\"high\" decoding=\"async\" class=\"size-large wp-image-111316\" src=\"https:\/\/www.europesays.com\/fr\/wp-content\/uploads\/2025\/12\/IMG-20251206-WA0002-1024x768.jpg\" alt=\"Destimed IMG 20251206 WA0002\" width=\"1024\" height=\"768\"  \/>Cette ann\u00e9e 3 nouvelles entreprises entrent dans ce cercle assez ferm\u00e9 du label patrimoine vivant et 18 ont \u00e9t\u00e9 renouvel\u00e9es \u00a9 Jo\u00ebl Barcy<br \/>\nUne centaine d\u2019entreprises<br \/>\n<img loading=\"lazy\" decoding=\"async\" class=\"size-large wp-image-111320\" src=\"https:\/\/www.europesays.com\/fr\/wp-content\/uploads\/2025\/12\/IMG-20251207-WA0001-1024x473.jpg\" alt=\"Destimed IMG 20251207 WA0001\" width=\"1024\" height=\"473\"  \/>Yann Gaudin, le descendant et g\u00e9rant de la Ferronnerie d\u2019Art Gaudin \u00a9 Jo\u00ebl Barcy<\/p>\n<p>C\u2019est un cercle assez ferm\u00e9. La r\u00e9gion compte une centaine d\u2019entreprises du patrimoine vivant. La France en totalise 1 200. Ce dipl\u00f4me national est remis sous le haut patronage du pr\u00e9sident de la R\u00e9publique. Il salue un savoir-faire, une capacit\u00e9 \u00e0 transmettre et \u00e0 innover dans des domaines assez vari\u00e9s : santonniers, verriers, savonniers, des artisans en ferronnerie, des bijoutiers, des confiseurs. Pour tous les b\u00e9n\u00e9ficiaires, c\u2019est le Graal. \u00ab Le label du patrimoine vivant est la plus grande reconnaissance de l\u2019artisanat et des m\u00e9tiers d\u2019art, confie Yann Gaudin, le descendant et g\u00e9rant de la Ferronnerie d\u2019Art Gaudin. C\u2019est une vie d\u2019engagement, des g\u00e9n\u00e9rations d\u2019engagement depuis mon arri\u00e8re-grand-p\u00e8re jusqu\u2019\u00e0 moi aujourd\u2019hui. On est tr\u00e8s fiers de l\u2019obtenir gr\u00e2ce \u00e0 notre travail. C\u2019est un m\u00e9tier difficile, exigent qui demande parfois de faire des semaines \u00e0 80 heures. Gr\u00e2ce \u00e0 ce label j\u2019esp\u00e8re que l\u2019on va pouvoir changer de braquet dans les 5 ann\u00e9es \u00e0 venir.\u00bb<\/p>\n<p>Savoir-faire et transmission<br \/>\n<img loading=\"lazy\" decoding=\"async\" class=\"size-large wp-image-111319\" src=\"https:\/\/www.europesays.com\/fr\/wp-content\/uploads\/2025\/12\/IMG-20251207-WA0000-1024x473.jpg\" alt=\"Destimed IMG 20251207 WA0000\" width=\"1024\" height=\"473\"  \/>Claire Viale, la pr\u00e9sidente de la soci\u00e9t\u00e9 Callistorea \u00a9 Jo\u00ebl Barcy<\/p>\n<p>La soci\u00e9t\u00e9 Callistorea est plus r\u00e9cente. Elle a \u00e9t\u00e9 cr\u00e9\u00e9e voil\u00e0 30 ans. Mais tous les laur\u00e9ats ont en commun un savoir-faire d\u2019exception, une capacit\u00e9 \u00e0 transmettre et innover. Callistorea est sp\u00e9cialis\u00e9e dans la cr\u00e9ation, la fabrication et la r\u00e9paration de bijoux en m\u00e9taux pr\u00e9cieux. Pour Claire Viale, la pr\u00e9sidente de la soci\u00e9t\u00e9, ce label \u00ab contribue \u00e0 am\u00e9liorer notre image par rapport aux concurrences et par rapport \u00e0 la fabrication fran\u00e7aise. C\u2019est une vraie fiert\u00e9 surtout pour les \u00e9quipes parce que ce sont eux qui travaillent tous les jours avec leurs mains, avec la pr\u00e9cision de leurs gestes, ils travaillent avec minutie et acharnement, je suis tr\u00e8s fi\u00e8re pour eux. \u00bb<\/p>\n<p>La n\u00e9cessit\u00e9 de s\u2019unir<br \/>\n<img loading=\"lazy\" decoding=\"async\" class=\"size-large wp-image-111315\" src=\"data:image\/svg+xml,%3Csvg%20xmlns=\" http:=\"\" alt=\"Destimed IMG 20251206 WA0001\" width=\"1024\" height=\"473\" data-lazy- data-lazy- data-lazy-src=\"https:\/\/www.europesays.com\/fr\/wp-content\/uploads\/2025\/12\/IMG-20251206-WA0001-1024x473.jpg\"\/>Ce label est attribu\u00e9 sous les ors de la pr\u00e9fecture pour saluer un savoir-faire rare et ancestral \u00a9 Jo\u00ebl Barcy<\/p>\n<p>Une association des EPV a vu le jour mais moins du tiers y adh\u00e8re. C\u2019est trop peu pour peser, organiser des salons, avoir une force. C\u2019est l\u2019appel qui a \u00e9t\u00e9 lanc\u00e9 lors de la remise des dipl\u00f4mes. \u00ab On a besoin de l\u2019aide et du support de toutes pour que le label des EPV rayonne en r\u00e9gion, analyse Guillaume Fievet, le pr\u00e9sident de l\u2019association des entreprises du patrimoine vivant. C\u2019est aussi un r\u00e9seau d\u2019entraide entre les entreprises. Il faut qu\u2019on travaille tous ensemble pour ce rayonnement. \u00bb<\/p>\n<\/p>\n<p>Remise en question<\/p>\n<p>Comme les \u00e9toiles du guide Michelin, le label n\u2019est pas \u00e9ternel. Tous les 5 ans un organisme certificateur valide ou non le renouvellement du label \u00ab entreprises du patrimoine vivant \u00bb. Raison de plus pour\u00a0 afficher son savoir-faire, sa capacit\u00e9 \u00e0 transmettre et son innovation.<\/p>\n<p><strong>Reportage Jo\u00ebl BARCY<\/strong><\/p>\n","protected":false},"excerpt":{"rendered":"Cr\u00e9\u00e9 voil\u00e0 20 ans ce label est attribu\u00e9 sous les ors de la pr\u00e9fecture pour saluer un savoir-faire&hellip;\n","protected":false},"author":2,"featured_media":584965,"comment_status":"","ping_status":"","sticky":false,"template":"","format":"standard","meta":{"footnotes":""},"categories":[2814],"tags":[1111,11,1777,674,1011,27,884,12,882,25],"class_list":{"0":"post-584964","1":"post","2":"type-post","3":"status-publish","4":"format-standard","5":"has-post-thumbnail","7":"category-marseille","8":"tag-actu","9":"tag-actualites","10":"tag-eu","11":"tag-europe","12":"tag-fr","13":"tag-france","14":"tag-marseille","15":"tag-news","16":"tag-provence-alpes-cote-dazur","17":"tag-republique-francaise"},"share_on_mastodon":{"url":"https:\/\/pubeurope.com\/@fr\/115680334210550071","error":""},"_links":{"self":[{"href":"https:\/\/www.europesays.com\/fr\/wp-json\/wp\/v2\/posts\/584964","targetHints":{"allow":["GET"]}}],"collection":[{"href":"https:\/\/www.europesays.com\/fr\/wp-json\/wp\/v2\/posts"}],"about":[{"href":"https:\/\/www.europesays.com\/fr\/wp-json\/wp\/v2\/types\/post"}],"author":[{"embeddable":true,"href":"https:\/\/www.europesays.com\/fr\/wp-json\/wp\/v2\/users\/2"}],"replies":[{"embeddable":true,"href":"https:\/\/www.europesays.com\/fr\/wp-json\/wp\/v2\/comments?post=584964"}],"version-history":[{"count":0,"href":"https:\/\/www.europesays.com\/fr\/wp-json\/wp\/v2\/posts\/584964\/revisions"}],"wp:featuredmedia":[{"embeddable":true,"href":"https:\/\/www.europesays.com\/fr\/wp-json\/wp\/v2\/media\/584965"}],"wp:attachment":[{"href":"https:\/\/www.europesays.com\/fr\/wp-json\/wp\/v2\/media?parent=584964"}],"wp:term":[{"taxonomy":"category","embeddable":true,"href":"https:\/\/www.europesays.com\/fr\/wp-json\/wp\/v2\/categories?post=584964"},{"taxonomy":"post_tag","embeddable":true,"href":"https:\/\/www.europesays.com\/fr\/wp-json\/wp\/v2\/tags?post=584964"}],"curies":[{"name":"wp","href":"https:\/\/api.w.org\/{rel}","templated":true}]}}