{"id":584966,"date":"2025-12-07T21:09:11","date_gmt":"2025-12-07T21:09:11","guid":{"rendered":"https:\/\/www.europesays.com\/fr\/584966\/"},"modified":"2025-12-07T21:09:11","modified_gmt":"2025-12-07T21:09:11","slug":"retour-du-soleil-en-debut-de-semaine-a-lyon","status":"publish","type":"post","link":"https:\/\/www.europesays.com\/fr\/584966\/","title":{"rendered":"retour du soleil en d\u00e9but de semaine \u00e0 Lyon"},"content":{"rendered":"<p class=\"content\" style=\"font-size:1.2em;font-weight:700\">Le soleil devrait se d\u00e9voiler en ce d\u00e9but de semaine \u00e0 Lyon et dans sa m\u00e9tropole. Les temp\u00e9ratures vont grimper pour atteindre jusqu&rsquo;\u00e0 16 degr\u00e9s ce mardi 9 d\u00e9cembre. <\/p>\n<p>Le soleil n&rsquo;avait donc pas totalement disparu du ciel lyonnais ! Il devrait m\u00eame revenir en ce d\u00e9but de semaine \u00e0 Lyon et dans sa m\u00e9tropole. Lundi 8 d\u00e9cembre, le ciel restera voil\u00e9 toute la journ\u00e9e, avec des temp\u00e9ratures \u00e0 10 degr\u00e9s le matin et jusqu&rsquo;\u00e0 12 degr\u00e9s dans l&rsquo;apr\u00e8s-midi. Dans la soir\u00e9e et la nuit, le mercure devrait seulement retomber \u00e0 8 degr\u00e9s. <\/p>\n<p>Mardi 9 d\u00e9cembre, les Lyonnais se r\u00e9veilleront avec les rayons du soleil. D\u00e8s le matin, de belles \u00e9claircies sont attendues, avec des temp\u00e9ratures de 10 degr\u00e9s. L&rsquo;apr\u00e8s-midi, des nuages r\u00e9apparaitront sans pour autant cacher le soleil. Les temp\u00e9ratures grimperont jusqu&rsquo;\u00e0 16 degr\u00e9s au plus fort de la journ\u00e9e. Du vent du sud \u00e0 20 km\/h est cependant annonc\u00e9 toute la journ\u00e9e, avec des rafales dans l&rsquo;apr\u00e8s-midi allant jusqu&rsquo;\u00e0 45 km\/h. <\/p>\n<p>Le soleil devrait persister ce mercredi 10 d\u00e9cembre, avec quelques nuages dans la matin\u00e9e. C\u00f4t\u00e9 temp\u00e9ratures, il fera 10 degr\u00e9s le matin et jusqu&rsquo;\u00e0 12 degr\u00e9s dans l&rsquo;apr\u00e8s-midi. <\/p>\n","protected":false},"excerpt":{"rendered":"Le soleil devrait se d\u00e9voiler en ce d\u00e9but de semaine \u00e0 Lyon et dans sa m\u00e9tropole. Les temp\u00e9ratures&hellip;\n","protected":false},"author":2,"featured_media":584967,"comment_status":"","ping_status":"","sticky":false,"template":"","format":"standard","meta":{"footnotes":""},"categories":[1889],"tags":[1111,11,2430,1777,674,1011,27,2428,55015,12,25,2429],"class_list":{"0":"post-584966","1":"post","2":"type-post","3":"status-publish","4":"format-standard","5":"has-post-thumbnail","7":"category-lyon","8":"tag-actu","9":"tag-actualites","10":"tag-auvergne-rhone-alpes","11":"tag-eu","12":"tag-europe","13":"tag-fr","14":"tag-france","15":"tag-lyon","16":"tag-meteo-automne-lyon","17":"tag-news","18":"tag-republique-francaise","19":"tag-rhone"},"share_on_mastodon":{"url":"https:\/\/pubeurope.com\/@fr\/115680337276066283","error":""},"_links":{"self":[{"href":"https:\/\/www.europesays.com\/fr\/wp-json\/wp\/v2\/posts\/584966","targetHints":{"allow":["GET"]}}],"collection":[{"href":"https:\/\/www.europesays.com\/fr\/wp-json\/wp\/v2\/posts"}],"about":[{"href":"https:\/\/www.europesays.com\/fr\/wp-json\/wp\/v2\/types\/post"}],"author":[{"embeddable":true,"href":"https:\/\/www.europesays.com\/fr\/wp-json\/wp\/v2\/users\/2"}],"replies":[{"embeddable":true,"href":"https:\/\/www.europesays.com\/fr\/wp-json\/wp\/v2\/comments?post=584966"}],"version-history":[{"count":0,"href":"https:\/\/www.europesays.com\/fr\/wp-json\/wp\/v2\/posts\/584966\/revisions"}],"wp:featuredmedia":[{"embeddable":true,"href":"https:\/\/www.europesays.com\/fr\/wp-json\/wp\/v2\/media\/584967"}],"wp:attachment":[{"href":"https:\/\/www.europesays.com\/fr\/wp-json\/wp\/v2\/media?parent=584966"}],"wp:term":[{"taxonomy":"category","embeddable":true,"href":"https:\/\/www.europesays.com\/fr\/wp-json\/wp\/v2\/categories?post=584966"},{"taxonomy":"post_tag","embeddable":true,"href":"https:\/\/www.europesays.com\/fr\/wp-json\/wp\/v2\/tags?post=584966"}],"curies":[{"name":"wp","href":"https:\/\/api.w.org\/{rel}","templated":true}]}}