{"id":584970,"date":"2025-12-07T21:12:36","date_gmt":"2025-12-07T21:12:36","guid":{"rendered":"https:\/\/www.europesays.com\/fr\/584970\/"},"modified":"2025-12-07T21:12:36","modified_gmt":"2025-12-07T21:12:36","slug":"le-2e-barometre-de-la-decarbonation-de-lile-de-france-montre-une-tendance-encourageante","status":"publish","type":"post","link":"https:\/\/www.europesays.com\/fr\/584970\/","title":{"rendered":"le 2e barom\u00e8tre de la d\u00e9carbonation de l\u2019\u00cele-de-France montre une \u00ab tendance encourageante \u00bb"},"content":{"rendered":"<p class=\"entry-content-excerpt\">La deuxi\u00e8me \u00e9dition du barom\u00e8tre de la d\u00e9carbonation d\u2019\u00cele-de-France, coordonn\u00e9e par le Journal du Grand Paris, a \u00e9t\u00e9 pr\u00e9sent\u00e9e le jeudi 27 novembre lors de la s\u00e9ance pl\u00e9ni\u00e8re des Assises du Grand Paris. Appuy\u00e9 sur trois grandes th\u00e9matiques (mobilit\u00e9s, \u00e9nergies et parc immobilier), le barom\u00e8tre marque des \u00e9volutions int\u00e9ressantes en termes de mobilit\u00e9 mais r\u00e9v\u00e8le \u00e9galement des stagnations, comme par exemple pour les r\u00e9seaux de chaleur.<\/p>\n<p>\u00ab Les tendances sont encourageantes sur le sujet des mobilit\u00e9s notamment, ce qui est int\u00e9ressant car c\u2019est l\u2019un des secteurs les plus \u00e9metteurs en gaz \u00e0 effet de serre\u00a0\u00bb, souligne Patricia Pelloux, directrice adjointe de l\u2019Atelier parisien d\u2019urbanisme (Apur), ce jeudi 27 novembre lors de la pl\u00e9ni\u00e8re des Assises du Grand Paris, organis\u00e9es par Le journal du Grand Paris et la M\u00e9tropole, avec de nombreux partenaires, et dont l\u2019ouverture est consacr\u00e9e \u00e0 la pr\u00e9sentation de la deuxi\u00e8me \u00e9dition du barom\u00e8tre de la d\u00e9carbonation de l\u2019\u00cele-de-France. Au rayon des signaux encourageants, avec 427\u00a0964 v\u00e9hicules (dont 250\u00a0000 \u00e0 l\u2019int\u00e9rieur du p\u00e9rim\u00e8tre de la m\u00e9tropole du Grand Paris), le nombre de voitures \u00e9lectriques et hybrides en circulation dans la r\u00e9gion n\u2019a jamais \u00e9t\u00e9 aussi \u00e9lev\u00e9, en augmentation de plus de 73\u00a0% par rapport \u00e0 2024. \u00ab\u00a0On est pass\u00e9 de 3,7\u00a0% \u00e0 7\u00a0% du parc en circulation\u00a0\u00bb, pr\u00e9cise Patricia Pelloux. Le nombre de points de charge accessibles au public a \u00e9galement augment\u00e9, passant de 18\u00a0800 \u00e0 22\u00a0688 en un an. \u00ab\u00a0Toujours sur les modes bas carbone, le nombre de kilom\u00e8tres de pistes cyclables a augment\u00e9 de 9\u00a0% en un an, ce qui correspond \u00e0 840\u00a0km\u00a0\u00bb, souligne Patricia Pelloux. Le nombre de points d\u2019avitaillement en gaz pour les poids lourds a \u00e9galement augment\u00e9 (+4\u00a0%).<\/p>\n<p><a href=\"https:\/\/www.europesays.com\/fr\/wp-content\/uploads\/2025\/12\/Assises-2025-Barome\u0300tre-David-Arous-3.jpg\"><img decoding=\"async\" aria-describedby=\"caption-attachment-233787\" loading=\"lazy\" class=\"wp-image-233787\" src=\"https:\/\/www.europesays.com\/fr\/wp-content\/uploads\/2025\/12\/Assises-2025-Barome\u0300tre-David-Arous-3.jpg\" alt=\"\" width=\"542\" height=\"361\"  \/><\/a><\/p>\n<p id=\"caption-attachment-233787\" class=\"wp-caption-text\">Patricia Pelloux, entour\u00e9e de Thomas Hemmerdinger et d\u2019H\u00e9l\u00e8ne Genin. \u00a9 David Arous<\/p>\n<p><a href=\"https:\/\/www.europesays.com\/fr\/wp-content\/uploads\/2025\/12\/Assises-2025-Barome\u0300tre-David-Arous-8.jpg\"><img decoding=\"async\" aria-describedby=\"caption-attachment-233782\" loading=\"lazy\" class=\"wp-image-233782 size-full\" src=\"https:\/\/www.europesays.com\/fr\/wp-content\/uploads\/2025\/12\/Assises-2025-Barome\u0300tre-David-Arous-8.jpg\" alt=\"\" width=\"559\" height=\"400\"  \/><\/a><\/p>\n<p id=\"caption-attachment-233782\" class=\"wp-caption-text\">Patricia Pelloux, directrice g\u00e9n\u00e9rale adjointe de l\u2019Apur. \u00a9 David Arous<\/p>\n<p><a href=\"https:\/\/www.europesays.com\/fr\/wp-content\/uploads\/2025\/12\/Assises-2025-Barome\u0300tre-David-Arous-4.jpg\"><img decoding=\"async\" aria-describedby=\"caption-attachment-233786\" loading=\"lazy\" class=\"wp-image-233786\" src=\"https:\/\/www.europesays.com\/fr\/wp-content\/uploads\/2025\/12\/Assises-2025-Barome\u0300tre-David-Arous-4.jpg\" alt=\"\" width=\"540\" height=\"360\"  \/><\/a><\/p>\n<p id=\"caption-attachment-233786\" class=\"wp-caption-text\">\u00a9\u00a0David Arous<\/p>\n<p>Au rayon de la production \u00e9nerg\u00e9tique, les tendances de sortie des \u00e9nergies fossiles sont, l\u00e0 encore, positives, m\u00eame si moins dynamiques que sur les mobilit\u00e9s. \u00ab\u00a0L\u2019\u00cele-de-France est un monstre \u00e9nerg\u00e9tique du fait de sa taille. C\u2019est l\u2019une des r\u00e9gions qui consomment le plus d\u2019\u00e9nergie et qui en produisent le moins\u00a0\u00bb, explique, en pr\u00e9ambule, Thomas Hemmerdinger, directeur de l\u2019Agence r\u00e9gionale \u00e9nergie climat (Arec) d\u2019\u00cele-de-France. Si les donn\u00e9es ne sont pas aussi r\u00e9centes que celles li\u00e9es aux mobilit\u00e9s (l\u2019ann\u00e9e la plus r\u00e9cente est 2023), elles montrent qu\u2019au global, la production \u00e9nerg\u00e9tique locale augmente l\u00e9g\u00e8rement de 5\u00a0% entre 2022 et 2023. La production d\u2019\u00e9nergie renouvelable atteint 20,3\u00a0TWh en 2023. \u00ab\u00a0Si l\u2019on d\u00e9zoome un peu, on constate une baisse \u00e9norme du charbon depuis 2005, qui n\u2019est quasiment plus utilis\u00e9. Le gaz a \u00e9galement fortement diminu\u00e9 et, en parall\u00e8le, on assiste \u00e0 un v\u00e9ritable renouveau de la g\u00e9othermie, avec une vingtaine de forages en cours. La m\u00e9thanisation est en croissance de 20\u00a0% entre 2022 et 2023, dans l\u2019agriculture mais \u00e9galement sur les stations d\u2019\u00e9puration. Le solaire, enfin, est en fort d\u00e9veloppement\u00a0\u00bb, d\u00e9taille Thomas Hemmerdinger.<\/p>\n<p>Une progression moindre des r\u00e9seaux de chaleur<\/p>\n<p>Du c\u00f4t\u00e9 des r\u00e9seaux de chaleur, en revanche, l\u2019\u00e9volution vers la d\u00e9carbonation est moins marqu\u00e9e. Malgr\u00e9 un nombre de r\u00e9seaux en hausse entre 2022 et 2023 (136 r\u00e9seaux contre 135), des longueurs de r\u00e9seaux en augmentation (2\u00a0285 km) et toujours plus de b\u00e2timents raccord\u00e9s (16\u00a0461 contre 15\u00a0711 en 2022), la chaleur livr\u00e9e est en baisse et le taux d\u2019ENR utilis\u00e9 dans les r\u00e9seaux stagne, passant de 58 \u00e0 57\u00a0%. \u00ab\u00a0C\u2019est d\u00e9j\u00e0 bien, mais ce n\u2019est pas assez. Il faut tendre vers 75 % d\u2019ENR dans les r\u00e9seaux de chaleur \u00e0 l\u2019horizon 2035\u00a0\u00bb, pr\u00e9cise Thomas Hemmerdinger. Il faut pr\u00e9ciser que les r\u00e9seaux de chaleur \u00e9taient tr\u00e8s carbon\u00e9s par le pass\u00e9. La centrale de chaleur de Saint-Ouen, de la CPCU, fonctionnait, par exemple, exclusivement au charbon en 1975.<\/p>\n<p><a href=\"https:\/\/www.europesays.com\/fr\/wp-content\/uploads\/2025\/12\/Assises-2025-Barome\u0300tre-David-Arous-5.jpg\"><img decoding=\"async\" aria-describedby=\"caption-attachment-233784\" loading=\"lazy\" class=\"wp-image-233784 \" src=\"https:\/\/www.europesays.com\/fr\/wp-content\/uploads\/2025\/12\/Assises-2025-Barome\u0300tre-David-Arous-5.jpg\" alt=\"\" width=\"540\" height=\"360\"  \/><\/a><\/p>\n<p id=\"caption-attachment-233784\" class=\"wp-caption-text\">Thomas Hemmerdinger. \u00a9 David Arous<\/p>\n<p><a href=\"https:\/\/www.europesays.com\/fr\/wp-content\/uploads\/2025\/12\/Assises-2025-Barome\u0300tre-David-Arous-7.jpg\"><img decoding=\"async\" aria-describedby=\"caption-attachment-233785\" loading=\"lazy\" class=\"wp-image-233785\" src=\"https:\/\/www.europesays.com\/fr\/wp-content\/uploads\/2025\/12\/Assises-2025-Barome\u0300tre-David-Arous-7.jpg\" alt=\"\" width=\"542\" height=\"347\"  \/><\/a><\/p>\n<p id=\"caption-attachment-233785\" class=\"wp-caption-text\">H\u00e9l\u00e8ne Genin. \u00a9 David Arous<\/p>\n<p>Du c\u00f4t\u00e9 de l\u2019immobilier, enfin, H\u00e9l\u00e8ne Genin, d\u00e9l\u00e9gu\u00e9e g\u00e9n\u00e9rale de l\u2019association BBCA, constate que \u00ab\u00a0plus de 4 millions de m\u00b2 sont engag\u00e9s dans un label BBCA, ce qui correspond \u00e0 422 op\u00e9rations, dont 1,65 million de m\u00b2 en instruction en label BBCA en un an, soit 126 op\u00e9rations\u00a0\u00bb. Ces 1,65 million de nouvelles instructions sur un an, au 15 juillet 2025, se composent, entre autres, de 922\u00a0666 m\u00b2 de surfaces tertiaires et de 281\u00a0115 m\u00b2 de surfaces r\u00e9sidentielles. En termes de r\u00e9novation \u00e9nerg\u00e9tique de l\u2019existant, 21\u00a0830 copropri\u00e9t\u00e9s sont inscrites sur CoachCopro en 2025, contre 3\u00a0300 en 2019, sur le territoire de la m\u00e9tropole du Grand Paris. \u00ab\u00a0Nous r\u00e9fl\u00e9chissons \u00e0 des m\u00e9thodes qui nous permettraient de mesurer en une seule fois le neuf et la r\u00e9novation en BBCA, car une op\u00e9ration n\u2019est jamais enti\u00e8rement neuve, il s\u2019agit souvent d\u2019un peu de r\u00e9novation et de neuf\u00a0\u00bb, pr\u00e9cise H\u00e9l\u00e8ne Genin.<\/p>\n<p><a href=\"https:\/\/www.europesays.com\/fr\/wp-content\/uploads\/2025\/12\/Capture-de\u0301cran-2025-12-07-a\u0300-10.57.14.png\"><img decoding=\"async\" loading=\"lazy\" class=\"aligncenter size-full wp-image-233798\" src=\"https:\/\/www.europesays.com\/fr\/wp-content\/uploads\/2025\/12\/Capture-de\u0301cran-2025-12-07-a\u0300-10.57.14.png\" alt=\"\" width=\"2796\" height=\"1592\"  \/><\/a><\/p>\n<p><a href=\"https:\/\/www.europesays.com\/fr\/wp-content\/uploads\/2025\/12\/Capture-de\u0301cran-2025-12-07-a\u0300-10.57.24.png\"><img decoding=\"async\" loading=\"lazy\" class=\"aligncenter size-full wp-image-233797\" src=\"https:\/\/www.europesays.com\/fr\/wp-content\/uploads\/2025\/12\/Capture-de\u0301cran-2025-12-07-a\u0300-10.57.24.png\" alt=\"\" width=\"2800\" height=\"1576\"  \/><\/a><\/p>\n<p><a href=\"https:\/\/www.europesays.com\/fr\/wp-content\/uploads\/2025\/12\/Capture-de\u0301cran-2025-12-07-a\u0300-10.57.35.png\"><img decoding=\"async\" loading=\"lazy\" class=\"aligncenter size-full wp-image-233796\" src=\"https:\/\/www.europesays.com\/fr\/wp-content\/uploads\/2025\/12\/Capture-de\u0301cran-2025-12-07-a\u0300-10.57.35.png\" alt=\"\" width=\"2802\" height=\"1580\"  \/><\/a><\/p>\n<p><a href=\"https:\/\/www.europesays.com\/fr\/wp-content\/uploads\/2025\/12\/Capture-de\u0301cran-2025-12-07-a\u0300-10.57.47.png\"><img decoding=\"async\" loading=\"lazy\" class=\"aligncenter size-full wp-image-233795\" src=\"https:\/\/www.europesays.com\/fr\/wp-content\/uploads\/2025\/12\/Capture-de\u0301cran-2025-12-07-a\u0300-10.57.47.png\" alt=\"\" width=\"2800\" height=\"1584\"  \/><\/a><\/p>\n<p><a href=\"https:\/\/www.europesays.com\/fr\/wp-content\/uploads\/2025\/12\/Capture-de\u0301cran-2025-12-07-a\u0300-10.57.56.png\"><img decoding=\"async\" loading=\"lazy\" class=\"aligncenter size-full wp-image-233794\" src=\"https:\/\/www.europesays.com\/fr\/wp-content\/uploads\/2025\/12\/Capture-de\u0301cran-2025-12-07-a\u0300-10.57.56.png\" alt=\"\" width=\"2806\" height=\"1582\"  \/><\/a><\/p>\n<p><a href=\"https:\/\/www.europesays.com\/fr\/wp-content\/uploads\/2025\/12\/Capture-de\u0301cran-2025-12-07-a\u0300-10.58.36.png\"><img decoding=\"async\" loading=\"lazy\" class=\"aligncenter size-full wp-image-233791\" src=\"https:\/\/www.europesays.com\/fr\/wp-content\/uploads\/2025\/12\/Capture-de\u0301cran-2025-12-07-a\u0300-10.58.36.png\" alt=\"\" width=\"2804\" height=\"1590\"  \/><\/a><\/p>\n","protected":false},"excerpt":{"rendered":"La deuxi\u00e8me \u00e9dition du barom\u00e8tre de la d\u00e9carbonation d\u2019\u00cele-de-France, coordonn\u00e9e par le Journal du Grand Paris, a \u00e9t\u00e9&hellip;\n","protected":false},"author":2,"featured_media":584971,"comment_status":"","ping_status":"","sticky":false,"template":"","format":"standard","meta":{"footnotes":""},"categories":[1592],"tags":[1111,11,1777,674,1011,27,662,12,626,25],"class_list":{"0":"post-584970","1":"post","2":"type-post","3":"status-publish","4":"format-standard","5":"has-post-thumbnail","7":"category-ile-de-france","8":"tag-actu","9":"tag-actualites","10":"tag-eu","11":"tag-europe","12":"tag-fr","13":"tag-france","14":"tag-ile-de-france","15":"tag-news","16":"tag-paris","17":"tag-republique-francaise"},"share_on_mastodon":{"url":"https:\/\/pubeurope.com\/@fr\/115680350259266780","error":""},"_links":{"self":[{"href":"https:\/\/www.europesays.com\/fr\/wp-json\/wp\/v2\/posts\/584970","targetHints":{"allow":["GET"]}}],"collection":[{"href":"https:\/\/www.europesays.com\/fr\/wp-json\/wp\/v2\/posts"}],"about":[{"href":"https:\/\/www.europesays.com\/fr\/wp-json\/wp\/v2\/types\/post"}],"author":[{"embeddable":true,"href":"https:\/\/www.europesays.com\/fr\/wp-json\/wp\/v2\/users\/2"}],"replies":[{"embeddable":true,"href":"https:\/\/www.europesays.com\/fr\/wp-json\/wp\/v2\/comments?post=584970"}],"version-history":[{"count":0,"href":"https:\/\/www.europesays.com\/fr\/wp-json\/wp\/v2\/posts\/584970\/revisions"}],"wp:featuredmedia":[{"embeddable":true,"href":"https:\/\/www.europesays.com\/fr\/wp-json\/wp\/v2\/media\/584971"}],"wp:attachment":[{"href":"https:\/\/www.europesays.com\/fr\/wp-json\/wp\/v2\/media?parent=584970"}],"wp:term":[{"taxonomy":"category","embeddable":true,"href":"https:\/\/www.europesays.com\/fr\/wp-json\/wp\/v2\/categories?post=584970"},{"taxonomy":"post_tag","embeddable":true,"href":"https:\/\/www.europesays.com\/fr\/wp-json\/wp\/v2\/tags?post=584970"}],"curies":[{"name":"wp","href":"https:\/\/api.w.org\/{rel}","templated":true}]}}