{"id":584972,"date":"2025-12-07T21:13:10","date_gmt":"2025-12-07T21:13:10","guid":{"rendered":"https:\/\/www.europesays.com\/fr\/584972\/"},"modified":"2025-12-07T21:13:10","modified_gmt":"2025-12-07T21:13:10","slug":"le-roissybus-qui-relie-paris-a-laeroport-charles-de-gaulle-sera-supprime-a-partir-de-mars-2026","status":"publish","type":"post","link":"https:\/\/www.europesays.com\/fr\/584972\/","title":{"rendered":"Le Roissybus, qui relie Paris \u00e0 l\u2019a\u00e9roport Charles-de-Gaulle, sera supprim\u00e9 \u00e0 partir de mars\u00a02026"},"content":{"rendered":"<p class=\"paragraph text_align_left lp-f-body-02\">Apr\u00e8s <a href=\"https:\/\/www.leparisien.fr\/info-paris-ile-de-france-oise\/transports\/orlybus-la-liaison-routiere-entre-paris-et-laeroport-ferme-definitivement-ce-dimanche-que-des-bons-souvenirs-01-03-2025-GAMCLSCW2RH5FPGO4OVMYUPKZ4.php\" target=\"_blank\" rel=\"noreferrer noopener\">le Orlybus<\/a>, au tour du Roissybus d\u2019\u00eatre supprim\u00e9 du r\u00e9seau d\u2019<a href=\"https:\/\/www.leparisien.fr\/info-paris-ile-de-france-oise\/transports\/entre-la-ratp-et-ile-de-france-mobilites-cest-la-guerre-des-polices-de-caracteres-06-05-2025-FYUWA45HLBBBVDHS3QCT2D3FZQ.php\" target=\"_blank\" rel=\"noreferrer noopener\">\u00cele-de-France Mobilit\u00e9 (IDFM)<\/a>. La navette cessera de circuler \u00e0 partir du 1er mars 2026, a appris Le Parisien ce dimanche, confirmant une information d\u2019<a href=\"https:\/\/actu.fr\/ile-de-france\/paris_75056\/roissybus-la-navette-qui-relie-paris-a-l-aeroport-charles-de-gaulle-va-etre-supprimee-debut-2026_63540064.html\" target=\"_blank\" rel=\"noreferrer noopener\">Actu Paris<\/a>.<\/p>\n<p class=\"paragraph text_align_left lp-f-body-02\">\u00ab Le trac\u00e9 de cette ligne pose des difficult\u00e9s en raison de la congestion r\u00e9guli\u00e8re de l\u2019A1 et de l\u2019acc\u00e8s \u00e0 Paris Centre \u00bb, explique IDFM pour justifier cette suppression, dans un communiqu\u00e9 que Le Parisien a pu consulter.<\/p>\n<p class=\"paragraph text_align_left lp-f-body-02\">Depuis plus de 30 ans, la ligne relie l\u2019arr\u00eat Op\u00e9ra, dans le IXe arrondissement de la capitale, \u00e0 l\u2019a\u00e9roport Paris-Charles-de-Gaulle. Il s\u2019agit de la seule ligne qui dessert l\u2019a\u00e9roport en dehors des heures de circulation du RER B.<\/p>\n<p>Des correspondances avec plusieurs lignes de m\u00e9tro<\/p>\n<p class=\"paragraph text_align_left lp-f-body-02\">D\u00e9sormais, une nouvelle ligne de bus, le 9517, \u00ab desservira l\u2019a\u00e9roport via Saint-Denis-Pleyel \u00bb, ce qui \u00ab permettra aux usagers de b\u00e9n\u00e9ficier de la correspondance avec les lignes 13,14 et le RER D \u00bb en direction de la capitale, fait savoir IDFM.<\/p>\n<p class=\"paragraph text_align_left lp-f-body-02\">\u00ab Cette nouvelle ligne permettra des gains de temps de trajets (50 minutes \u00e0 1h10 depuis le centre de Paris en prenant la 14, contre 1 heure \u00e0 1h20 en moyenne en prenant le Roissybus) \u00bb, promet IDFM, qui pr\u00e9cise que le 9517 sera exploit\u00e9 par <a href=\"https:\/\/www.leparisien.fr\/info-paris-ile-de-france-oise\/transports\/dans-les-bus-du-reseau-transdev-il-vous-reste-une-semaine-pour-relever-le-challenge-validation-24-11-2025-HDPHTDXO4NCHFGWUFQXZ4W7EY4.php\" target=\"_blank\" rel=\"noopener\">Transdev<\/a>.<\/p>\n<p class=\"paragraph text_align_left lp-f-body-02\">\u00c0 plus long terme, la ligne 9517 permettra \u00e9galement des correspondances \u00ab avec les lignes 15, 16, et 17 \u00bb, qui doivent voir le jour avec <a href=\"https:\/\/www.leparisien.fr\/info-paris-ile-de-france-oise\/transports\/grand-paris-express-la-mise-en-service-de-la-premiere-ligne-repoussee-a-lete-2026-28-11-2024-E3PK2SN3KZA7FMJ62IA2MCHNY4.php\" target=\"_blank\" rel=\"noopener\">le Grand Paris Express<\/a>.<\/p>\n<p class=\"paragraph text_align_left lp-f-body-02\">Cette annonce intervient aussi dans le cadre du chantier du <a href=\"https:\/\/www.leparisien.fr\/info-paris-ile-de-france-oise\/transports\/cdg-express-voies-aiguillages-quais-batiment-voyageurs-discretement-la-future-ligne-trace-sa-route-13-09-2023-JDJ56T3ZGJAK5LSMIOSQYAA5XE.php\" target=\"_blank\" rel=\"noreferrer noopener\">CDG Express<\/a>, qui doit permettre, d\u2019ici 2027, de relier la Gare de l\u2019Est \u00e0 Roissy en 20 minutes.<\/p>\n","protected":false},"excerpt":{"rendered":"Apr\u00e8s le Orlybus, au tour du Roissybus d\u2019\u00eatre supprim\u00e9 du r\u00e9seau d\u2019\u00cele-de-France Mobilit\u00e9 (IDFM). La navette cessera de&hellip;\n","protected":false},"author":2,"featured_media":584973,"comment_status":"","ping_status":"","sticky":false,"template":"","format":"standard","meta":{"footnotes":""},"categories":[1888],"tags":[1111,1928,11,1927,1777,674,1011,27,1944,12,1926,626,1925,25,2382],"class_list":{"0":"post-584972","1":"post","2":"type-post","3":"status-publish","4":"format-standard","5":"has-post-thumbnail","7":"category-paris","8":"tag-actu","9":"tag-actu-paris","10":"tag-actualites","11":"tag-actualites-paris","12":"tag-eu","13":"tag-europe","14":"tag-fr","15":"tag-france","16":"tag-ma-ville","17":"tag-news","18":"tag-news-paris","19":"tag-paris","20":"tag-paris-news","21":"tag-republique-francaise","22":"tag-transport-idf-oise"},"share_on_mastodon":{"url":"https:\/\/pubeurope.com\/@fr\/115680353043511399","error":""},"_links":{"self":[{"href":"https:\/\/www.europesays.com\/fr\/wp-json\/wp\/v2\/posts\/584972","targetHints":{"allow":["GET"]}}],"collection":[{"href":"https:\/\/www.europesays.com\/fr\/wp-json\/wp\/v2\/posts"}],"about":[{"href":"https:\/\/www.europesays.com\/fr\/wp-json\/wp\/v2\/types\/post"}],"author":[{"embeddable":true,"href":"https:\/\/www.europesays.com\/fr\/wp-json\/wp\/v2\/users\/2"}],"replies":[{"embeddable":true,"href":"https:\/\/www.europesays.com\/fr\/wp-json\/wp\/v2\/comments?post=584972"}],"version-history":[{"count":0,"href":"https:\/\/www.europesays.com\/fr\/wp-json\/wp\/v2\/posts\/584972\/revisions"}],"wp:featuredmedia":[{"embeddable":true,"href":"https:\/\/www.europesays.com\/fr\/wp-json\/wp\/v2\/media\/584973"}],"wp:attachment":[{"href":"https:\/\/www.europesays.com\/fr\/wp-json\/wp\/v2\/media?parent=584972"}],"wp:term":[{"taxonomy":"category","embeddable":true,"href":"https:\/\/www.europesays.com\/fr\/wp-json\/wp\/v2\/categories?post=584972"},{"taxonomy":"post_tag","embeddable":true,"href":"https:\/\/www.europesays.com\/fr\/wp-json\/wp\/v2\/tags?post=584972"}],"curies":[{"name":"wp","href":"https:\/\/api.w.org\/{rel}","templated":true}]}}