{"id":584974,"date":"2025-12-07T21:14:13","date_gmt":"2025-12-07T21:14:13","guid":{"rendered":"https:\/\/www.europesays.com\/fr\/584974\/"},"modified":"2025-12-07T21:14:13","modified_gmt":"2025-12-07T21:14:13","slug":"paris-le-spectacle-dary-abittan-a-paris-interrompu-par-lintervention-de-plusieurs-militantes-feministes","status":"publish","type":"post","link":"https:\/\/www.europesays.com\/fr\/584974\/","title":{"rendered":"Paris : Le spectacle d\u2019Ary Abittan \u00e0 Paris interrompu par l\u2019intervention de plusieurs militantes f\u00e9ministes"},"content":{"rendered":"<p class=\"mb-4 text-lg md:leading-8 break-words\"><strong>retour sur sc\u00e8ne &#8211; L\u2019humoriste, qui a \u00e9t\u00e9 accus\u00e9 de viol en\u00a02021, se produisait ce samedi au th\u00e9\u00e2tre des Folies Berg\u00e8res, \u00e0 Paris.<\/strong><\/p>\n<p class=\"mb-4 text-lg md:leading-8 break-words\">\u00ab\u00a0Un non-lieu n\u2019est pas un acquittement.\u00a0\u00bb Ce samedi soir, alors qu\u2019<a href=\"https:\/\/www.20minutes.fr\/societe\/4184130-20251106-aucune-colere-humoriste-ary-abittan-pardonne-femme-accuse-viol?at_medium=RSS%20feed&amp;at_campaign=ynews&amp;utm_source=yahoo&amp;utm_medium=rss&amp;utm_campaign=news_feed&amp;utm_content=in_article_link\" rel=\"nofollow noopener\" target=\"_blank\" data-ylk=\"slk:Ary Abittan;elm:context_link;itc:0;sec:content-canvas\" class=\"link \">Ary Abittan<\/a> se produisait au <a href=\"https:\/\/www.20minutes.fr\/dossier\/theatre?at_medium=RSS%20feed&amp;at_campaign=ynews&amp;utm_source=yahoo&amp;utm_medium=rss&amp;utm_campaign=news_feed&amp;utm_content=in_article_link\" rel=\"nofollow noopener\" target=\"_blank\" data-ylk=\"slk:th\u00e9\u00e2tre;elm:context_link;itc:0;sec:content-canvas\" class=\"link \">th\u00e9\u00e2tre<\/a> des Folies Berg\u00e8res (9e\u00a0arrondissement de Paris), l\u2019humoriste de 51 ans a vu son spectacle perturb\u00e9 par des militantes f\u00e9ministes du collectif Nous Toutes comme on peut le voir sur des publications du groupe <a href=\"https:\/\/www.instagram.com\/reel\/DR7zbIWiA7g\/?utm_source=ig_embed&amp;at_medium=RSS%20feed&amp;at_campaign=ynews&amp;utm_source=yahoo&amp;utm_medium=rss&amp;utm_campaign=news_feed&amp;utm_content=in_article_link\" rel=\"nofollow noopener\" target=\"_blank\" data-ylk=\"slk:sur les r\u00e9seaux sociaux;elm:context_link;itc:0;sec:content-canvas\" class=\"link \">sur les r\u00e9seaux sociaux<\/a>.<\/p>\n<p class=\"mb-4 text-lg md:leading-8 break-words\">Selon le collectif Nous Toutes Paris Nord, confirm\u00e9 par les vid\u00e9os post\u00e9es, plusieurs militantes, qui portaient \u00e0 masque d\u2019Ary Abittan barr\u00e9 du mot \u00ab\u00a0violeur\u00a0\u00bb, sont intervenues aux alentours de 20 heures en scandant \u00ab\u00a0violeur Abittan\u00a0!\u00a0\u00bb.<\/p>\n<p>Accus\u00e9 et mis en examen pour viol, l\u2019acteur avait b\u00e9n\u00e9fici\u00e9 d\u2019un non-lieu en\u00a02024<\/p>\n<p class=\"mb-4 text-lg md:leading-8 break-words\">Rapidement \u00e9vacu\u00e9es par la s\u00e9curit\u00e9, ces militantes sont intervenues en r\u00e9f\u00e9rence \u00e0 ses r\u00e9cents d\u00e9boires judiciaires. L\u2019acteur de \u00ab\u00a0<a href=\"https:\/\/www.20minutes.fr\/arts-stars\/cinema\/3209427-20220103-qu-est-ce-qu-on-a-tous-fait-au-bon-dieu-2021?at_medium=RSS%20feed&amp;at_campaign=ynews&amp;utm_source=yahoo&amp;utm_medium=rss&amp;utm_campaign=news_feed&amp;utm_content=in_article_link\" rel=\"nofollow noopener\" target=\"_blank\" data-ylk=\"slk:Qu\u2019est-ce qu\u2019on a fait au bon Dieu\u00a0?;elm:context_link;itc:0;sec:content-canvas\" class=\"link \">Qu\u2019est-ce qu\u2019on a fait au bon Dieu\u00a0?<\/a>\u00a0\u00bb a \u00e9t\u00e9 mis en examen et soumis \u00e0 un contr\u00f4le judiciaire apr\u00e8s des accusations de viol en\u00a02021, avant que la justice ne prononce un non-lieu en avril\u00a02024. Une d\u00e9cision confirm\u00e9e en appel en janvier\u00a02025.<\/p>\n<p class=\"mb-4 text-lg md:leading-8 break-words\">L\u2019humoriste fait son retour sur sc\u00e8ne avec un spectacle intitul\u00e9 \u00ab\u00a0Authentique\u00a0\u00bb, trois ans apr\u00e8s son retrait de la vie publique en raison de l\u2019enqu\u00eate.<\/p>\n<p>Nous Toutes refuse \u00ab\u00a0la r\u00e9int\u00e9gration m\u00e9diatique et professionnelle d\u2019un homme est accus\u00e9 de viol\u00a0\u00bb<\/p>\n<p class=\"mb-4 text-lg md:leading-8 break-words\">Si l\u2019affaire est close pour la justice, le collectif Nous Toutes rappelle qu\u2019\u00ab\u00a0un non-lieu n\u2019est pas un acquittement, c\u2019est juste la fin des poursuites\u00a0\u00bb. \u00ab\u00a0Nous Toutes refuse de voir se d\u00e9rouler la r\u00e9int\u00e9gratio(&#8230;)<\/p>\n<p class=\"mb-4 text-lg md:leading-8 break-words\"><a href=\"https:\/\/www.20minutes.fr\/arts-stars\/culture\/4190146-20251207-paris-spectacle-ary-abittan-paris-interrompu-intervention-plusieurs-militantes-feministes?at_medium=RSS%20feed&amp;at_campaign=ynews&amp;utm_source=yahoo&amp;utm_medium=rss&amp;utm_campaign=news_feed&amp;utm_content=read_more_link&quot;\" rel=\"nofollow noopener\" target=\"_blank\" data-ylk=\"slk:Lire la suite sur 20minutes;elm:context_link;itc:0;sec:content-canvas\" class=\"link \">Lire la suite sur 20minutes<\/a><\/p>\n<p>\u00c0 lire aussi :<br \/><a href=\"https:\/\/www.20minutes.fr\/societe\/4184130-20251106-aucune-colere-humoriste-ary-abittan-pardonne-femme-accuse-viol?at_medium=RSS%20feed&amp;at_campaign=ynews&amp;utm_source=yahoo&amp;utm_medium=rss&amp;utm_campaign=news_feed&amp;utm_content=related_content_link\" rel=\"nofollow noopener\" target=\"_blank\" data-ylk=\"slk:\u00ab\u00a0Je n\u2019ai aucune col\u00e8re\u00a0\u00bb\u2026 L\u2019humoriste Ary Abittan \u00ab\u00a0pardonne\u00a0\u00bb la femme qui l\u2019a accus\u00e9 de viol;elm:context_link;itc:0;sec:content-canvas\" class=\"link \">\u00ab\u00a0Je n\u2019ai aucune col\u00e8re\u00a0\u00bb\u2026 L\u2019humoriste Ary Abittan \u00ab\u00a0pardonne\u00a0\u00bb la femme qui l\u2019a accus\u00e9 de viol<\/a><br \/><a href=\"https:\/\/www.20minutes.fr\/arts-stars\/people\/4139766-20250220-accusations-viol-apres-non-lieu-ary-abittan-remercie-public-avoir-rallume-projecteur?at_medium=RSS%20feed&amp;at_campaign=ynews&amp;utm_source=yahoo&amp;utm_medium=rss&amp;utm_campaign=news_feed&amp;utm_content=related_content_link\" rel=\"nofollow noopener\" target=\"_blank\" data-ylk=\"slk:Accusations de viol\u00a0: Apr\u00e8s son non-lieu, Ary Abittan remercie le public \u00ab\u00a0d\u2019avoir rallum\u00e9 le projecteur\u00a0\u00bb;elm:context_link;itc:0;sec:content-canvas\" class=\"link \">Accusations de viol\u00a0: Apr\u00e8s son non-lieu, Ary Abittan remercie le public \u00ab\u00a0d\u2019avoir rallum\u00e9 le projecteur\u00a0\u00bb<\/a><\/p>\n<p><script async src=\"\/\/www.instagram.com\/embed.js\"><\/script><\/p>\n","protected":false},"excerpt":{"rendered":"retour sur sc\u00e8ne &#8211; L\u2019humoriste, qui a \u00e9t\u00e9 accus\u00e9 de viol en\u00a02021, se produisait ce samedi au th\u00e9\u00e2tre&hellip;\n","protected":false},"author":2,"featured_media":584975,"comment_status":"","ping_status":"","sticky":false,"template":"","format":"standard","meta":{"footnotes":""},"categories":[1888],"tags":[52490,1111,1928,11,1927,19796,1777,674,69843,1011,27,60258,12,1926,22270,626,1925,69844,25],"class_list":{"0":"post-584974","1":"post","2":"type-post","3":"status-publish","4":"format-standard","5":"has-post-thumbnail","7":"category-paris","8":"tag-9e-arrondissement-de-paris","9":"tag-actu","10":"tag-actu-paris","11":"tag-actualites","12":"tag-actualites-paris","13":"tag-ary-abittan","14":"tag-eu","15":"tag-europe","16":"tag-folies-bergeres","17":"tag-fr","18":"tag-france","19":"tag-militantes","20":"tag-news","21":"tag-news-paris","22":"tag-non-lieu","23":"tag-paris","24":"tag-paris-news","25":"tag-quest-ce-quon-a-fait-au-bon-dieu","26":"tag-republique-francaise"},"share_on_mastodon":{"url":"https:\/\/pubeurope.com\/@fr\/115680356931079667","error":""},"_links":{"self":[{"href":"https:\/\/www.europesays.com\/fr\/wp-json\/wp\/v2\/posts\/584974","targetHints":{"allow":["GET"]}}],"collection":[{"href":"https:\/\/www.europesays.com\/fr\/wp-json\/wp\/v2\/posts"}],"about":[{"href":"https:\/\/www.europesays.com\/fr\/wp-json\/wp\/v2\/types\/post"}],"author":[{"embeddable":true,"href":"https:\/\/www.europesays.com\/fr\/wp-json\/wp\/v2\/users\/2"}],"replies":[{"embeddable":true,"href":"https:\/\/www.europesays.com\/fr\/wp-json\/wp\/v2\/comments?post=584974"}],"version-history":[{"count":0,"href":"https:\/\/www.europesays.com\/fr\/wp-json\/wp\/v2\/posts\/584974\/revisions"}],"wp:featuredmedia":[{"embeddable":true,"href":"https:\/\/www.europesays.com\/fr\/wp-json\/wp\/v2\/media\/584975"}],"wp:attachment":[{"href":"https:\/\/www.europesays.com\/fr\/wp-json\/wp\/v2\/media?parent=584974"}],"wp:term":[{"taxonomy":"category","embeddable":true,"href":"https:\/\/www.europesays.com\/fr\/wp-json\/wp\/v2\/categories?post=584974"},{"taxonomy":"post_tag","embeddable":true,"href":"https:\/\/www.europesays.com\/fr\/wp-json\/wp\/v2\/tags?post=584974"}],"curies":[{"name":"wp","href":"https:\/\/api.w.org\/{rel}","templated":true}]}}