{"id":584976,"date":"2025-12-07T21:15:19","date_gmt":"2025-12-07T21:15:19","guid":{"rendered":"https:\/\/www.europesays.com\/fr\/584976\/"},"modified":"2025-12-07T21:15:19","modified_gmt":"2025-12-07T21:15:19","slug":"i-will-survive-creation-de-jean-christophe-meurisse-les-chiens-de-navarre-a-la-villette-un-fauteuil-pour-lorchestre","status":"publish","type":"post","link":"https:\/\/www.europesays.com\/fr\/584976\/","title":{"rendered":"I will survive, cr\u00e9ation de Jean-Christophe Meurisse &#038; Les chiens de Navarre, \u00e0 La Villette &#8211; Un Fauteuil Pour l&rsquo;Orchestre"},"content":{"rendered":"<p>Fini de rire\u00a0! Enfin presque. Les chiens de Navarre apr\u00e8s avoir attaqu\u00e9 salement la famille (Toute le monde ne peut pas \u00eatre orphelin), \u00e9trill\u00e9 l\u2019identit\u00e9 nationale (Jusque dans vos bras) et l\u2019impact de l\u2019\u00e9tat du monde sur la psych\u00e9 humaine (La vie est une f\u00eate) aborde aujourd\u2019hui un sujet d\u00e9licat, les violences sexuelles et sexistes. Depuis La vie est une f\u00eate on pressentait chez ceux-l\u00e0 qui aboyaient si fort et mordaient jusqu\u2019\u00e0 l\u2019os les sujets auxquels ils s\u2019attaquaient avec jubilation une crise de la quarantaine qui semblait en finir avec leur c\u00f4t\u00e9 volontairement potache et trash auquel ils se raccrochaient quand m\u00eame. Il y avait l\u00e0 un regard moins caustique, une sensibilit\u00e9 nouvelle et pour nous innacoutum\u00e9e. Avec I will survive c\u2019est un nouveau questionnement qui surgit, une prise de conscience qui semble les concerner directement et dont ils prennent acte sans contrition. Peut-on rire de tout\u00a0? De leur part c\u2019est un peu culott\u00e9 se dit-on au vu de leur passif qui ne s\u2019embarrassait gu\u00e8re de toute m\u00e9taphysique. Pour une mauvaise blague machiste et franchement conne sur les femmes battues un humoriste se voit \u00e9vinc\u00e9 de l\u2019antenne et, plainte \u00e9tant d\u00e9pos\u00e9e par diverses associations f\u00e9ministes, entre autre, se trouve \u00eatre en attente de son proc\u00e8s. Se superpose \u00e0 cela un deuxi\u00e8me r\u00e9cit, un deuxi\u00e8me proc\u00e8s, celui d\u2019une femme ayant tu\u00e9 son mari apr\u00e8s trente ans de coups et de viols conjugaux. Toute ressemblance n\u2019est pas fortuite ici qui s\u2019inspire largement de faits d\u2019actualit\u00e9s (l\u2019affaire Jacqueline Sauvage, graci\u00e9e par Fran\u00e7ois Hollande et le d\u00e9part de Guillaume Meurisse de France Inter). \u00a0Et ces deux r\u00e9cits s\u2019emboitent plus qu\u2019ils ne se r\u00e9pondent, cette blague idiote r\u00e9v\u00e9lant les fractures d\u2019une soci\u00e9t\u00e9 o\u00f9 95% des femmes battues et viol\u00e9es ne sont pas entendues par la justice fran\u00e7aise, que sur cent affaires, cinq seulement aboutissent \u00e0 une condamnation et que la France ne reconnait pas le syndrome de la femme battue, cette \u00ab\u00a0peur gel\u00e9e\u00a0\u00bb qui sid\u00e8re les victimes, les emp\u00eache d\u2019agir jusqu\u2019\u00e0 l\u2019explosion. O\u00f9 elle se tue, o\u00f9 elle tue comme l\u2019explique ici l\u2019avocat de C\u00e9cile Gallot, notre victime et accus\u00e9e.<\/p>\n<p>Jean-Christophe Meurisse et sa meute, cette derni\u00e8re toujours convaincante, n\u2019y vont pas par quatre chemins et c\u2019est frontalement et cash, qu\u2019ils d\u00e9crivent le calvaire de C\u00e9cile Gallot jusqu\u2019au meurtre \u2013 le terme \u00e0 son importance ici \u2013 de son mari apr\u00e8s un ultime viol. Des faits bruts, un engrenage qui m\u00e8ne \u00e0 l\u2019irr\u00e9m\u00e9diable. La peur qui vous cisaille \u00e0 porter plainte, l\u2019inaction et l\u2019incomp\u00e9tence d\u2019une police qui n\u2019en a rien \u00e0 foutre \u2013 c\u2019est l\u2019heure de l\u2019ap\u00e9ro \u2013 et vous culpabilise d\u2019une \u00ab\u00a0simple sc\u00e8ne de m\u00e9nage\u00a0\u00bb, vous renvoie chez vous, la lenteur de la justice, l\u2019impuissance d\u2019une directrice d\u2019\u00e9cole devant les faits qu\u2019elle devine, le viol et le meurtre, le proc\u00e8s qui met \u00e0 nu les m\u00e9canismes d\u2019une violence soci\u00e9tale ordinaire et enfin la gr\u00e2ce pr\u00e9sidentielle, pas pour elle, non, mais cyniquement pour des raisons \u00e9lectorales. Et en parall\u00e8le la prise de conscience d\u2019un humoriste qui ne comprend pas de prime abord ce qui lui arrive, un vrai cr\u00e9tin pris au pi\u00e8ge de ses propres mots, qui ne sont que l\u2019expression d\u2019une c\u00e9cit\u00e9 sur les fractures d\u2019une soci\u00e9t\u00e9 o\u00f9 la parole se lib\u00e9rant, le monde se clivant, si l\u2019on peut rire de tout peut-on occulter d\u2019une saillie verbale les victimes d\u2019une r\u00e9alit\u00e9 souvent tragique ?<\/p>\n<p>Dans ce nouvel opus, Les Chiens de Navarre ne cessent de penduler entre le burlesque et la trag\u00e9die, l\u2019outrance et l\u2019\u00e9motion et parfois dans une m\u00eame s\u00e9quence qui voit deux registres de jeux se confronter. La sc\u00e8ne du commissariat ou bien encore du proc\u00e8s \u00e0 ce titre est d\u2019une ambigu\u00eft\u00e9 malaisante. Un sale malaise qui persiste au long de cette cr\u00e9ation sur le fil du rasoir. Doit-on rire de ces officiers de polices bouch\u00e9s \u00e0 l\u2019\u00e9meri, bas du front et pr\u00e9occup\u00e9s par leur ap\u00e9ro, o\u00f9 \u00eatre dans l\u2019empathie devant la d\u00e9tresse de C\u00e9cile Gallot ? Devant les avocats de la d\u00e9fense, impeccables dans leur discours tout aussi impeccables, rire d\u2019un procureur, le diable en personne \u2013 au r\u00e9el \u2013\u00a0malgr\u00e9 une plaidoirie terrifiante contre C\u00e9cile Gallot ? Certes appuyer le trait et la satire des contempteurs de C\u00e9cile Gallot est une volont\u00e9 claire, assum\u00e9e semble-t-il, d\u2019accentuer davantage la trag\u00e9die de cette derni\u00e8re. Mais le rire s\u2019\u00e9trangle \u2013 quand on rit, et pour notre part jamais \u2013 et franchement la caricature est convenue qui tape sur un registre sans originalit\u00e9 et qui en oublie la complexit\u00e9 syst\u00e9mique parfois des responsabilit\u00e9s. La catharsis propre au th\u00e9\u00e2tre s\u2019enraye non par le sujet m\u00eame mais par ce traitement par trop syst\u00e9matiquement binaire et manich\u00e9en comme si entre deux registres Jean-Christophe Meurisse n\u2019avait pu ou su choisir, n\u2019osant pas l\u00e2cher un r\u00e9pertoire sur lequel on l\u2019attend, cet os qu\u2019il rongeait jusqu\u2019\u00e0 la mo\u00eblle depuis Une Raclette, \u00e0 en devoir jouer les \u00e9quilibristes au risque de la chute. Bref \u00e0 m\u00e9nager la ch\u00e8vre et le chou Jean-Christophe Meurisse reste au milieu du pr\u00e9, nous l\u00e2chant au ras-des-p\u00e2querettes, et finit par troubler les enjeux dramatiques d\u2019une pi\u00e8ce qui aurait m\u00e9rit\u00e9, comme la sc\u00e8ne du proc\u00e8s, d\u2019\u00eatre davantage concentr\u00e9 sur son sujet et sa violence end\u00e9mique. D\u2019autant plus qu\u2019il perd en route la question pos\u00e9e des limites de l\u2019humour, sinon que la pi\u00e8ce elle-m\u00eame et paradoxalement les atteint, question qui au final reste en p\u00e9riph\u00e9rie et \u00e0 laquelle nulle r\u00e9ponse ne semble \u00eatre apport\u00e9e, sinon par C\u00e9cile Gallot elle-m\u00eame, que \u00ab\u00a0cette blague fut tr\u00e8s conne\u00a0\u00bb. C\u2019est tout,\u00a0se dit-on\u00a0? Et l\u2019apparition de Coluche dans un cauchemar de notre humoriste, comme une caution ou un h\u00e9ritage o\u00f9 il serait possible de rire de tout, est plus que maladroit sinon retors.<\/p>\n<p>C\u2019est un ballet incongru de majorettes, costumes ad-hoc, sur I will survive en guise de salut qui soudain fait se rappeler \u00e0 nous combien l\u2019art du d\u00e9calage faisait l\u2019identit\u00e9 des Chiens de Navarre. L\u00e0, cela fait tristement flop. I will survive, sans doute est-ce l\u00e0 la r\u00e9ponse de Jean-Christophe Meurisse \u00e0 son endroit. On le souhaite.<\/p>\n<p><img loading=\"lazy\" decoding=\"async\" width=\"1024\" height=\"576\" src=\"https:\/\/www.europesays.com\/fr\/wp-content\/uploads\/2025\/12\/I-will-survive_Libre-Droits-excepte-presse-nationale_\u00a9Fabrice-Robin-8-1024x576.jpg\" alt=\"\" class=\"wp-image-53079\"  \/><\/p>\n<p>I will survive, mise en sc\u00e8ne de Jean-Christophe Meurisse<\/p>\n<p>Collaboration artistique\u00a0: Am\u00e9lie Philippe<\/p>\n<p>Avec\u00a0: Delphine Baril, Lula Hugo, Charlotte Laemmel, Anthony Paliotti, Ga\u00ebtan Peau, Georges Slowick, Fred Toush<\/p>\n<p>Sc\u00e9nographie\u00a0: Fran\u00e7ois Gauthier-Lafaye<\/p>\n<p>R\u00e9gie g\u00e9n\u00e9rale et r\u00e9gie plateau\u00a0: Nicolas Guellier<\/p>\n<p>Cr\u00e9ation et r\u00e9gie lumi\u00e8re\u00a0: St\u00e9phane Lebaleur<\/p>\n<p>Cr\u00e9ation et r\u00e9gie son\u00a0: Pierre Routin<\/p>\n<p>Cr\u00e9ation et r\u00e9gie costume\u00a0: Sophie Rossignol et Corinne Paup\u00e9r\u00e9<\/p>\n<p>R\u00e9gie plateau\u00a0: Anouck Dubuisson<\/p>\n<p>Regard chor\u00e9graphique\u00a0: C\u00e9leste Vinot<\/p>\n<p>Vid\u00e9o\u00a0: Baptiste Klein<\/p>\n<p>Photo\u00a0: \u00a9 Fabrice Robin<\/p>\n<p>Du 4 au 13 d\u00e9cembre 2025<\/p>\n<p>Mardi, mercredi, vendredi \u00e0 20h, jeudi \u00e0 19h, samedi \u00e0 17h, rel\u00e2che le dimanche 7\/12 et le lundi 8\/12<\/p>\n<p>La Villette, Grande Halle<\/p>\n<p>211 avenue Jean-Jaur\u00e8s<\/p>\n<p>75019 Paris<\/p>\n<p>R\u00e9servation\u00a0: 01 40 03 75 75<\/p>\n<p><a href=\"http:\/\/www.lavillette.com\" target=\"_blank\" rel=\"noopener\">www.lavillette.com<\/a><\/p>\n","protected":false},"excerpt":{"rendered":"Fini de rire\u00a0! Enfin presque. Les chiens de Navarre apr\u00e8s avoir attaqu\u00e9 salement la famille (Toute le monde&hellip;\n","protected":false},"author":2,"featured_media":584977,"comment_status":"","ping_status":"","sticky":false,"template":"","format":"standard","meta":{"footnotes":""},"categories":[1888],"tags":[11,1777,674,1011,27,69845,69846,5281,69847,12,626,25],"class_list":{"0":"post-584976","1":"post","2":"type-post","3":"status-publish","4":"format-standard","5":"has-post-thumbnail","7":"category-paris","8":"tag-actualites","9":"tag-eu","10":"tag-europe","11":"tag-fr","12":"tag-france","13":"tag-i-will-survive","14":"tag-jean-cristophe-meurisse","15":"tag-la-villette","16":"tag-les-chiens-de-navarre","17":"tag-news","18":"tag-paris","19":"tag-republique-francaise"},"share_on_mastodon":{"url":"https:\/\/pubeurope.com\/@fr\/115680361564984506","error":""},"_links":{"self":[{"href":"https:\/\/www.europesays.com\/fr\/wp-json\/wp\/v2\/posts\/584976","targetHints":{"allow":["GET"]}}],"collection":[{"href":"https:\/\/www.europesays.com\/fr\/wp-json\/wp\/v2\/posts"}],"about":[{"href":"https:\/\/www.europesays.com\/fr\/wp-json\/wp\/v2\/types\/post"}],"author":[{"embeddable":true,"href":"https:\/\/www.europesays.com\/fr\/wp-json\/wp\/v2\/users\/2"}],"replies":[{"embeddable":true,"href":"https:\/\/www.europesays.com\/fr\/wp-json\/wp\/v2\/comments?post=584976"}],"version-history":[{"count":0,"href":"https:\/\/www.europesays.com\/fr\/wp-json\/wp\/v2\/posts\/584976\/revisions"}],"wp:featuredmedia":[{"embeddable":true,"href":"https:\/\/www.europesays.com\/fr\/wp-json\/wp\/v2\/media\/584977"}],"wp:attachment":[{"href":"https:\/\/www.europesays.com\/fr\/wp-json\/wp\/v2\/media?parent=584976"}],"wp:term":[{"taxonomy":"category","embeddable":true,"href":"https:\/\/www.europesays.com\/fr\/wp-json\/wp\/v2\/categories?post=584976"},{"taxonomy":"post_tag","embeddable":true,"href":"https:\/\/www.europesays.com\/fr\/wp-json\/wp\/v2\/tags?post=584976"}],"curies":[{"name":"wp","href":"https:\/\/api.w.org\/{rel}","templated":true}]}}