{"id":584982,"date":"2025-12-07T21:19:19","date_gmt":"2025-12-07T21:19:19","guid":{"rendered":"https:\/\/www.europesays.com\/fr\/584982\/"},"modified":"2025-12-07T21:19:19","modified_gmt":"2025-12-07T21:19:19","slug":"des-travaux-reclames-sur-la-centrale","status":"publish","type":"post","link":"https:\/\/www.europesays.com\/fr\/584982\/","title":{"rendered":"des travaux r\u00e9clam\u00e9s sur la centrale"},"content":{"rendered":"<p>Les \u00e9quipes de l&rsquo;Agence internationale pour l&rsquo;\u00e9nergie atomique (AIEA) sont en Ukraine depuis d\u00e9but d\u00e9cembre pour y \u00e9valuer la s\u00e9curit\u00e9 nucl\u00e9aire. Selon eux, l&rsquo;arche de la centrale de Tchernobyl a perdu ses \u00ab fonctions de s\u00e9curit\u00e9 primaires\u00a0\u00bb. La structure m\u00e9tallique, <a href=\"https:\/\/www.ledauphine.com\/defense-guerre-conflit\/2025\/02\/14\/l-arche-de-tchernobyl-touchee-par-un-drone-kiev-accuse-la-russie\" target=\"_blank\" rel=\"noopener\">touch\u00e9e mi-f\u00e9vrier par un drone russe explosif<\/a> selon Kiev, avait \u00e9t\u00e9 install\u00e9e en 2016 et officiellement inaugur\u00e9e en 2019, et recouvre le r\u00e9acteur qui a explos\u00e9 en avril 1986, le pire accident nucl\u00e9aire de l&rsquo;histoire. Elle prot\u00e8ge un premier sarcophage construit par les Sovi\u00e9tiques.<\/p>\n<p>La mission de l&rsquo;AIEA a confirm\u00e9 que l&rsquo;arche protectrice \u00ab avait perdu ses fonctions de s\u00e9curit\u00e9 primaires, y compris la capacit\u00e9 de confinement \u00bb, souligne l&rsquo;AIEA dans son dernier rapport publi\u00e9 en fin de semaine. Elle constate aussi cependant qu&rsquo;il n&rsquo;y avait \u00ab pas de dommages permanents aux structures porteuses ou aux syst\u00e8mes de surveillance \u00bb. \u00ab Des r\u00e9parations temporaires limit\u00e9es ont \u00e9t\u00e9 effectu\u00e9es sur le toit, mais une restauration rapide et compl\u00e8te reste essentielle pour pr\u00e9venir une d\u00e9gradation suppl\u00e9mentaire et garantir la s\u00fbret\u00e9 nucl\u00e9aire \u00e0 long terme \u00bb, a d\u00e9clar\u00e9 le directeur g\u00e9n\u00e9ral de l&rsquo;organisation onusienne Rafael Grossi, cit\u00e9 dans le rapport.<\/p>\n<p>Ce contenu est bloqu\u00e9 car vous n&rsquo;avez pas accept\u00e9 les cookies et autres traceurs.<\/p>\n<p>En cliquant sur \u00ab J\u2019accepte \u00bb, les cookies et autres traceurs seront d\u00e9pos\u00e9s et vous pourrez visualiser les contenus  (<a href=\"\" class=\"consentModule_policy\" target=\"_blank\" title=\"Consulter la politique de protection des donn\u00e9es du fournisseur\">plus d&rsquo;informations<\/a>).<\/p>\n<p>En cliquant sur \u00ab J\u2019accepte tous les cookies \u00bb, vous autorisez des d\u00e9p\u00f4ts de cookies et autres traceurs pour le stockage de vos donn\u00e9es sur nos sites et applications \u00e0 des fins de personnalisation et de ciblage publicitaire.<\/p>\n<p class=\"consentModule_secondaryText\">Vous gardez la possibilit\u00e9 de retirer votre consentement \u00e0 tout moment en consultant notre <a href=\"https:\/\/www.ledauphine.com\/protection-des-donnees\" target=\"_blank\" title=\"Consulter notre politique de protection des donn\u00e9es\" rel=\"noopener\">politique de protection des donn\u00e9es<\/a>. <br \/>&#13;<br \/>\n            <a href=\"https:\/\/www.ledauphine.com\/defense-guerre-conflit\/2025\/12\/07\/javascript:Didomi.notice.show()\" class=\"consentModule_cmp\" target=\"_blank\" rel=\"noopener\">G\u00e9rer mes choix<\/a>&#13;\n        <\/p>\n<p>&#13;<br \/>\n                        J&rsquo;accepte&#13;<br \/>\n            J&rsquo;accepte tous les cookies&#13;\n        <\/p>\n<p>L&rsquo;AIEA a pr\u00e9cis\u00e9 que le site entreprendrait des r\u00e9parations temporaires suppl\u00e9mentaires pour soutenir le r\u00e9tablissement de la fonction de confinement de l&rsquo;arche protectrice en 2026, avec le soutien de la Banque europ\u00e9enne pour la reconstruction et le d\u00e9veloppement (BERD), \u00ab ouvrant la voie \u00e0 une restauration compl\u00e8te une fois le conflit termin\u00e9 \u00bb avec la Russie.<\/p>\n","protected":false},"excerpt":{"rendered":"Les \u00e9quipes de l&rsquo;Agence internationale pour l&rsquo;\u00e9nergie atomique (AIEA) sont en Ukraine depuis d\u00e9but d\u00e9cembre pour y \u00e9valuer&hellip;\n","protected":false},"author":2,"featured_media":584983,"comment_status":"","ping_status":"","sticky":false,"template":"","format":"standard","meta":{"footnotes":""},"categories":[1590],"tags":[11,3206,1777,674,107,329,12,220],"class_list":{"0":"post-584982","1":"post","2":"type-post","3":"status-publish","4":"format-standard","5":"has-post-thumbnail","7":"category-ukraine","8":"tag-actualites","9":"tag-defense-guerre-conflit","10":"tag-eu","11":"tag-europe","12":"tag-fil-info","13":"tag-france-monde","14":"tag-news","15":"tag-ukraine"},"share_on_mastodon":{"url":"https:\/\/pubeurope.com\/@fr\/115680376685596226","error":""},"_links":{"self":[{"href":"https:\/\/www.europesays.com\/fr\/wp-json\/wp\/v2\/posts\/584982","targetHints":{"allow":["GET"]}}],"collection":[{"href":"https:\/\/www.europesays.com\/fr\/wp-json\/wp\/v2\/posts"}],"about":[{"href":"https:\/\/www.europesays.com\/fr\/wp-json\/wp\/v2\/types\/post"}],"author":[{"embeddable":true,"href":"https:\/\/www.europesays.com\/fr\/wp-json\/wp\/v2\/users\/2"}],"replies":[{"embeddable":true,"href":"https:\/\/www.europesays.com\/fr\/wp-json\/wp\/v2\/comments?post=584982"}],"version-history":[{"count":0,"href":"https:\/\/www.europesays.com\/fr\/wp-json\/wp\/v2\/posts\/584982\/revisions"}],"wp:featuredmedia":[{"embeddable":true,"href":"https:\/\/www.europesays.com\/fr\/wp-json\/wp\/v2\/media\/584983"}],"wp:attachment":[{"href":"https:\/\/www.europesays.com\/fr\/wp-json\/wp\/v2\/media?parent=584982"}],"wp:term":[{"taxonomy":"category","embeddable":true,"href":"https:\/\/www.europesays.com\/fr\/wp-json\/wp\/v2\/categories?post=584982"},{"taxonomy":"post_tag","embeddable":true,"href":"https:\/\/www.europesays.com\/fr\/wp-json\/wp\/v2\/tags?post=584982"}],"curies":[{"name":"wp","href":"https:\/\/api.w.org\/{rel}","templated":true}]}}