{"id":584984,"date":"2025-12-07T21:20:14","date_gmt":"2025-12-07T21:20:14","guid":{"rendered":"https:\/\/www.europesays.com\/fr\/584984\/"},"modified":"2025-12-07T21:20:14","modified_gmt":"2025-12-07T21:20:14","slug":"ligne-rouge-jd-vance-plus-trump-que-trump","status":"publish","type":"post","link":"https:\/\/www.europesays.com\/fr\/584984\/","title":{"rendered":"LIGNE ROUGE &#8211; JD Vance, plus Trump que Trump"},"content":{"rendered":"<p>LIGNE ROUGE &#8211; JD Vance, plus Trump que TrumpSur le m\u00eame sujet<a href=\"https:\/\/www.bfmtv.com\/international\/amerique-nord\/etats-unis\/video-ligne-rouge-jd-vance-plus-trump-que-trump_VN-202512070359.html\" title=\"LIGNE ROUGE - JD Vance, plus Trump que Trump\" target=\"_blank\" rel=\"noopener\"><img width=\"16\" height=\"9\" class=\"lozad\"  alt=\"LIGNE ROUGE - JD Vance, plus Trump que Trump\"\/>18:12LIGNE ROUGE &#8211; JD Vance, plus Trump que Trump<\/a><a href=\"https:\/\/www.bfmtv.com\/international\/amerique-nord\/etats-unis\/video-ligne-rouge-jd-vance-plus-trump-que-trump_VN-202512070355.html\" title=\"LIGNE ROUGE - JD Vance, plus Trump que Trump\" target=\"_blank\" rel=\"noopener\"><img width=\"16\" height=\"9\" class=\"lozad\"  alt=\"LIGNE ROUGE - JD Vance, plus Trump que Trump\"\/>en lectureLIGNE ROUGE &#8211; JD Vance, plus Trump que Trump<\/a><a href=\"https:\/\/www.bfmtv.com\/international\/amerique-nord\/etats-unis\/video-ligne-rouge-trump-le-roi-du-deal_VN-202512070351.html\" title=\"LIGNE ROUGE - Trump, le roi du deal ?\" target=\"_blank\" rel=\"noopener\"><img width=\"16\" height=\"9\" class=\"lozad\"  alt=\"LIGNE ROUGE - Trump, le roi du deal ?\"\/>28:46LIGNE ROUGE &#8211; Trump, le roi du deal ?<\/a><a href=\"https:\/\/www.bfmtv.com\/international\/amerique-nord\/etats-unis\/video-ligne-rouge-trump-le-roi-du-deal_VN-202512070347.html\" title=\"LIGNE ROUGE - Trump, le roi du deal ?\" target=\"_blank\" rel=\"noopener\"><img width=\"16\" height=\"9\" class=\"lozad\"  alt=\"LIGNE ROUGE - Trump, le roi du deal ?\"\/>3:28LIGNE ROUGE &#8211; Trump, le roi du deal ?<\/a><a href=\"https:\/\/www.bfmtv.com\/international\/amerique-nord\/etats-unis\/video-ligne-rouge-trump-le-roi-du-deal_VN-202512070346.html\" title=\"LIGNE ROUGE - Trump, le roi du deal ?\" target=\"_blank\" rel=\"noopener\"><img width=\"16\" height=\"9\" class=\"lozad\"  alt=\"LIGNE ROUGE - Trump, le roi du deal ?\"\/>3:23LIGNE ROUGE &#8211; Trump, le roi du deal ?<\/a><a href=\"https:\/\/www.bfmtv.com\/international\/amerique-nord\/etats-unis\/video-donald-trump-rend-l-acces-aux-parcs-nationaux-gratuit-le-jour-de-son-anniversaire_VN-202512070286.html\" title=\"Donald Trump rend l&#039;acc\u00e8s aux parcs nationaux gratuit le jour de son anniversaire \" target=\"_blank\" rel=\"noopener\"><img width=\"16\" height=\"9\" class=\"lozad\"  alt=\"Donald Trump rend l'acc\u00e8s aux parcs nationaux gratuit le jour de son anniversaire \"\/>1:24Donald Trump rend l&rsquo;acc\u00e8s aux parcs nationaux gratuit le jour de son anniversaire<\/a><a href=\"https:\/\/www.bfmtv.com\/international\/amerique-nord\/etats-unis\/video-accord-de-paix-sur-la-guerre-en-ukraine-nous-sommes-vraiment-vraiment-proches-declare-keith-kellogg-envoye-special-des-etats-unis-pour-l-ukraine-et-la-russie_VN-202512070242.html\" title=\"Accord de paix sur la guerre en Ukraine: &quot; Nous sommes vraiment vraiment proches&quot;, d\u00e9clare Keith Kellogg, envoy\u00e9 sp\u00e9cial des \u00c9tats-Unis pour l&#039;Ukraine et la Russie\" target=\"_blank\" rel=\"noopener\"><img width=\"16\" height=\"9\" class=\"lozad\"  alt=\"Accord de paix sur la guerre en Ukraine: &quot; Nous sommes vraiment vraiment proches&quot;, d\u00e9clare Keith Kellogg, envoy\u00e9 sp\u00e9cial des \u00c9tats-Unis pour l'Ukraine et la Russie\"\/>0:30Accord de paix sur la guerre en Ukraine: \u00a0\u00bb Nous sommes vraiment vraiment proches\u00a0\u00bb, d\u00e9clare Keith Kellogg, envoy\u00e9 sp\u00e9cial des \u00c9tats-Unis pour l&rsquo;Ukraine et la Russie<\/a><a href=\"https:\/\/www.bfmtv.com\/societe\/video-certains-supporters-se-preparent-deja-au-mondial-2026_VN-202512070091.html\" title=\"Certains supporters se pr\u00e9parent d\u00e9j\u00e0 au Mondial 2026\" target=\"_blank\" rel=\"noopener\"><img width=\"16\" height=\"9\" class=\"lozad\"  alt=\"Certains supporters se pr\u00e9parent d\u00e9j\u00e0 au Mondial 2026\"\/>1:10Certains supporters se pr\u00e9parent d\u00e9j\u00e0 au Mondial 2026<\/a><a href=\"https:\/\/www.bfmtv.com\/international\/amerique-nord\/etats-unis\/video-aux-etats-unis-le-14-juin-anniversaire-de-donald-trump-l-entree-des-parcs-nationaux-sera-gratuite_VN-202512070088.html\" title=\"Aux \u00c9tats-Unis, le 14 juin, anniversaire de Donald Trump, l&#039;entr\u00e9e des parcs nationaux sera gratuite\" target=\"_blank\" rel=\"noopener\"><img width=\"16\" height=\"9\" class=\"lozad\"  alt=\"Aux \u00c9tats-Unis, le 14 juin, anniversaire de Donald Trump, l'entr\u00e9e des parcs nationaux sera gratuite\"\/>0:58Aux \u00c9tats-Unis, le 14 juin, anniversaire de Donald Trump, l&rsquo;entr\u00e9e des parcs nationaux sera gratuite<\/a><a href=\"https:\/\/www.bfmtv.com\/economie\/video-aux-etats-unis-de-l-argent-verse-aux-enfants-pour-encourager-l-investissement-boursier_VN-202512070080.html\" title=\"Aux \u00c9tats-Unis, de l&#039;argent vers\u00e9 aux enfants pour encourager l&#039;investissement boursier\" target=\"_blank\" rel=\"noopener\"><img width=\"16\" height=\"9\" class=\"lozad\"  alt=\"Aux \u00c9tats-Unis, de l'argent vers\u00e9 aux enfants pour encourager l'investissement boursier\"\/>1:16Aux \u00c9tats-Unis, de l&rsquo;argent vers\u00e9 aux enfants pour encourager l&rsquo;investissement boursier<\/a><a href=\"https:\/\/www.bfmtv.com\/international\/amerique-nord\/etats-unis\/video-les-etats-unis-mettent-en-garde-l-europe-contre-un-effacement-civilisationnel_VN-202512070063.html\" title=\"Les \u00c9tats-Unis mettent en garde l&#039;Europe contre &quot;un effacement civilisationnel&quot; \" target=\"_blank\" rel=\"noopener\"><img width=\"16\" height=\"9\" class=\"lozad\"  alt=\"Les \u00c9tats-Unis mettent en garde l'Europe contre &quot;un effacement civilisationnel&quot; \"\/>1:21Les \u00c9tats-Unis mettent en garde l&rsquo;Europe contre \u00ab\u00a0un effacement civilisationnel\u00a0\u00bb<\/a><a href=\"https:\/\/www.bfmtv.com\/culture\/video-netflix-souhaite-racheter-warner-bros-discovery-pour-83-milliards-de-dollars_VN-202512060122.html\" title=\"Netflix souhaite racheter Warner Bros Discovery pour 83 milliards de dollars\" target=\"_blank\" rel=\"noopener\"><img width=\"16\" height=\"9\" class=\"lozad\"  alt=\"Netflix souhaite racheter Warner Bros Discovery pour 83 milliards de dollars\"\/>1:30Netflix souhaite racheter Warner Bros Discovery pour 83 milliards de dollars<\/a><a href=\"https:\/\/www.bfmtv.com\/economie\/video-qui-sont-les-frugalistes-ces-personnes-qui-depensent-moins-pour-se-liberer-du-travail-plus-tot_VN-202512050866.html\" title=\" Qui sont les &quot;frugalistes&quot;, ces personnes qui d\u00e9pensent moins pour &quot;se lib\u00e9rer&quot; du travail plus t\u00f4t? \" target=\"_blank\" rel=\"noopener\"><img width=\"16\" height=\"9\" class=\"lozad\"  alt=\" Qui sont les &quot;frugalistes&quot;, ces personnes qui d\u00e9pensent moins pour &quot;se lib\u00e9rer&quot; du travail plus t\u00f4t? \"\/>1:45Qui sont les \u00ab\u00a0frugalistes\u00a0\u00bb, ces personnes qui d\u00e9pensent moins pour \u00ab\u00a0se lib\u00e9rer\u00a0\u00bb du travail plus t\u00f4t?<\/a><a href=\"https:\/\/www.bfmtv.com\/economie\/video-trump-a-choisi-le-prochain-president_VN-202512050793.html\" title=\"Trump a choisi le prochain pr\u00e9sident \" target=\"_blank\" rel=\"noopener\"><img width=\"16\" height=\"9\" class=\"lozad\"  alt=\"Trump a choisi le prochain pr\u00e9sident \"\/>1:54Trump a choisi le prochain pr\u00e9sident<\/a><a class=\"jumpToVideo\" target=\"_blank\"><img class=\"thumbnailPreview\"\/><\/a><\/p>\n","protected":false},"excerpt":{"rendered":"LIGNE ROUGE &#8211; JD Vance, plus Trump que TrumpSur le m\u00eame sujet18:12LIGNE ROUGE &#8211; JD Vance, plus Trump&hellip;\n","protected":false},"author":2,"featured_media":584985,"comment_status":"","ping_status":"","sticky":false,"template":"","format":"standard","meta":{"footnotes":""},"categories":[1589],"tags":[11,73,1866,12,1864,1865,1863,308],"class_list":{"0":"post-584984","1":"post","2":"type-post","3":"status-publish","4":"format-standard","5":"has-post-thumbnail","7":"category-etats-unis","8":"tag-actualites","9":"tag-etats-unis","10":"tag-etats-unis-damerique","11":"tag-news","12":"tag-united-states","13":"tag-united-states-of-america","14":"tag-us","15":"tag-usa"},"share_on_mastodon":{"url":"https:\/\/pubeurope.com\/@fr\/115680380481820652","error":""},"_links":{"self":[{"href":"https:\/\/www.europesays.com\/fr\/wp-json\/wp\/v2\/posts\/584984","targetHints":{"allow":["GET"]}}],"collection":[{"href":"https:\/\/www.europesays.com\/fr\/wp-json\/wp\/v2\/posts"}],"about":[{"href":"https:\/\/www.europesays.com\/fr\/wp-json\/wp\/v2\/types\/post"}],"author":[{"embeddable":true,"href":"https:\/\/www.europesays.com\/fr\/wp-json\/wp\/v2\/users\/2"}],"replies":[{"embeddable":true,"href":"https:\/\/www.europesays.com\/fr\/wp-json\/wp\/v2\/comments?post=584984"}],"version-history":[{"count":0,"href":"https:\/\/www.europesays.com\/fr\/wp-json\/wp\/v2\/posts\/584984\/revisions"}],"wp:featuredmedia":[{"embeddable":true,"href":"https:\/\/www.europesays.com\/fr\/wp-json\/wp\/v2\/media\/584985"}],"wp:attachment":[{"href":"https:\/\/www.europesays.com\/fr\/wp-json\/wp\/v2\/media?parent=584984"}],"wp:term":[{"taxonomy":"category","embeddable":true,"href":"https:\/\/www.europesays.com\/fr\/wp-json\/wp\/v2\/categories?post=584984"},{"taxonomy":"post_tag","embeddable":true,"href":"https:\/\/www.europesays.com\/fr\/wp-json\/wp\/v2\/tags?post=584984"}],"curies":[{"name":"wp","href":"https:\/\/api.w.org\/{rel}","templated":true}]}}