{"id":584986,"date":"2025-12-07T21:21:15","date_gmt":"2025-12-07T21:21:15","guid":{"rendered":"https:\/\/www.europesays.com\/fr\/584986\/"},"modified":"2025-12-07T21:21:15","modified_gmt":"2025-12-07T21:21:15","slug":"agression-dans-un-parking-de-laeroport-dheathrow-une-vingtaine-de-blesses","status":"publish","type":"post","link":"https:\/\/www.europesays.com\/fr\/584986\/","title":{"rendered":"agression dans un parking de l\u2019a\u00e9roport d\u2019Heathrow, une vingtaine de bless\u00e9s"},"content":{"rendered":"<p>\u00ab\u00a0Des agents de la brigade arm\u00e9e sont intervenus et ils ont arr\u00eat\u00e9 un homme de 31\u00a0ans soup\u00e7onn\u00e9 d\u2019agression, neuf minutes apr\u00e8s le signalement. Il reste en garde \u00e0 vue et les investigations se poursuivent pour localiser d\u2019autres suspects\u00a0\u00bb, selon un communiqu\u00e9 de la police londonienne diffus\u00e9 apr\u00e8s 16\u00a0heures (locales et GMT).<\/p>\n<p>\u00ab\u00a0Nous pensons \u00e0 ce stade qu\u2019une femme s\u2019est fait voler sa valise par un groupe de quatre hommes, qui ont pulv\u00e9ris\u00e9 une substance qui semble \u00eatre du spray au poivre dans sa direction\u00a0\u00bb, a indiqu\u00e9 le commandant Peter Stevens, cit\u00e9 dans ce communiqu\u00e9. \u00ab\u00a0Cela s\u2019est produit dans un ascenseur du parking, le spray touchant les personnes pr\u00e9sentes dans l\u2019ascenseur et aux alentours\u00a0\u00bb, a-t-il ajout\u00e9.<\/p>\n<p>Au total, 21\u00a0personnes ont \u00e9t\u00e9 prises en charge sur place par le service des ambulances de Londres, dont une fillette de trois ans. Cinq ont \u00e9t\u00e9 emmen\u00e9es \u00e0 l\u2019h\u00f4pital, ont indiqu\u00e9 les secours, et leurs blessures ne mettent pas leur vie en danger selon la police.<\/p>\n<p>\u00ab\u00a0Incident isol\u00e9\u00a0\u00bb<\/p>\n<p>Le commandant Peter Stevens a \u00e9galement r\u00e9affirm\u00e9 qu\u2019il s\u2019agissait a priori d\u2019un \u00ab\u00a0incident isol\u00e9, impliquant des personnes qui se connaissent\u00a0\u00bb. La police, qui a \u00e9t\u00e9 alert\u00e9e vers 8\u00a0heures, avait d\u2019abord \u00e9voqu\u00e9 \u00ab\u00a0une dispute qui a d\u00e9g\u00e9n\u00e9r\u00e9\u00a0\u00bb. Elle a dit ne pas consid\u00e9rer cet incident comme terroriste.<\/p>\n<p>Le terminal 3 est rest\u00e9 ouvert tout au long de l\u2019incident, mais l\u2019acc\u00e8s \u00e0 l\u2019a\u00e9roport en voiture ou transports en commun \u00e9tait tr\u00e8s perturb\u00e9 dans la journ\u00e9e, a constat\u00e9 une journaliste de l\u2019AFP. Des voyageurs ont aussi d\u00e9clar\u00e9 \u00e0 l\u2019agence britannique PA avoir attendu plusieurs heures avant de pouvoir prendre un bus au d\u00e9part du terminal.<\/p>\n","protected":false},"excerpt":{"rendered":"\u00ab\u00a0Des agents de la brigade arm\u00e9e sont intervenus et ils ont arr\u00eat\u00e9 un homme de 31\u00a0ans soup\u00e7onn\u00e9 d\u2019agression,&hellip;\n","protected":false},"author":2,"featured_media":584987,"comment_status":"","ping_status":"","sticky":false,"template":"","format":"standard","meta":{"footnotes":""},"categories":[1588],"tags":[11,1777,674,12,473,1853,1851,1850,1852],"class_list":{"0":"post-584986","1":"post","2":"type-post","3":"status-publish","4":"format-standard","5":"has-post-thumbnail","7":"category-royaume-uni","8":"tag-actualites","9":"tag-eu","10":"tag-europe","11":"tag-news","12":"tag-royaume-uni","13":"tag-royaume-uni-de-grande-bretagne-et-dirlande-du-nord","14":"tag-uk","15":"tag-united-kingdom","16":"tag-united-kingdom-of-great-britain-and-northern-ireland"},"share_on_mastodon":{"url":"https:\/\/pubeurope.com\/@fr\/115680384482965404","error":""},"_links":{"self":[{"href":"https:\/\/www.europesays.com\/fr\/wp-json\/wp\/v2\/posts\/584986","targetHints":{"allow":["GET"]}}],"collection":[{"href":"https:\/\/www.europesays.com\/fr\/wp-json\/wp\/v2\/posts"}],"about":[{"href":"https:\/\/www.europesays.com\/fr\/wp-json\/wp\/v2\/types\/post"}],"author":[{"embeddable":true,"href":"https:\/\/www.europesays.com\/fr\/wp-json\/wp\/v2\/users\/2"}],"replies":[{"embeddable":true,"href":"https:\/\/www.europesays.com\/fr\/wp-json\/wp\/v2\/comments?post=584986"}],"version-history":[{"count":0,"href":"https:\/\/www.europesays.com\/fr\/wp-json\/wp\/v2\/posts\/584986\/revisions"}],"wp:featuredmedia":[{"embeddable":true,"href":"https:\/\/www.europesays.com\/fr\/wp-json\/wp\/v2\/media\/584987"}],"wp:attachment":[{"href":"https:\/\/www.europesays.com\/fr\/wp-json\/wp\/v2\/media?parent=584986"}],"wp:term":[{"taxonomy":"category","embeddable":true,"href":"https:\/\/www.europesays.com\/fr\/wp-json\/wp\/v2\/categories?post=584986"},{"taxonomy":"post_tag","embeddable":true,"href":"https:\/\/www.europesays.com\/fr\/wp-json\/wp\/v2\/tags?post=584986"}],"curies":[{"name":"wp","href":"https:\/\/api.w.org\/{rel}","templated":true}]}}