{"id":584992,"date":"2025-12-07T21:24:23","date_gmt":"2025-12-07T21:24:23","guid":{"rendered":"https:\/\/www.europesays.com\/fr\/584992\/"},"modified":"2025-12-07T21:24:23","modified_gmt":"2025-12-07T21:24:23","slug":"macron-presse-lue-dagir-face-a-la-pression-chinoise","status":"publish","type":"post","link":"https:\/\/www.europesays.com\/fr\/584992\/","title":{"rendered":"Macron presse l\u2019UE d\u2019agir face \u00e0 la pression chinoise"},"content":{"rendered":"<p><img loading=\"lazy\" decoding=\"async\" src=\"https:\/\/www.europesays.com\/fr\/wp-content\/uploads\/2025\/12\/991099de-05erbzd1lrln4s5jimk38nw.webp.webp\" alt=\"Le pr\u00e9sident fran\u00e7ais Emmanuel Macron s'exprime \u00e0 l'universit\u00e9 du Sichuan, avec le drapeau chinois en arri\u00e8re-plan, lors d'une rencontre avec des \u00e9tudiants \u00e0 Chengdu, dans la province du Sichuan, dans le sud-ouest de la Chine, le 5 d\u00e9cembre 2025. &#10;\" width=\"640\" height=\"359\" class=\"ys-img\"\/><\/p>\n<p>Cr\u00e9dit Photo : Sarah Meyssonnier \/ POOL  \/ AFP<\/p>\n<p>Le pr\u00e9sident fran\u00e7ais Emmanuel Macron s&rsquo;exprime \u00e0 l&rsquo;universit\u00e9 du Sichuan, avec le drapeau chinois en arri\u00e8re-plan, lors d&rsquo;une rencontre avec des \u00e9tudiants \u00e0 Chengdu, dans la province du Sichuan, dans le sud-ouest de la Chine, le 5 d\u00e9cembre 2025.\n<\/p>\n<p>\u00c0 son retour de Chine, le pr\u00e9sident fran\u00e7ais Emmanuel Macron adopte une ligne nettement plus offensive envers P\u00e9kin. Dans un entretien publi\u00e9 dimanche par Les \u00c9chos, le chef de l\u2019\u00c9tat fran\u00e7ais assure que l\u2019Union europ\u00e9enne pourrait instaurer des droits de douane sur les produits chinois \u00ab\u00a0dans les tout prochains mois\u00a0\u00bb si aucune d\u00e9marche n\u2019est engag\u00e9e pour freiner l\u2019aggravation du d\u00e9ficit commercial europ\u00e9en.<\/p>\n<p>Emmanuel Macron affirme avoir adress\u00e9 un message clair aux autorit\u00e9s chinoises : sans r\u00e9action de leur part, les Europ\u00e9ens devront <\/p>\n<p>\u00ab\u00a0prendre des mesures fortes\u00a0\u00bb,<\/p>\n<p> \u00e9voquant explicitement la possibilit\u00e9 de tarifs douaniers, <\/p>\n<p>\u00ab\u00a0\u00e0 l\u2019instar des \u00c9tats-Unis\u00a0\u00bb. <\/p>\n<p>Washington applique d\u00e9j\u00e0 des droits tr\u00e8s \u00e9lev\u00e9s, r\u00e9cemment r\u00e9duits de 57 % \u00e0 47 % dans le cadre d\u2019un accord bilat\u00e9ral conclu fin octobre.<\/p>\n<p>Pour Emmanuel Macron, ces politiques protectionnistes am\u00e9ricaines accentuent les difficult\u00e9s europ\u00e9ennes, en redirigeant une partie des exportations chinoises vers le march\u00e9 des Vingt-Sept. La Chine, de son c\u00f4t\u00e9, <\/p>\n<p>\u00ab\u00a0percute le c\u0153ur du mod\u00e8le industriel et d\u2019innovation europ\u00e9en\u00a0\u00bb, <\/p>\n<p>notamment dans la machine-outil et l\u2019automobile. <\/p>\n<p>\u00ab\u00a0C\u2019est une question de vie ou de mort pour l\u2019industrie europ\u00e9enne\u00a0\u00bb, <\/p>\n<p>insiste-t-il, au lendemain seulement de son d\u00e9placement officiel en Chine.<\/p>\n<p>Des divergences persistantes au sein de l\u2019UE<\/p>\n<p>Emmanuel Macron reconna\u00eet cependant que l\u2019\u00e9laboration d\u2019une r\u00e9ponse collective reste d\u00e9licate. L\u2019Allemagne, tr\u00e8s li\u00e9e \u00e0 l\u2019\u00e9conomie chinoise,<\/p>\n<p> \u00ab\u00a0n\u2019est pas encore totalement sur notre ligne\u00a0\u00bb,<\/p>\n<p> admet-il.<\/p>\n<p>Pour r\u00e9\u00e9quilibrer les \u00e9changes, Emmanuel Macron pr\u00e9conise par ailleurs de favoriser davantage d\u2019investissements chinois en Europe. Il cite une dizaine de secteurs consid\u00e9r\u00e9s comme prioritaires : batteries, raffinage du lithium, \u00e9olien, solaire, v\u00e9hicules \u00e9lectriques, pompes \u00e0 chaleur, \u00e9lectronique grand public, technologies de recyclage, robotique industrielle et composants avanc\u00e9s. Mais il met en garde contre tout investissement<\/p>\n<p> susceptible de cr\u00e9er une d\u00e9pendance industrielle.<\/p>\n<p>Un appel \u00e0 renforcer la protection commerciale et la comp\u00e9titivit\u00e9<\/p>\n<p class=\"ys-paragraph-node align-justify\">Face \u00e0 l\u2019arriv\u00e9e massive de v\u00e9hicules \u00e9lectriques chinois, Emmanuel Macron demande \u00e0 l\u2019Union europ\u00e9enne de renforcer son arsenal de d\u00e9fense dans les secteurs les plus vuln\u00e9rables, au premier rang desquels figure l\u2019automobile.<\/p>\n<p>Parall\u00e8lement, il juge indispensable de relancer la comp\u00e9titivit\u00e9 europ\u00e9enne : simplification des r\u00e8gles, approfondissement du march\u00e9 unique, soutien \u00e0 l\u2019innovation, protection<\/p>\n<p> des fronti\u00e8res commerciales, finalisation de l\u2019union douani\u00e8re et <\/p>\n<p>\u00ab\u00a0politique mon\u00e9taire ajust\u00e9e\u00a0\u00bb.<\/p>\n<p class=\"ys-paragraph-node align-justify\">Selon lui, seule la combinaison d\u2019un meilleur niveau de protection et d\u2019un effort interne de comp\u00e9titivit\u00e9 permettra \u00e0 l\u2019Europe de tenir face \u00e0 la pression chinoise.<\/p>\n<p class=\"ys-paragraph-node align-justify\">Ces d\u00e9clarations du pr\u00e9sident fran\u00e7ais interviennent apr\u00e8s une visite d&rsquo;\u00c9tat de trois jours en Chine, marqu\u00e9e par des ambitions \u00e9conomiques, diplomatiques et strat\u00e9giques fortes.Cette visite, qui constitue la quatri\u00e8me du chef de l&rsquo;\u00c9tat fran\u00e7ais en Chine depuis 2018, s\u2019inscrit dans la continuit\u00e9 du 60\u1d49 anniversaire des relations diplomatiques franco-chinoises, c\u00e9l\u00e9br\u00e9 en 2024.<\/p>\n<p>#Chine<\/p>\n<p>#droits de douane<\/p>\n<p>#France<\/p>\n<p>#produits chinois<\/p>\n<p>#Union Europ\u00e9enne<\/p>\n","protected":false},"excerpt":{"rendered":"Cr\u00e9dit Photo : Sarah Meyssonnier \/ POOL \/ AFP Le pr\u00e9sident fran\u00e7ais Emmanuel Macron s&rsquo;exprime \u00e0 l&rsquo;universit\u00e9 du&hellip;\n","protected":false},"author":2,"featured_media":584993,"comment_status":"","ping_status":"","sticky":false,"template":"","format":"standard","meta":{"footnotes":""},"categories":[1586],"tags":[11,309,2388,1777,674,1779,1011,27,12,69848,25,1778,364],"class_list":{"0":"post-584992","1":"post","2":"type-post","3":"status-publish","4":"format-standard","5":"has-post-thumbnail","7":"category-europe","8":"tag-actualites","9":"tag-chine","10":"tag-droits-de-douane","11":"tag-eu","12":"tag-europe","13":"tag-european-union","14":"tag-fr","15":"tag-france","16":"tag-news","17":"tag-produits-chinois","18":"tag-republique-francaise","19":"tag-ue","20":"tag-union-europeenne"},"share_on_mastodon":{"url":"https:\/\/pubeurope.com\/@fr\/115680397288407217","error":""},"_links":{"self":[{"href":"https:\/\/www.europesays.com\/fr\/wp-json\/wp\/v2\/posts\/584992","targetHints":{"allow":["GET"]}}],"collection":[{"href":"https:\/\/www.europesays.com\/fr\/wp-json\/wp\/v2\/posts"}],"about":[{"href":"https:\/\/www.europesays.com\/fr\/wp-json\/wp\/v2\/types\/post"}],"author":[{"embeddable":true,"href":"https:\/\/www.europesays.com\/fr\/wp-json\/wp\/v2\/users\/2"}],"replies":[{"embeddable":true,"href":"https:\/\/www.europesays.com\/fr\/wp-json\/wp\/v2\/comments?post=584992"}],"version-history":[{"count":0,"href":"https:\/\/www.europesays.com\/fr\/wp-json\/wp\/v2\/posts\/584992\/revisions"}],"wp:featuredmedia":[{"embeddable":true,"href":"https:\/\/www.europesays.com\/fr\/wp-json\/wp\/v2\/media\/584993"}],"wp:attachment":[{"href":"https:\/\/www.europesays.com\/fr\/wp-json\/wp\/v2\/media?parent=584992"}],"wp:term":[{"taxonomy":"category","embeddable":true,"href":"https:\/\/www.europesays.com\/fr\/wp-json\/wp\/v2\/categories?post=584992"},{"taxonomy":"post_tag","embeddable":true,"href":"https:\/\/www.europesays.com\/fr\/wp-json\/wp\/v2\/tags?post=584992"}],"curies":[{"name":"wp","href":"https:\/\/api.w.org\/{rel}","templated":true}]}}