{"id":585004,"date":"2025-12-07T21:32:14","date_gmt":"2025-12-07T21:32:14","guid":{"rendered":"https:\/\/www.europesays.com\/fr\/585004\/"},"modified":"2025-12-07T21:32:14","modified_gmt":"2025-12-07T21:32:14","slug":"une-des-principales-sources-dabus-et-de-haine-caroline-garcia-refuse-230-000-euros-dun-sponsor-de-paris-sportifs","status":"publish","type":"post","link":"https:\/\/www.europesays.com\/fr\/585004\/","title":{"rendered":"\u00ab\u00a0Une des principales sources d\u2019abus et de haine\u00a0\u00bb\u00a0: Caroline Garcia refuse 230\u00a0000\u00a0euros d\u2019un sponsor de paris sportifs"},"content":{"rendered":"<p class=\"paragraph text_align_left lp-f-body-02\">\u00ab Voil\u00e0 pourquoi nous avons refus\u00e9 270 000 dollars \u00bb. C\u2019est ainsi que d\u00e9bute la publication post\u00e9e dimanche par <a href=\"https:\/\/www.leparisien.fr\/sports\/tennis\/caroline-garcia\/\" target=\"_blank\" rel=\"noreferrer noopener\">Caroline Garcia<\/a> sur les r\u00e9seaux sociaux. La n\u00e9oretrait\u00e9e, qui a officiellement rang\u00e9 sa raquette et ses baskets <a href=\"https:\/\/www.leparisien.fr\/sports\/tennis\/cest-bizarre-mais-je-suis-heureuse-caroline-garcia-dit-au-revoir-au-tennis-apres-sa-defaite-a-lus-open-26-08-2025-E4FSHIOJ3NCL7P2JRY6QVY7ENE.php\" target=\"_blank\" rel=\"noreferrer noopener\">lors du dernier US Open<\/a>, continue de donner la parole \u00e0 ses anciens camarades du circuit dans son podcast \u00ab Tennis Insider Club \u00bb.<\/p>\n<p class=\"paragraph text_align_left lp-f-body-02\">L\u2019initiative a, semble-t-il, attir\u00e9 la curiosit\u00e9 d\u2019un acteur du monde des paris sportifs, int\u00e9ress\u00e9 pour en devenir l\u2019un des sponsors. Une offre \u00e9quivalente \u00e0 230 000 euros refus\u00e9e par la Fran\u00e7aise de 32 ans, qui s\u2019en explique en quelques slides.<\/p>\n<p class=\"paragraph text_align_left lp-f-body-02\">\u00ab C\u2019est une somme consid\u00e9rable, surtout pour une \u00e9mission sportive ind\u00e9pendante et pour moi qui viens de prendre ma retraite du tennis professionnel, expose la d\u00e9tentrice de 11 titres WTA. Au cours des deux derni\u00e8res ann\u00e9es \u00e0 \u00e9changer avec des joueurs, des entra\u00eeneurs, des agents et des parents, un th\u00e8me est revenu sans cesse : les paris sont devenus l\u2019une des principales sources de pression, d\u2019abus et de haine dans le sport moderne. Je ne veux pas que Tennis Insider Club contribue, m\u00eame indirectement, \u00e0 cr\u00e9er de l\u2019addiction, \u00e0 d\u00e9truire des vies. \u00bb<\/p>\n","protected":false},"excerpt":{"rendered":"\u00ab Voil\u00e0 pourquoi nous avons refus\u00e9 270 000 dollars \u00bb. C\u2019est ainsi que d\u00e9bute la publication post\u00e9e dimanche&hellip;\n","protected":false},"author":2,"featured_media":585005,"comment_status":"","ping_status":"","sticky":false,"template":"","format":"standard","meta":{"footnotes":""},"categories":[1415],"tags":[1011,27,104,60,1467],"class_list":{"0":"post-585004","1":"post","2":"type-post","3":"status-publish","4":"format-standard","5":"has-post-thumbnail","7":"category-tennis","8":"tag-fr","9":"tag-france","10":"tag-societe","11":"tag-sports","12":"tag-tennis"},"share_on_mastodon":{"url":"https:\/\/pubeurope.com\/@fr\/115680427588383970","error":""},"_links":{"self":[{"href":"https:\/\/www.europesays.com\/fr\/wp-json\/wp\/v2\/posts\/585004","targetHints":{"allow":["GET"]}}],"collection":[{"href":"https:\/\/www.europesays.com\/fr\/wp-json\/wp\/v2\/posts"}],"about":[{"href":"https:\/\/www.europesays.com\/fr\/wp-json\/wp\/v2\/types\/post"}],"author":[{"embeddable":true,"href":"https:\/\/www.europesays.com\/fr\/wp-json\/wp\/v2\/users\/2"}],"replies":[{"embeddable":true,"href":"https:\/\/www.europesays.com\/fr\/wp-json\/wp\/v2\/comments?post=585004"}],"version-history":[{"count":0,"href":"https:\/\/www.europesays.com\/fr\/wp-json\/wp\/v2\/posts\/585004\/revisions"}],"wp:featuredmedia":[{"embeddable":true,"href":"https:\/\/www.europesays.com\/fr\/wp-json\/wp\/v2\/media\/585005"}],"wp:attachment":[{"href":"https:\/\/www.europesays.com\/fr\/wp-json\/wp\/v2\/media?parent=585004"}],"wp:term":[{"taxonomy":"category","embeddable":true,"href":"https:\/\/www.europesays.com\/fr\/wp-json\/wp\/v2\/categories?post=585004"},{"taxonomy":"post_tag","embeddable":true,"href":"https:\/\/www.europesays.com\/fr\/wp-json\/wp\/v2\/tags?post=585004"}],"curies":[{"name":"wp","href":"https:\/\/api.w.org\/{rel}","templated":true}]}}