{"id":585006,"date":"2025-12-07T21:36:16","date_gmt":"2025-12-07T21:36:16","guid":{"rendered":"https:\/\/www.europesays.com\/fr\/585006\/"},"modified":"2025-12-07T21:36:16","modified_gmt":"2025-12-07T21:36:16","slug":"cc-championnat-des-hauts-de-france-ugo-ananie-1er-actualite","status":"publish","type":"post","link":"https:\/\/www.europesays.com\/fr\/585006\/","title":{"rendered":"CC &#8211; Championnat des Hauts-de-France : Ugo Ananie 1er &#8211; Actualit\u00e9"},"content":{"rendered":"<p style=\"text-align: justify;\">Ugo Ananie (Arques CX Team Diffusport) a remport\u00e9, ce dimanche, \u00e0 Beautor (Aisne), le Championnat des Hauts-de-France de cyclo-cross. Il a devanc\u00e9 Hugo Jot (Team CX TPM) et Florian Trigo (Team VTT Jeumont).<\/p>\n<p style=\"text-align: justify;\">Ugo Ananie s&rsquo;adjuge ainsi son troisi\u00e8me titre cons\u00e9cutif.<\/p>\n<p><strong>Classements :<\/strong><br \/><strong>S\u00e9niors<\/strong><br \/>1. ANANIE Ugo ARQUES CX TEAM DIFFUSPORT<br \/>2. JOT Hugo TEAM CX TPM<br \/>3. TRIGO Florian TEAM VTT JEUMONT<br \/>4. YDRIS Salomez MEULEBEKE<br \/>5. ROSSION Tom CC VILLENEUVE ST GERMAIN SOISSONS AISNE<br \/>6. CARESMEL Alexis VC AMATEUR ST QUENTIN<br \/>7. BLANPAIN K\u00e9vin CC CAMBRESIEN<br \/>8. ELOY Maxime TEAM JMCX<br \/>9. POUPART Pierre AC CENTULOISE<br \/>10. POUILLARD Hugo CC ARMENTIEROIS<br \/>11. POULIZAC Matthieu SPRINTEUR CLUB FEMININ &#8211; NOUVEAU<br \/>12. LEMONNIER Fran\u00e7ois CL BARLIN<br \/>13. HELIOT Martin CC ARMENTIEROIS<br \/>14. TORZEWSKI Corentin CL BARLIN<br \/>15. GOURGUECHON Baptiste AC AILLY SUR SOMME<\/p>\n<p><strong>U23<\/strong><br \/>1. VILLAR THIERY Faustin EC CHATEAU THIERRY Open 2<br \/>2. LOETE Hippolyte ARQUES CX TEAM DIFFUSPORT Elite<br \/>3. ROMAIN Emilien CC VILLENEUVE ST GERMAIN SOISSONS AISNE Open 1<br \/>4. BONNAY Lucas ESEG DOUAI Open 1<br \/>5. ROUSSEL Etienne AC CENTULOISE Open 3<br \/>6. MASSET Allan VC AMATEUR ST QUENTIN Open 1<\/p>\n<p>Plus d&rsquo;informations \u00e0 venir.<\/p>\n<p>Remerciements \u00e0 Dominique B\u00e9cart.<\/p>\n","protected":false},"excerpt":{"rendered":"Ugo Ananie (Arques CX Team Diffusport) a remport\u00e9, ce dimanche, \u00e0 Beautor (Aisne), le Championnat des Hauts-de-France de&hellip;\n","protected":false},"author":2,"featured_media":585007,"comment_status":"","ping_status":"","sticky":false,"template":"","format":"standard","meta":{"footnotes":""},"categories":[1411],"tags":[834,828,836,829,837,827,83,826,824,823,1154,207,814,817,815,816,822,821,832,211,839,1011,27,820,818,819,835,831,830,833,838,60,212,208,825],"class_list":{"0":"post-585006","1":"post","2":"type-post","3":"status-publish","4":"format-standard","5":"has-post-thumbnail","7":"category-cyclisme","8":"tag-attaque","9":"tag-belgique","10":"tag-braquet","11":"tag-bretagne","12":"tag-chute","13":"tag-competition","14":"tag-coupe-de-france","15":"tag-coureur","16":"tag-course-cyclisme","17":"tag-course-cycliste","18":"tag-cycling","19":"tag-cyclisme","20":"tag-direct","21":"tag-direct-velo","22":"tag-directvelo","23":"tag-directvelo-com","24":"tag-epreuve","25":"tag-epreuve-cycliste","26":"tag-federation-francaise-de-cyclisme","27":"tag-ffc","28":"tag-flandres","29":"tag-fr","30":"tag-france","31":"tag-live","32":"tag-live-course","33":"tag-live-epreuve","34":"tag-peloton","35":"tag-radio-peloton","36":"tag-radio-tour","37":"tag-ravitaillement","38":"tag-relance","39":"tag-sports","40":"tag-uci","41":"tag-velo","42":"tag-velos"},"share_on_mastodon":{"url":"https:\/\/pubeurope.com\/@fr\/115680443540145621","error":""},"_links":{"self":[{"href":"https:\/\/www.europesays.com\/fr\/wp-json\/wp\/v2\/posts\/585006","targetHints":{"allow":["GET"]}}],"collection":[{"href":"https:\/\/www.europesays.com\/fr\/wp-json\/wp\/v2\/posts"}],"about":[{"href":"https:\/\/www.europesays.com\/fr\/wp-json\/wp\/v2\/types\/post"}],"author":[{"embeddable":true,"href":"https:\/\/www.europesays.com\/fr\/wp-json\/wp\/v2\/users\/2"}],"replies":[{"embeddable":true,"href":"https:\/\/www.europesays.com\/fr\/wp-json\/wp\/v2\/comments?post=585006"}],"version-history":[{"count":0,"href":"https:\/\/www.europesays.com\/fr\/wp-json\/wp\/v2\/posts\/585006\/revisions"}],"wp:featuredmedia":[{"embeddable":true,"href":"https:\/\/www.europesays.com\/fr\/wp-json\/wp\/v2\/media\/585007"}],"wp:attachment":[{"href":"https:\/\/www.europesays.com\/fr\/wp-json\/wp\/v2\/media?parent=585006"}],"wp:term":[{"taxonomy":"category","embeddable":true,"href":"https:\/\/www.europesays.com\/fr\/wp-json\/wp\/v2\/categories?post=585006"},{"taxonomy":"post_tag","embeddable":true,"href":"https:\/\/www.europesays.com\/fr\/wp-json\/wp\/v2\/tags?post=585006"}],"curies":[{"name":"wp","href":"https:\/\/api.w.org\/{rel}","templated":true}]}}