{"id":585012,"date":"2025-12-07T21:39:12","date_gmt":"2025-12-07T21:39:12","guid":{"rendered":"https:\/\/www.europesays.com\/fr\/585012\/"},"modified":"2025-12-07T21:39:12","modified_gmt":"2025-12-07T21:39:12","slug":"aide-soignante-cindy-devient-graphiste-et-lance-son-entreprise-dans-le-cotentin","status":"publish","type":"post","link":"https:\/\/www.europesays.com\/fr\/585012\/","title":{"rendered":"Aide-soignante, Cindy devient graphiste et lance son entreprise dans le Cotentin"},"content":{"rendered":"<p>                    Par<br \/>\n        <strong><br \/>\n            <a href=\"https:\/\/actu.fr\/auteur\/redaction-pressemanche\" title=\"Consulter tous les articles de R\u00e9daction La Presse de la Manche\" target=\"_blank\" rel=\"noopener\">R\u00e9daction La Presse de la Manche<\/a><br \/>\n                    <\/strong><\/p>\n<p>        Publi\u00e9 le<\/p>\n<p>            7 d\u00e9c. 2025 \u00e0 15h22        <\/p>\n<p>Cindy Delacotte est <b>graphiste webdesigner<\/b>, elle vient de <b>cr\u00e9er son entreprise<\/b> Cr\u00e9a Libre,<a href=\"https:\/\/actu.fr\/normandie\/les-pieux_50402\" target=\"_blank\" rel=\"noopener\"> aux Pieux<\/a> (Manche), qui s\u2019adresse \u00e0 toutes les entreprises et <b>associations<\/b>.<\/p>\n<p class=\" wall-content\">\u00c0 36\u00a0ans, <b>deux enfants<\/b> et un parcours d\u00e9j\u00e0 bien rempli, Cindy Delacotte a pris le temps d\u2019\u00e9couter ce que <b>sa reconversion<\/b> lui soufflait. Son go\u00fbt pour <b>l\u2019aide <\/b>et le <b>soin aux autres<\/b> est son fil rouge qui a simplement chang\u00e9 de terrain.<\/p>\n<p>Beaucoup d\u2019imagination<\/p>\n<p class=\" wall-content\"><b>Dipl\u00f4m\u00e9e <\/b>en conception et design UI apr\u00e8s plusieurs ann\u00e9es comme <b>aide-soignante<\/b>, elle lance Cr\u00e9a Libre en<b> septembre\u00a02025<\/b>, une entreprise o\u00f9 l\u2019attention port\u00e9e \u00e0 l\u2019humain reste centrale. Sa <b>cr\u00e9ativit\u00e9 <\/b>fait partie d\u2019elle depuis toujours, tout comme cette attirance pour <b>l\u2019informatique<\/b>, un terrain de jeu in\u00e9puisable qui l\u2019a toujours fascin\u00e9e.<\/p>\n<p data-end=\"952\" class=\" wall-content\"><b>L\u2019imagination <\/b>de cette graphiste web designer s\u2019alimente <b>au quotidien<\/b>, dans des gestes assez simples. Une recette qu\u2019elle teste, un meuble qu\u2019elle retape, une couleur trouv\u00e9e par hasard, tout devient mati\u00e8re \u00e0 r\u00e9flexion.<\/p>\n<p data-end=\"952\" class=\" wall-content\">Ces <b>rencontres minuscules<\/b> fa\u00e7onnent sa mani\u00e8re de concevoir, pr\u00e9cise, patiente, avec cette envie de coller au plus pr\u00e8s de l\u2019image que ses <b>clients <\/b>veulent renvoyer. Elle accompagne des associations, des entrepreneurs, petites et grandes entreprises, et toutes celles et ceux qui souhaitent <b>une identit\u00e9 visuelle <\/b>qui raconte leur histoire et leur parcours.<\/p>\n<p>Logos, sites web, supports imprim\u00e9s, un travail qui commence par une vraie discussion<\/p>\n<p data-end=\"1610\" class=\" wall-content\">Chaque <b>projet <\/b>na\u00eet d\u2019un \u00e9change. Visio, t\u00e9l\u00e9phone, mail ou rencontre sur place, Cindy adapte le format au client. Elle pose des questions pour saisir ce qui compose leur univers, leurs go\u00fbts, leurs intuitions, leurs lignes rouges.<\/p>\n<p>Vid\u00e9os : en ce moment sur Actu<\/p>\n<p data-end=\"1610\" class=\" wall-content\">Ces informations nourrissent ensuite une s\u00e9rie de pistes visuelles, assez ouvertes pour laisser respirer le projet, assez structur\u00e9es pour tracer une direction.<\/p>\n<p data-end=\"1610\" class=\" wall-content\">Cr\u00e9a Libre propose la cr\u00e9ation de logos, de chartes graphiques avec toute l\u2019identit\u00e9 visuelle. Elle con\u00e7oit des <b>supports imprimables<\/b> comme des cartes, flyers et des brochures. Mais \u00e9galement des<b> sites internet<\/b>, ainsi que leur <b>maintenance<\/b>, afin d\u2019\u00e9viter \u00e0 ses clients la crainte de se retrouver seuls face \u00e0 la <b>technique<\/b>.<\/p>\n<p>Votre r\u00e9gion, votre actu !<\/p>\n<p>Recevez chaque jour les infos qui comptent pour vous.<\/p>\n<p>\t<a href=\"https:\/\/actu.fr\/newsletter\" class=\"ac-btn ac-btn--corner ac-btn--medium ac-btn--blue800\" target=\"_blank\" rel=\"noopener\">S&rsquo;incrire<\/a><br \/>\nUne pratique qui \u00e9volue en permanence<\/p>\n<p data-end=\"2669\" class=\" wall-content\">Elle se forme constamment, est attentive aux tendances, aux <b>changements <\/b>et aux <b>attentes <\/b>de ses clients. Le <b>m\u00e9tier <\/b>avance vite, et elle avance avec. Sa curiosit\u00e9, elle la revendique comme un moteur.<\/p>\n<p data-end=\"2669\" class=\" wall-content\">Pour accompagner ses d\u00e9buts, elle a imagin\u00e9 une <b>offre de lancement<\/b>, appr\u00e9ci\u00e9e notamment par les associations et les petites structures. Elle est aussi membre de l\u2019association <a href=\"https:\/\/toutes-pour-elles50.assoconnect.com\/page\/1635759-l-association\" target=\"_blank\" rel=\"noopener\">Toutes pour elles<\/a>, un collectif qui soutient les projets des entrepreneuses du <b>Cotentin<\/b>.<\/p>\n<p data-end=\"2669\" class=\" wall-content\">Au fil des projets, Cindy Delacotte avance sans faire de bruit mais avec une constance qui finit par attirer l\u2019attention. Cr\u00e9a Libre, c\u2019est finalement <b>un atelier<\/b> o\u00f9 l\u2019on prend le temps de comprendre, de fa\u00e7onner, d\u2019accorder les id\u00e9es aux personnes.<\/p>\n<p data-end=\"2669\" class=\" wall-content\"><b>De notre correspondante Laure GHANNAM<\/b><\/p>\n<p>Contact\u2009: <a href=\"https:\/\/www.crea-libre.fr\/\" target=\"_blank\" rel=\"noopener\">www.crea-libre.fr<\/a>. T\u00e9l. 06\u200985\u200949\u200976\u200947. Page Facebook et Instagram.<\/p>\n<p class=\" wall-content\">Personnalisez votre actualit\u00e9 en ajoutant vos villes et m\u00e9dias en favori avec <a href=\"https:\/\/moncompte.actu.fr\" title=\"D\u00e9couvez Mon Actu\" rel=\"nofollow noopener\" data-trk=\"{&quot;cta&quot;:{&quot;action&quot;:&quot;https:\\\/\\\/moncompte.actu.fr&quot;,&quot;category&quot;:&quot;mon compte&quot;,&quot;from&quot;:&quot;article footer&quot;,&quot;name&quot;:&quot;Mon actu&quot;,&quot;type&quot;:&quot;cta&quot;}}\" target=\"_blank\">Mon Actu<\/a>.<\/p>\n","protected":false},"excerpt":{"rendered":"Par R\u00e9daction La Presse de la Manche Publi\u00e9 le 7 d\u00e9c. 2025 \u00e0 15h22 Cindy Delacotte est graphiste&hellip;\n","protected":false},"author":2,"featured_media":585013,"comment_status":"","ping_status":"","sticky":false,"template":"","format":"standard","meta":{"footnotes":""},"categories":[1358],"tags":[1348,1384,1385,3168,1386,58,33,59,1011,27,3147],"class_list":{"0":"post-585012","1":"post","2":"type-post","3":"status-publish","4":"format-standard","5":"has-post-thumbnail","7":"category-arts-et-design","8":"tag-arts","9":"tag-arts-and-design","10":"tag-arts-et-design","11":"tag-cotentin","12":"tag-design","13":"tag-divertissement","14":"tag-economie","15":"tag-entertainment","16":"tag-fr","17":"tag-france","18":"tag-nouveaux-commerces"},"share_on_mastodon":{"url":"https:\/\/pubeurope.com\/@fr\/115680455106393791","error":""},"_links":{"self":[{"href":"https:\/\/www.europesays.com\/fr\/wp-json\/wp\/v2\/posts\/585012","targetHints":{"allow":["GET"]}}],"collection":[{"href":"https:\/\/www.europesays.com\/fr\/wp-json\/wp\/v2\/posts"}],"about":[{"href":"https:\/\/www.europesays.com\/fr\/wp-json\/wp\/v2\/types\/post"}],"author":[{"embeddable":true,"href":"https:\/\/www.europesays.com\/fr\/wp-json\/wp\/v2\/users\/2"}],"replies":[{"embeddable":true,"href":"https:\/\/www.europesays.com\/fr\/wp-json\/wp\/v2\/comments?post=585012"}],"version-history":[{"count":0,"href":"https:\/\/www.europesays.com\/fr\/wp-json\/wp\/v2\/posts\/585012\/revisions"}],"wp:featuredmedia":[{"embeddable":true,"href":"https:\/\/www.europesays.com\/fr\/wp-json\/wp\/v2\/media\/585013"}],"wp:attachment":[{"href":"https:\/\/www.europesays.com\/fr\/wp-json\/wp\/v2\/media?parent=585012"}],"wp:term":[{"taxonomy":"category","embeddable":true,"href":"https:\/\/www.europesays.com\/fr\/wp-json\/wp\/v2\/categories?post=585012"},{"taxonomy":"post_tag","embeddable":true,"href":"https:\/\/www.europesays.com\/fr\/wp-json\/wp\/v2\/tags?post=585012"}],"curies":[{"name":"wp","href":"https:\/\/api.w.org\/{rel}","templated":true}]}}