{"id":58502,"date":"2025-04-28T05:37:09","date_gmt":"2025-04-28T05:37:09","guid":{"rendered":"https:\/\/www.europesays.com\/fr\/58502\/"},"modified":"2025-04-28T05:37:09","modified_gmt":"2025-04-28T05:37:09","slug":"mis-en-cause-par-la-maire-de-la-seyne-les-responsables-de-six-comites-dinteret-local-assurent-ne-pas-faire-de-politique","status":"publish","type":"post","link":"https:\/\/www.europesays.com\/fr\/58502\/","title":{"rendered":"Mis en cause par la maire de La Seyne, les responsables de six comit\u00e9s d\u2019int\u00e9r\u00eat local assurent \u00ab\u00a0ne pas faire de politique\u00a0\u00bb"},"content":{"rendered":"<p>C\u2019est un article de Var-matin qui a mis le feu aux poudres. Le 14 f\u00e9vrier dernier, les six comit\u00e9s d\u2019int\u00e9r\u00eat local (CIL) actifs que compte la commune avaient annonc\u00e9 partager certaines critiques \u00e0 l\u2019encontre du projet de r\u00e9habilitation de la corniche de Tamaris. \u00c0 commencer par l\u2019\u00e9ventuelle mise en sens unique d\u2019une partie de la voie, entre Bois Sacr\u00e9 et le port du Manteau. Depuis, le torchon br\u00fble entre la premi\u00e8re magistrate et les CIL.<\/p>\n<p>M\u00e9contente de la prise de position de ces repr\u00e9sentants des administr\u00e9s, Nathalie Bicais leur a vertement r\u00e9pondu \u00e0 trois reprises. Ainsi le 1er mars, lors de l\u2019assembl\u00e9e g\u00e9n\u00e9rale du CIL des Sablettes, pointant les reproches formul\u00e9s, elle d\u00e9clarait: \u00ab\u00a0On ne peut pas se focaliser sur des \u00e9piph\u00e9nom\u00e8nes avanc\u00e9s par des gens qui font de la politique\u00a0\u00bb.<\/p>\n<p>\u00a0\u00bb La neutralit\u00e9 doit s\u2019imposer \u00a0\u00bb<\/p>\n<p>Puis dans un courrier dat\u00e9 du 20 mars adress\u00e9 aux pr\u00e9sidents des comit\u00e9s, elle \u00e9crivait qu\u2019\u00a0\u00bbun CIL n\u2019est pas un lobby d\u00e9fendant des int\u00e9r\u00eats priv\u00e9s, ni un quelconque contre-pouvoir, mais une courroie de transmission, un lien entre la population et ses \u00e9lus\u00a0\u00bb. La maire affirmait aussi qu\u2019\u00a0\u00bbune neutralit\u00e9 politique doit s\u2019imposer pour pr\u00e9server un dialogue constructif et respectueux\u00a0\u00bb.<\/p>\n<p>Huit jours plus tard, lors du conseil municipal du 28 mars, brocardant la p\u00e9tition mise en ligne par le collectif des CIL contre le projet de sens unique sur la corniche (1), la premi\u00e8re magistrate d\u00e9non\u00e7ait publiquement une d\u00e9marche \u00ab\u00a0port\u00e9e par certains repr\u00e9sentants politis\u00e9s des bureaux des CIL\u00a0\u00bb.<\/p>\n<p>Trop c\u2019est trop pour les dirigeants des CIL qui ont d\u00e9cid\u00e9 de r\u00e9agir. Ils ont sollicit\u00e9 Var-matin afin de faire conna\u00eetre leur r\u00e9ponse \u00e0 Nathalie Bicais. Non pas individuellement, mais au titre du collectif qui les r\u00e9unit depuis plusieurs ann\u00e9es.<\/p>\n<p>Menace de poursuites<\/p>\n<p>D\u00e9j\u00e0, ils tiennent \u00e0 rappeler que les CIL sont des \u00ab\u00a0forces de proposition et de soutien aux concitoyens\u00a0\u00bb. Ils veulent aussi souligner \u00ab\u00a0l\u2019importance de la r\u00e9habilitation de la corniche de Tamaris dans son int\u00e9gralit\u00e9, mais d\u2019une mani\u00e8re \u00e0 ne pas faire subir de contraintes aux riverains li\u00e9es au projet de mise en sens unique\u00a0\u00bb.<\/p>\n<p>\u00ab\u00a0La mairie voudrait que les CIL soient des b\u00e9ni-oui-oui, mais en remontant les inqui\u00e9tudes de nos adh\u00e9rents, on est pleinement dans notre r\u00f4le. On d\u00e9fend l\u2019int\u00e9r\u00eat g\u00e9n\u00e9ral. On a l\u2019impression qu\u2019elle veut nous discr\u00e9diter en affirmant qu\u2019on ferait de la politique\u00a0\u00bb, estiment les dirigeants des CIL.<\/p>\n<p>L\u2019un d\u2019eux tient m\u00eame \u00ab\u00a0\u00e0 contredire cat\u00e9goriquement tout lien qui lui serait attribu\u00e9 \u00e0 une quelconque attache politique. Nos statuts sont tr\u00e8s clairs et nous nous y conformons \u00e0 la lettre. Affirmer le contraire exposerait ceux qui porteraient ces accusations \u00e0 des poursuites\u00a0\u00bb. Un propos sur lequel s\u2019accordent ses cinq homologues.<\/p>\n<p>\u00ab\u00a0C\u2019est elle qui fait de la politique\u00a0\u00bb<\/p>\n<p>\u00ab\u00a0Tous les responsables de CIL sont de sensibilit\u00e9 diff\u00e9rente; ils ne pourraient pas s\u2019entendre s\u2019ils faisaient de la politique\u00a0\u00bb, glisse un pr\u00e9sident. \u00ab\u00a0Quand nous sommes au CIL, abonde un autre, on laisse nos id\u00e9es politiques au portemanteau et on travaille sans arri\u00e8re-pens\u00e9e.\u00a0\u00bb<\/p>\n<p>\u00ab\u00a0Madame Bicais accuse les CIL de faire de la politique, mais c\u2019est elle qui met la politique dans ce d\u00e9bat, comme une fa\u00e7on d\u2019\u00e9luder les vraies questions techniques que pose le projet\u00a0\u00bb, ajoute un autre responsable.<\/p>\n<p>\u00ab\u00a0Aujourd\u2019hui, concluent les repr\u00e9sentants des CIL, on a l\u2019impression d\u2019un chantage consistant \u00e0 dire: le sens unique sur la corniche, c\u2019est \u00e7a ou rien. C\u2019est comme si les d\u00e9cideurs voulaient prendre pr\u00e9texte de l\u2019hostilit\u00e9 des riverains et administr\u00e9s pour annuler ou reporter la r\u00e9habilitation\u00a0\u00bb.<\/p>\n<p>Toujours est-il que, malgr\u00e9 le climat de d\u00e9fiance qui r\u00e8gne depuis plusieurs semaines entre la mairie et les CIL, ces derniers affirment vouloir \u00ab\u00a0rester positifs et ouverts au dialogue, dans l\u2019int\u00e9r\u00eat de tous les Seynois\u00a0\u00bb.<\/p>\n<p>1. Selon les responsables des CIL la p\u00e9tition a recueilli \u00ab\u00a01.436 signatures\u00a0\u00bb.<\/p>\n<p>            \u00ab\u00a0Des projets ficel\u00e9s d\u2019avance\u00a0\u00bb<\/p>\n<p>Par ailleurs, les dirigeants des CIL avancent que les critiques formul\u00e9es \u00e0 l\u2019encontre de certains projets (la corniche, la d\u00e9chetterie avenue Estienne-d\u2019Orves, le changement de sens de l\u2019avenue Armando\u2026) trouvent sans doute leur origine dans le fait qu\u2019\u00a0\u00bbon nous met tr\u00e8s souvent devant le fait accompli. Lors des r\u00e9unions avec les \u00e9lus, on nous pr\u00e9sente des projets ficel\u00e9s \u00e0 95%. Et quand bien m\u00eame il y a des consultations pr\u00e9alables, les avis ne sont pas ou peu pris en compte. Ainsi, pour la corniche, une \u00e9tude de circulation r\u00e9alis\u00e9e en 2022 indiquait, entre autres, que \u2018\u201864% des usagers interrog\u00e9s sont r\u00e9ticents \u00e0 changer d&rsquo;itin\u00e9raire\u2019\u2019. Au final, cela n\u2019est pas pris en compte\u00a0\u00bb.<\/p>\n","protected":false},"excerpt":{"rendered":"C\u2019est un article de Var-matin qui a mis le feu aux poudres. Le 14 f\u00e9vrier dernier, les six&hellip;\n","protected":false},"author":2,"featured_media":58503,"comment_status":"","ping_status":"","sticky":false,"template":"","format":"standard","meta":{"footnotes":""},"categories":[9619],"tags":[1111,11,1777,674,1011,27,12,882,25,2310,3366],"class_list":{"0":"post-58502","1":"post","2":"type-post","3":"status-publish","4":"format-standard","5":"has-post-thumbnail","7":"category-toulon","8":"tag-actu","9":"tag-actualites","10":"tag-eu","11":"tag-europe","12":"tag-fr","13":"tag-france","14":"tag-news","15":"tag-provence-alpes-cote-dazur","16":"tag-republique-francaise","17":"tag-toulon","18":"tag-vie-locale"},"share_on_mastodon":{"url":"https:\/\/pubeurope.com\/@fr\/114413977241249540","error":""},"_links":{"self":[{"href":"https:\/\/www.europesays.com\/fr\/wp-json\/wp\/v2\/posts\/58502","targetHints":{"allow":["GET"]}}],"collection":[{"href":"https:\/\/www.europesays.com\/fr\/wp-json\/wp\/v2\/posts"}],"about":[{"href":"https:\/\/www.europesays.com\/fr\/wp-json\/wp\/v2\/types\/post"}],"author":[{"embeddable":true,"href":"https:\/\/www.europesays.com\/fr\/wp-json\/wp\/v2\/users\/2"}],"replies":[{"embeddable":true,"href":"https:\/\/www.europesays.com\/fr\/wp-json\/wp\/v2\/comments?post=58502"}],"version-history":[{"count":0,"href":"https:\/\/www.europesays.com\/fr\/wp-json\/wp\/v2\/posts\/58502\/revisions"}],"wp:featuredmedia":[{"embeddable":true,"href":"https:\/\/www.europesays.com\/fr\/wp-json\/wp\/v2\/media\/58503"}],"wp:attachment":[{"href":"https:\/\/www.europesays.com\/fr\/wp-json\/wp\/v2\/media?parent=58502"}],"wp:term":[{"taxonomy":"category","embeddable":true,"href":"https:\/\/www.europesays.com\/fr\/wp-json\/wp\/v2\/categories?post=58502"},{"taxonomy":"post_tag","embeddable":true,"href":"https:\/\/www.europesays.com\/fr\/wp-json\/wp\/v2\/tags?post=58502"}],"curies":[{"name":"wp","href":"https:\/\/api.w.org\/{rel}","templated":true}]}}