{"id":585024,"date":"2025-12-07T21:46:12","date_gmt":"2025-12-07T21:46:12","guid":{"rendered":"https:\/\/www.europesays.com\/fr\/585024\/"},"modified":"2025-12-07T21:46:12","modified_gmt":"2025-12-07T21:46:12","slug":"huit-gravures-dhenri-matisse-volees-dans-une-bibliotheque-de-sao-paulo","status":"publish","type":"post","link":"https:\/\/www.europesays.com\/fr\/585024\/","title":{"rendered":"huit gravures d\u2019Henri Matisse vol\u00e9es dans une biblioth\u00e8que de S\u00e3o Paulo"},"content":{"rendered":"<p>\n    Selon les m\u00e9dias locaux, deux hommes arm\u00e9s ont p\u00e9n\u00e9tr\u00e9 dans la biblioth\u00e8que Mario de Andrade et se sont enfuis avec les \u0153uvres d\u2019art. La pr\u00e9sence polici\u00e8re a \u00e9t\u00e9 renforc\u00e9e dans la zone.<\/p>\n<p class=\"fig-paragraph\">Huit gravures du\u00a0<a href=\"http:\/\/www.lefigaro.fr\/nice\/chef-d-oeuvre-testamentaire-d-henri-matisse-la-chapelle-du-rosaire-de-vence-va-etre-classee-au-patrimoine-national-20250117\" target=\"_blank\" data-fig-type=\"NewsFlash\" rel=\"noopener\" data-gtm-custom-categorie=\"navigation\" data-gtm-custom-action=\"crossclick\" data-gtm-custom-label=\"Contextuel\" data-gtm-event=\"customEventSPE\" data-fig-domain=\"LEFIGARO\">peintre fran\u00e7ais Henri Matisse<\/a>\u00a0et cinq du peintre br\u00e9silien Candido Portinari ont \u00e9t\u00e9 vol\u00e9es dans une biblioth\u00e8que de la ville br\u00e9silienne de\u00a0<a href=\"http:\/\/www.lefigaro.fr\/international\/bresil-un-incendie-se-declare-pres-d-un-avion-a-l-aeroport-de-sao-paulo-169-passagers-evacues-20251205\" target=\"_blank\" data-fig-type=\"NewsFlash\" rel=\"noopener\" data-gtm-custom-categorie=\"navigation\" data-gtm-custom-action=\"crossclick\" data-gtm-custom-label=\"Contextuel\" data-gtm-event=\"customEventSPE\" data-fig-domain=\"LEFIGARO\">S\u00e3o Paulo<\/a>, a annonc\u00e9 dimanche 7 d\u00e9cembre la mairie.<\/p>\n<p class=\"fig-paragraph\">Selon les m\u00e9dias locaux, deux hommes arm\u00e9s ont p\u00e9n\u00e9tr\u00e9 dans la biblioth\u00e8que Mario de Andrade et se sont enfuis avec les \u0153uvres d&rsquo;art.<\/p>\n<p>                                            <a class=\"fig-a11y-skip\" href=\"#fig-a11y-skip-main-inarticle\" data-module=\"a11y-skip\" data-context=\"was @visible\"><br \/>\n    Passer la publicit\u00e9<br \/>\n<\/a>            <\/p>\n<p>                                            Pr\u00e9sence polici\u00e8re renforc\u00e9e<\/p>\n<p class=\"fig-paragraph\">Les gravures \u00e9taient pr\u00e9sent\u00e9es dans le cadre d\u2019une exposition Du livre au mus\u00e9e, organis\u00e9e en collaboration entre la biblioth\u00e8que et le Mus\u00e9e d\u2019art moderne de S\u00e3o Paulo (MAM). Le lieu est \u00e9quip\u00e9 d\u2019un syst\u00e8me de surveillance et de cam\u00e9ras de s\u00e9curit\u00e9. La pr\u00e9sence polici\u00e8re a \u00e9t\u00e9 renforc\u00e9e dans la zone.<\/p>\n<p class=\"fig-paragraph\">Les autorit\u00e9s n\u2019ont pas communiqu\u00e9 de d\u00e9tails sur les \u0153uvres de Matisse (1869-1954) et Portinari (1903-1962) d\u00e9rob\u00e9es. Dans un communiqu\u00e9 publi\u00e9 en septembre par la mairie au sujet de l\u2019exposition, il \u00e9tait indiqu\u00e9 qu\u2019elle pr\u00e9sentait des \u0153uvres provenant des collections du MAM, sans toutefois pr\u00e9ciser lesquelles.<\/p>\n<p class=\"fig-paragraph\">Les cinq gravures de Candido Portinari \u00e9taient des illustrations du livre Menino de Engenho, publi\u00e9 en 1959.<\/p>\n","protected":false},"excerpt":{"rendered":"Selon les m\u00e9dias locaux, deux hommes arm\u00e9s ont p\u00e9n\u00e9tr\u00e9 dans la biblioth\u00e8que Mario de Andrade et se sont&hellip;\n","protected":false},"author":2,"featured_media":585025,"comment_status":"","ping_status":"","sticky":false,"template":"","format":"standard","meta":{"footnotes":""},"categories":[8],"tags":[2548,58,59,1011,27,69851,33323],"class_list":{"0":"post-585024","1":"post","2":"type-post","3":"status-publish","4":"format-standard","5":"has-post-thumbnail","7":"category-divertissement","8":"tag-bresil","9":"tag-divertissement","10":"tag-entertainment","11":"tag-fr","12":"tag-france","13":"tag-henri-matisse","14":"tag-sao-paulo"},"share_on_mastodon":{"url":"https:\/\/pubeurope.com\/@fr\/115680483525341693","error":""},"_links":{"self":[{"href":"https:\/\/www.europesays.com\/fr\/wp-json\/wp\/v2\/posts\/585024","targetHints":{"allow":["GET"]}}],"collection":[{"href":"https:\/\/www.europesays.com\/fr\/wp-json\/wp\/v2\/posts"}],"about":[{"href":"https:\/\/www.europesays.com\/fr\/wp-json\/wp\/v2\/types\/post"}],"author":[{"embeddable":true,"href":"https:\/\/www.europesays.com\/fr\/wp-json\/wp\/v2\/users\/2"}],"replies":[{"embeddable":true,"href":"https:\/\/www.europesays.com\/fr\/wp-json\/wp\/v2\/comments?post=585024"}],"version-history":[{"count":0,"href":"https:\/\/www.europesays.com\/fr\/wp-json\/wp\/v2\/posts\/585024\/revisions"}],"wp:featuredmedia":[{"embeddable":true,"href":"https:\/\/www.europesays.com\/fr\/wp-json\/wp\/v2\/media\/585025"}],"wp:attachment":[{"href":"https:\/\/www.europesays.com\/fr\/wp-json\/wp\/v2\/media?parent=585024"}],"wp:term":[{"taxonomy":"category","embeddable":true,"href":"https:\/\/www.europesays.com\/fr\/wp-json\/wp\/v2\/categories?post=585024"},{"taxonomy":"post_tag","embeddable":true,"href":"https:\/\/www.europesays.com\/fr\/wp-json\/wp\/v2\/tags?post=585024"}],"curies":[{"name":"wp","href":"https:\/\/api.w.org\/{rel}","templated":true}]}}