{"id":585028,"date":"2025-12-07T21:49:21","date_gmt":"2025-12-07T21:49:21","guid":{"rendered":"https:\/\/www.europesays.com\/fr\/585028\/"},"modified":"2025-12-07T21:49:21","modified_gmt":"2025-12-07T21:49:21","slug":"cet-objet-longtemps-oublie-sarrache-dans-les-cuisines-en-2026","status":"publish","type":"post","link":"https:\/\/www.europesays.com\/fr\/585028\/","title":{"rendered":"Cet objet longtemps oubli\u00e9 s\u2019arrache dans les cuisines en 2026"},"content":{"rendered":"<p>Ces derni\u00e8res ann\u00e9es, les architectes d\u00a0\u00bbint\u00e9rieur et les<br \/>\ndesigners ont mis en avant de nombreux accessoires r\u00e9tro. Le<br \/>\nvintage est d\u00e9sormais \u00e0 la mode, et cette tendance n&rsquo;est pas pr\u00e8s<br \/>\nde s&rsquo;essouffler. Cette fois, c&rsquo;est un objet que l&rsquo;on trouvait<br \/>\nr\u00e9guli\u00e8rement dans les cuisines de nos grands-m\u00e8res qui fait son<br \/>\nretour. En effet, un article de Marie Claire nous r\u00e9v\u00e8le<br \/>\nque le beurrier pourrait bien d\u00e9barquer de nouveau sur votre<br \/>\ntable.<\/p>\n<p>Cet objet fait son retour dans nos cuisines<\/p>\n<p><strong>Savez-vous ce qu&rsquo;est un beurrier ?<\/strong> Cet<br \/>\naccessoire \u00e9tait un incontournable des tables de famille.<br \/>\n\u00ab\u00a0Petite soucoupe ou r\u00e9cipient contenant une petite quantit\u00e9 de<br \/>\nbeurre et pr\u00e9sent\u00e9 sur <a href=\"https:\/\/www.lejournaldelamaison.fr\/le-journal-de-la-maison\/piece-par-piece\/cuisine-salle-a-manger-le-journal-de-la-maison\/adieu-table-manger-nouvelle-tendance-elegante-504364.html\" target=\"_blank\" rel=\"noopener\"><br \/>\nla table<\/a> au moment du repas du midi et du soir pour<br \/>\nl\u2019accompagnement de la nourriture\u00a0\u00bb, peut-on lire en<br \/>\nguise de d\u00e9finition sur Wikip\u00e9dia. Mais vu son nom, <strong>on<br \/>\naurait pu s&rsquo;en douter !<\/strong><\/p>\n<p>Avec le temps, <strong>les changements d&rsquo;habitudes<\/strong> et<br \/>\nl&rsquo;industrialisation des emballages, le beurrier avait peu \u00e0 peu<br \/>\ndisparu. Mais voil\u00e0 qu&rsquo;il fait son retour, en 2026. Il s&rsquo;agit<br \/>\nd\u00e9sormais d&rsquo;un v\u00e9ritable <a href=\"https:\/\/www.lejournaldelamaison.fr\/le-journal-de-la-maison\/nouveautes\/tendances\/tendances-deco\/objet-deco-tendance-cartonne-ramener-enfance-505050.html\" target=\"_blank\" rel=\"noopener\"><br \/>\nobjet de d\u00e9co<\/a> pour votre table et certaines marques proposent<br \/>\n<strong>de tr\u00e8s jolis mod\u00e8les<\/strong>.<\/p>\n<p>Le beurrier totalement r\u00e9invent\u00e9<\/p>\n<p>Le fabricant de meubles et de d\u00e9co Westwing propose un<br \/>\nmod\u00e8le de beurrier en gr\u00e8s <strong>inspir\u00e9 des ann\u00e9es<br \/>\n1970<\/strong>. Ce dernier devrait plaire aux amateurs <a href=\"https:\/\/www.lejournaldelamaison.fr\/le-journal-de-la-maison\/nouveautes\/tendances\/tendances-deco\/tendances-vintage-envahir-interieurs-2025-505284.html\" target=\"_blank\" rel=\"noopener\"><br \/>\nde vintage<\/a>, car il poss\u00e8de un aspect tr\u00e8s r\u00e9tro. Ses couleurs<br \/>\net ses finitions textur\u00e9es seront du plus bel effet sur la table de<br \/>\n<strong>votre salle \u00e0 manger<\/strong>.<\/p>\n<p>Chacun de ses beurriers <strong>est fabriqu\u00e9 \u00e0 la main<\/strong>,<br \/>\net ajoutera \u00e9norm\u00e9ment de cachet \u00e0 <a href=\"https:\/\/www.lejournaldelamaison.fr\/le-journal-de-la-maison\/piece-par-piece\/cuisine-salle-a-manger-le-journal-de-la-maison\/cuisine\/cuisine-ouverte-couleur-meconnue-transformer-interieur-505846.html\" target=\"_blank\" rel=\"noopener\"><br \/>\nvotre cuisine<\/a>. Les mati\u00e8res brutes et les teintes terreuses<br \/>\n\u00e9tant \u00e0 la mode, cet objet est tout \u00e0 fait dans l&rsquo;air du temps. Un<br \/>\nproduit \u00e0 la fois utile et agr\u00e9able, qui ne surchargera pas la<br \/>\ntable, <strong>gr\u00e2ce \u00e0 ses dimensions<\/strong> (16 cm de largeur,<br \/>\n12 cm de haut et 8 cm de profondeur).<\/p>\n<blockquote class=\"instagram-media\" style=\"background: #ffffff;border: 0;margin: 1px;width: 100%;padding: 0;max-width: 500px;\" data-instgrm-permalink=\"https:\/\/www.instagram.com\/p\/DFhj3srBVIl\/?utm_source=ig_web_copy_link&amp;igsh=MzRlODBiNWFlZA==\" data-instgrm-version=\"14\"\/><p>\n<a href=\"https:\/\/www.lejournaldelamaison.fr\/wp-content\/uploads\/sites\/8\/2025\/02\/tout-le-monde-le-veut-cet-objet-de-grand-mere-longtemps-oublie-sarrache-dans-les-cuisines-en-2025-1.jpg\" target=\"_blank\" rel=\"noopener\"><br \/>\n<img loading=\"lazy\" decoding=\"async\" aria-describedby=\"caption-attachment-505992\" itemprop=\"thumbnailUrl\" class=\"wp-image-505992 img-responsive size-pinterest_original_image pinit-here\" src=\"https:\/\/www.europesays.com\/fr\/wp-content\/uploads\/2025\/12\/tout-le-monde-le-veut-cet-objet-de-grand-mere-longtemps-oublie-sarrache-dans-les-cuisines-en-2025-1-.jpeg\" alt=\"Beurrier artisanal\" width=\"736\" height=\"386\" data-pin-media=\"https:\/\/www.europesays.com\/fr\/wp-content\/uploads\/2025\/12\/tout-le-monde-le-veut-cet-objet-de-grand-mere-longtemps-oublie-sarrache-dans-les-cuisines-en-2025-1-.jpeg\"\/><\/a><br \/>\n\u00a9<br \/>\nWestwing<\/p>\n<p id=\"caption-attachment-505992\" class=\"wp-caption-text\">Beurrier<br \/>\nartisanal 70&rsquo;s, disponible <a href=\"https:\/\/www.westwing.fr\/beurrier-artisanal-style-retro-70s-141886.html\" target=\"_blank\" rel=\"nofollow noopener\">\u00e0 24,99 \u20ac<\/a> sur le site<br \/>\nde Westwing<\/p>\n<p>Une touche r\u00e9tro dans votre<br \/>\ncuisine<\/p>\n<p>Les consommateurs recherchent de plus en plus <strong>des<br \/>\nproduits durables<\/strong>, moins industriels, pour leur<br \/>\nd\u00e9coration. Les ann\u00e9es 1990 et 2000 ont \u00e9t\u00e9 marqu\u00e9es par la<br \/>\nconsommation de masse et la standardisation de la vaisselle, des<br \/>\nustensiles de cuisine et des \u00e9l\u00e9ments de d\u00e9co. Mais les objets<br \/>\n<strong>ayant une r\u00e9elle histoire<\/strong>, comme ceux qui sont<br \/>\nfabriqu\u00e9s \u00e0 la main, poss\u00e8dent <a href=\"https:\/\/www.lejournaldelamaison.fr\/le-journal-de-la-maison\/nouveautes\/tendances\/tendances-deco\/adoptez-la-deco-mix-and-match-pour-donner-du-cachet-a-votre-interieur-452277.html\" target=\"_blank\" rel=\"noopener\"><br \/>\nun cachet inimitable<\/a>.<\/p>\n<p>Le beurrier de chez Westwing <strong>pla\u00eet d\u00e9j\u00e0<br \/>\n\u00e9norm\u00e9ment<\/strong>, comme en t\u00e9moignent les avis des acheteurs.<br \/>\n\u00ab\u00a0Gardez votre beurre au frais et donnez en m\u00eame temps \u00e0 votre<br \/>\ntable <a href=\"https:\/\/www.lejournaldelamaison.fr\/le-journal-de-la-maison\/selection-decoration\/accessoires-selection-decoration\/jo-paris-jeux-olympiques-souvenirs-objets-deco-491283.html\" target=\"_blank\" rel=\"noopener\"><br \/>\nun charme nostalgique<\/a>\u00ab\u00a0, est-il \u00e9crit sur la fiche produit.<br \/>\nLa marque promet une livraison <strong>entre 3 et 8 jours<br \/>\nouvr\u00e9s<\/strong>.<\/p>\n<p><script async src=\"\/\/www.instagram.com\/embed.js\"><\/script><\/p>\n","protected":false},"excerpt":{"rendered":"Ces derni\u00e8res ann\u00e9es, les architectes d\u00a0\u00bbint\u00e9rieur et les designers ont mis en avant de nombreux accessoires r\u00e9tro. Le&hellip;\n","protected":false},"author":2,"featured_media":585029,"comment_status":"","ping_status":"","sticky":false,"template":"","format":"standard","meta":{"footnotes":""},"categories":[6],"tags":[5734,35,33318,3139,3012,1805,8117,154,6475,33,34,3026,12219,1011,27,2515,4743,5875,41843,5261,32137,974],"class_list":{"0":"post-585028","1":"post","2":"type-post","3":"status-publish","4":"format-standard","5":"has-post-thumbnail","7":"category-economie","8":"tag-5734","9":"tag-business","10":"tag-cet","11":"tag-cher","12":"tag-cuisines","13":"tag-de","14":"tag-deco","15":"tag-des","16":"tag-devient","17":"tag-economie","18":"tag-economy","19":"tag-en","20":"tag-et","21":"tag-fr","22":"tag-france","23":"tag-grand","24":"tag-la","25":"tag-mere","26":"tag-objet","27":"tag-pas","28":"tag-pratique","29":"tag-star"},"share_on_mastodon":{"url":"https:\/\/pubeurope.com\/@fr\/115680498440995343","error":""},"_links":{"self":[{"href":"https:\/\/www.europesays.com\/fr\/wp-json\/wp\/v2\/posts\/585028","targetHints":{"allow":["GET"]}}],"collection":[{"href":"https:\/\/www.europesays.com\/fr\/wp-json\/wp\/v2\/posts"}],"about":[{"href":"https:\/\/www.europesays.com\/fr\/wp-json\/wp\/v2\/types\/post"}],"author":[{"embeddable":true,"href":"https:\/\/www.europesays.com\/fr\/wp-json\/wp\/v2\/users\/2"}],"replies":[{"embeddable":true,"href":"https:\/\/www.europesays.com\/fr\/wp-json\/wp\/v2\/comments?post=585028"}],"version-history":[{"count":0,"href":"https:\/\/www.europesays.com\/fr\/wp-json\/wp\/v2\/posts\/585028\/revisions"}],"wp:featuredmedia":[{"embeddable":true,"href":"https:\/\/www.europesays.com\/fr\/wp-json\/wp\/v2\/media\/585029"}],"wp:attachment":[{"href":"https:\/\/www.europesays.com\/fr\/wp-json\/wp\/v2\/media?parent=585028"}],"wp:term":[{"taxonomy":"category","embeddable":true,"href":"https:\/\/www.europesays.com\/fr\/wp-json\/wp\/v2\/categories?post=585028"},{"taxonomy":"post_tag","embeddable":true,"href":"https:\/\/www.europesays.com\/fr\/wp-json\/wp\/v2\/tags?post=585028"}],"curies":[{"name":"wp","href":"https:\/\/api.w.org\/{rel}","templated":true}]}}