{"id":585032,"date":"2025-12-07T21:51:11","date_gmt":"2025-12-07T21:51:11","guid":{"rendered":"https:\/\/www.europesays.com\/fr\/585032\/"},"modified":"2025-12-07T21:51:11","modified_gmt":"2025-12-07T21:51:11","slug":"une-femme-mortellement-percutee-par-un-vehicule-de-gendarmerie-qui-partait-en-intervention","status":"publish","type":"post","link":"https:\/\/www.europesays.com\/fr\/585032\/","title":{"rendered":"Une femme mortellement percut\u00e9e par un v\u00e9hicule de gendarmerie \u00ab\u00a0qui partait en intervention\u00a0\u00bb"},"content":{"rendered":"<p>\n                                                                    l&rsquo;essentiel<br \/>\n                                                                Ce samedi, une femme de 68 est morte apr\u00e8s avoir \u00e9t\u00e9 percut\u00e9e par un v\u00e9hicule de gendarmerie qui partait en intervention, \u00e0 Pont-Sainte-Maxence (Oise). Une enqu\u00eate pour homicide involontaire a \u00e9t\u00e9 ouverte.\n                            <\/p>\n<p>Alors qu\u2019il \u00ab\u00a0partait en intervention\u00a0\u00bb, un v\u00e9hicule de gendarmerie a percut\u00e9 mortellement une femme de 68 ans \u00e0 Pont-Sainte-Maxence (Oise) samedi 6\u00a0d\u00e9cembre, a appris l\u2019AFP aupr\u00e8s du procureur de Senlis, Lo\u00efc Abrial, dimanche. Le v\u00e9hicule avait \u00ab\u00a0vraisemblablement\u00a0\u00bb ses avertisseurs sonores et lumineux allum\u00e9s a-t-il pr\u00e9cis\u00e9.<\/p>\n<p>L\u2019accident s\u2019est produit aux alentours de 19\u00a0h\u00a045. Au niveau d\u2019un carrefour, la voiture transportant la sexag\u00e9naire est arriv\u00e9e \u00ab\u00a0sur le c\u00f4t\u00e9 gauche\u00a0\u00bb de celle de la gendarmerie, d\u2019apr\u00e8s les premiers \u00e9l\u00e9ments de l\u2019enqu\u00eate. Aucun\u00a0gendarme n\u2019a \u00e9t\u00e9 bless\u00e9. En revanche, la femme de 68, \u00ab\u00a0a priori passag\u00e8re arri\u00e8re\u00a0\u00bb\u00a0est d\u00e9c\u00e9d\u00e9e \u00e0 la suite de la collision. Les deux autres personnes \u00e0 bord du v\u00e9hicule ont \u00e9t\u00e9 bless\u00e9es mais leur pronostic vital n\u2019est pas engag\u00e9.<\/p>\n<p>La conductrice du v\u00e9hicule de gendarmerie et le chef de bord, \u00ab\u00a0en charge de la gestion des avertisseurs sonores et lumineux\u00a0\u00bb, ont \u00e9t\u00e9 plac\u00e9s en garde \u00e0 vue. Le procureur a pr\u00e9cis\u00e9 qu\u2019il s\u2019agissait de la proc\u00e9dure ordinaire apr\u00e8s un accident mortel.<\/p>\n<p>Une enqu\u00eate a \u00e9t\u00e9 ouverte<\/p>\n<p>D\u2019apr\u00e8s les premiers d\u00e9pistages, les gendarmes n\u2019avaient consomm\u00e9 ni alcool ni stup\u00e9fiant. Une enqu\u00eate\u00a0pour homicide involontaire par conducteur et blessures involontaire par conducteur pour la gendarme qui \u00e9tait au volant et pour complicit\u00e9 concernant le chef de bord a \u00e9t\u00e9 ouverte. Elle a \u00e9t\u00e9 confi\u00e9e aux gendarmes de la brigade de Chantilly, diff\u00e9rent de celle \u00e0 laquelle appartiennent les deux gendarmes mis en cause. Une mesure prise dans le but de\u00a0\u00ab\u00a0garder l\u2019impartialit\u00e9 n\u00e9cessaire pour la conduite de l\u2019enqu\u00eate\u00a0\u00bb, a ajout\u00e9 le procureur.<\/p>\n<p>Une autopsie de la femme d\u00e9c\u00e9d\u00e9e doit \u00eatre r\u00e9alis\u00e9e en d\u00e9but de semaine alors que les autres\u00a0personnes pr\u00e9sentes\u00a0dans le\u00a0v\u00e9hicule\u00a0seront auditionn\u00e9es prochainement.<\/p>\n","protected":false},"excerpt":{"rendered":"l&rsquo;essentiel Ce samedi, une femme de 68 est morte apr\u00e8s avoir \u00e9t\u00e9 percut\u00e9e par un v\u00e9hicule de gendarmerie&hellip;\n","protected":false},"author":2,"featured_media":585033,"comment_status":"","ping_status":"","sticky":false,"template":"","format":"standard","meta":{"footnotes":""},"categories":[4],"tags":[3085,11,118,1011,27,12,25],"class_list":{"0":"post-585032","1":"post","2":"type-post","3":"status-publish","4":"format-standard","5":"has-post-thumbnail","7":"category-france","8":"tag-accidents","9":"tag-actualites","10":"tag-faits-divers","11":"tag-fr","12":"tag-france","13":"tag-news","14":"tag-republique-francaise"},"share_on_mastodon":{"url":"","error":""},"_links":{"self":[{"href":"https:\/\/www.europesays.com\/fr\/wp-json\/wp\/v2\/posts\/585032","targetHints":{"allow":["GET"]}}],"collection":[{"href":"https:\/\/www.europesays.com\/fr\/wp-json\/wp\/v2\/posts"}],"about":[{"href":"https:\/\/www.europesays.com\/fr\/wp-json\/wp\/v2\/types\/post"}],"author":[{"embeddable":true,"href":"https:\/\/www.europesays.com\/fr\/wp-json\/wp\/v2\/users\/2"}],"replies":[{"embeddable":true,"href":"https:\/\/www.europesays.com\/fr\/wp-json\/wp\/v2\/comments?post=585032"}],"version-history":[{"count":0,"href":"https:\/\/www.europesays.com\/fr\/wp-json\/wp\/v2\/posts\/585032\/revisions"}],"wp:featuredmedia":[{"embeddable":true,"href":"https:\/\/www.europesays.com\/fr\/wp-json\/wp\/v2\/media\/585033"}],"wp:attachment":[{"href":"https:\/\/www.europesays.com\/fr\/wp-json\/wp\/v2\/media?parent=585032"}],"wp:term":[{"taxonomy":"category","embeddable":true,"href":"https:\/\/www.europesays.com\/fr\/wp-json\/wp\/v2\/categories?post=585032"},{"taxonomy":"post_tag","embeddable":true,"href":"https:\/\/www.europesays.com\/fr\/wp-json\/wp\/v2\/tags?post=585032"}],"curies":[{"name":"wp","href":"https:\/\/api.w.org\/{rel}","templated":true}]}}