{"id":585036,"date":"2025-12-07T21:53:40","date_gmt":"2025-12-07T21:53:40","guid":{"rendered":"https:\/\/www.europesays.com\/fr\/585036\/"},"modified":"2025-12-07T21:53:40","modified_gmt":"2025-12-07T21:53:40","slug":"saint-etienne-un-homme-interpelle-pour-agression-sexuelle-lors-du-festival-dystopia","status":"publish","type":"post","link":"https:\/\/www.europesays.com\/fr\/585036\/","title":{"rendered":"Saint-\u00c9tienne : un homme interpell\u00e9 pour agression sexuelle lors du festival Dystopia\u00a0"},"content":{"rendered":"<p>Un jeune homme de 20 ans a \u00e9t\u00e9 arr\u00eat\u00e9 dans la nuit de vendredi \u00e0 samedi au parc des expositions de Saint-\u00c9tienne. Fortement alcoolis\u00e9, il aurait agress\u00e9 sexuellement une festivali\u00e8re pendant l&rsquo;\u00e9v\u00e9nement techno Dystopia.<\/p>\n<p>Le festival <b>Dystopia<\/b>, qui rassemble des centaines d&rsquo;amateurs de musique \u00e9lectronique au parc des expositions de <b>Saint-\u00c9tienne<\/b>, a \u00e9t\u00e9 marqu\u00e9 par un grave incident <b>ce vendredi 5 d\u00e9cembre<\/b> au soir.\u00a0<\/p>\n<p>Selon le <a class=\"url\" href=\"https:\/\/www.leprogres.fr\/faits-divers-justice\/2025\/12\/06\/un-homme-interpelle-pour-agression-sexuelle-au-cours-du-festival-dystopia-a-saint-etienne\" target=\"_blank\" rel=\"noopener\">Progr\u00e8s<\/a>, une jeune femme a alert\u00e9 le service de s\u00e9curit\u00e9 apr\u00e8s avoir \u00e9t\u00e9 victime d&rsquo;une agression sexuelle : un homme lui aurait caress\u00e9 la poitrine sans son consentement.<\/p>\n<p>L&rsquo;individu plac\u00e9 en cellule de d\u00e9grisement\u00a0<\/p>\n<p>Rapidement ma\u00eetris\u00e9 par les vigiles, l&rsquo;individu, \u00e2g\u00e9 de 20 ans et en \u00e9tat d&rsquo;ivresse avanc\u00e9e, a \u00e9t\u00e9 remis aux forces de l&rsquo;ordre.\u00a0<\/p>\n<p>Il a \u00e9t\u00e9 plac\u00e9 en <b>cellule de d\u00e9grisement<\/b> avant d&rsquo;\u00eatre entendu en garde \u00e0 vue par la police nationale.<\/p>\n<p><img loading=\"lazy\" decoding=\"async\" src=\"https:\/\/www.europesays.com\/fr\/wp-content\/uploads\/2025\/12\/1765144420_217_img\" width=\"350\" height=\"200\" border=\"0\" title=\"Un camion de pompiers.\"\/><\/p>\n<p>\u25baFaits divers<\/p>\n<p style=\"font-size: 22px;\"><b>Haute-Loire : une jument sauv\u00e9e&#8230; dans une piscine<\/b><\/p>\n<p>Une dizaine de pompiers sont intervenus, ce jeudi&#8230;<\/p>\n<p><\/p>\n","protected":false},"excerpt":{"rendered":"Un jeune homme de 20 ans a \u00e9t\u00e9 arr\u00eat\u00e9 dans la nuit de vendredi \u00e0 samedi au parc&hellip;\n","protected":false},"author":2,"featured_media":480958,"comment_status":"","ping_status":"","sticky":false,"template":"","format":"standard","meta":{"footnotes":""},"categories":[9653],"tags":[1111,11,1267,2430,63464,1777,674,849,1011,27,12,25,4001],"class_list":{"0":"post-585036","1":"post","2":"type-post","3":"status-publish","4":"format-standard","5":"has-post-thumbnail","7":"category-saint-etienne","8":"tag-actu","9":"tag-actualites","10":"tag-agression-sexuelle","11":"tag-auvergne-rhone-alpes","12":"tag-dystopia","13":"tag-eu","14":"tag-europe","15":"tag-festival","16":"tag-fr","17":"tag-france","18":"tag-news","19":"tag-republique-francaise","20":"tag-saint-etienne"},"share_on_mastodon":{"url":"https:\/\/pubeurope.com\/@fr\/115680511410130387","error":""},"_links":{"self":[{"href":"https:\/\/www.europesays.com\/fr\/wp-json\/wp\/v2\/posts\/585036","targetHints":{"allow":["GET"]}}],"collection":[{"href":"https:\/\/www.europesays.com\/fr\/wp-json\/wp\/v2\/posts"}],"about":[{"href":"https:\/\/www.europesays.com\/fr\/wp-json\/wp\/v2\/types\/post"}],"author":[{"embeddable":true,"href":"https:\/\/www.europesays.com\/fr\/wp-json\/wp\/v2\/users\/2"}],"replies":[{"embeddable":true,"href":"https:\/\/www.europesays.com\/fr\/wp-json\/wp\/v2\/comments?post=585036"}],"version-history":[{"count":0,"href":"https:\/\/www.europesays.com\/fr\/wp-json\/wp\/v2\/posts\/585036\/revisions"}],"wp:featuredmedia":[{"embeddable":true,"href":"https:\/\/www.europesays.com\/fr\/wp-json\/wp\/v2\/media\/480958"}],"wp:attachment":[{"href":"https:\/\/www.europesays.com\/fr\/wp-json\/wp\/v2\/media?parent=585036"}],"wp:term":[{"taxonomy":"category","embeddable":true,"href":"https:\/\/www.europesays.com\/fr\/wp-json\/wp\/v2\/categories?post=585036"},{"taxonomy":"post_tag","embeddable":true,"href":"https:\/\/www.europesays.com\/fr\/wp-json\/wp\/v2\/tags?post=585036"}],"curies":[{"name":"wp","href":"https:\/\/api.w.org\/{rel}","templated":true}]}}