{"id":585038,"date":"2025-12-07T21:55:27","date_gmt":"2025-12-07T21:55:27","guid":{"rendered":"https:\/\/www.europesays.com\/fr\/585038\/"},"modified":"2025-12-07T21:55:27","modified_gmt":"2025-12-07T21:55:27","slug":"une-soiree-entre-fierte-et-deception-pour-les-liverdunois","status":"publish","type":"post","link":"https:\/\/www.europesays.com\/fr\/585038\/","title":{"rendered":"une soir\u00e9e entre fiert\u00e9 et d\u00e9ception pour les Liverdunois"},"content":{"rendered":"<p>Des Liverdunois rassembl\u00e9s par dizaines pour suivre la c\u00e9r\u00e9monie Miss France au sein de la salle Bianchi, r\u00e9pondant ainsi \u00e0 l\u2019invitation de l\u2019association \u00ab\u00a0Les Enfants du Plateau\u00a0\u00bb, pour une soir\u00e9e que tous esp\u00e9raient couronn\u00e9e de succ\u00e8s.<\/p>\n<p>En effet, d\u00e8s les premi\u00e8res minutes, tous les regards \u00e9taient port\u00e9s vers l\u2019\u00e9cran g\u00e9ant install\u00e9 pour ce grand moment, n\u2019attendant que l\u2019arriv\u00e9e de la Miss locale pour vibrer.<\/p>\n<p>Tr\u00e8s vite, une clameur se fit entendre, lorsque Camille l\u2019Etang, sourire aux l\u00e8vres, apparut \u00e0 l\u2019\u00e9cran. \u00ab\u00a0Elle est vraiment belle, elle a toutes ses chances [\u2026] On y croit, elle est jolie, elle d\u00e9fend une belle cause et \u00e0 des vraies valeurs\u00a0\u00bb entendait-on ici et l\u00e0.<\/p>\n<p>Une premi\u00e8re joie suivie d\u2019une seconde quelques minutes plus tard, pour des spectateurs conquis par le costume r\u00e9gional propos\u00e9\u00a0: \u00ab\u00a0Magnifique. Apr\u00e8s les costumes des derni\u00e8res ann\u00e9es nous avions quelques craintes, mais cette ann\u00e9e il est magnifique et Camille le porte vraiment tr\u00e8s bien\u00a0\u00bb.<\/p>\n<p>Un emballement qui peu \u00e0 peu voyait l\u2019espoir grandir dans la salle, tandis que les g\u00e9n\u00e9rations s\u2019unissaient pour supporter leur favorite. Un espoir s\u2019amenuisant finalement \u00e0 l\u2019annonce, par les anciennes Miss France pr\u00e9sentes sur sc\u00e8ne, des 12 demi-finalistes, mettant fin aux r\u00eaves de toutes et tous.<\/p>\n<p>\u00ab\u00a0Beaucoup de d\u00e9ception, mais \u00e9galement beaucoup de fiert\u00e9 [\u2026] Elle a fait quelque chose de grandiose\u00a0\u00bb confiait Anne-Laure Schneider, marraine de Miss Lorraine. \u00ab\u00a0D\u00e9ception pour Camille mais nous sommes tellement fiers d\u2019elle. \u00catre arriv\u00e9 jusque-l\u00e0 est d\u00e9j\u00e0 extraordinaire. Pleins de choses l\u2019attendent maintenant en tant que Miss Lorraine\u00a0\u00bb indiquait pour sa part Val\u00e9rie, maman de Camille L\u2019Etang.<\/p>\n","protected":false},"excerpt":{"rendered":"Des Liverdunois rassembl\u00e9s par dizaines pour suivre la c\u00e9r\u00e9monie Miss France au sein de la salle Bianchi, r\u00e9pondant&hellip;\n","protected":false},"author":2,"featured_media":585039,"comment_status":"","ping_status":"","sticky":false,"template":"","format":"standard","meta":{"footnotes":""},"categories":[9635],"tags":[1111,11,9661,1704,1705,1777,674,1011,27,775,13318,3034,1702,12,25,104],"class_list":{"0":"post-585038","1":"post","2":"type-post","3":"status-publish","4":"format-standard","5":"has-post-thumbnail","7":"category-nancy","8":"tag-actu","9":"tag-actualites","10":"tag-cc-du-bassin-de-pompey-54b1","11":"tag-edition-nancy-et-agglomeration","12":"tag-edition-toul","13":"tag-eu","14":"tag-europe","15":"tag-fr","16":"tag-france","17":"tag-grand-est","18":"tag-liverdun","19":"tag-miss-france","20":"tag-nancy","21":"tag-news","22":"tag-republique-francaise","23":"tag-societe"},"share_on_mastodon":{"url":"https:\/\/pubeurope.com\/@fr\/115680518027679676","error":""},"_links":{"self":[{"href":"https:\/\/www.europesays.com\/fr\/wp-json\/wp\/v2\/posts\/585038","targetHints":{"allow":["GET"]}}],"collection":[{"href":"https:\/\/www.europesays.com\/fr\/wp-json\/wp\/v2\/posts"}],"about":[{"href":"https:\/\/www.europesays.com\/fr\/wp-json\/wp\/v2\/types\/post"}],"author":[{"embeddable":true,"href":"https:\/\/www.europesays.com\/fr\/wp-json\/wp\/v2\/users\/2"}],"replies":[{"embeddable":true,"href":"https:\/\/www.europesays.com\/fr\/wp-json\/wp\/v2\/comments?post=585038"}],"version-history":[{"count":0,"href":"https:\/\/www.europesays.com\/fr\/wp-json\/wp\/v2\/posts\/585038\/revisions"}],"wp:featuredmedia":[{"embeddable":true,"href":"https:\/\/www.europesays.com\/fr\/wp-json\/wp\/v2\/media\/585039"}],"wp:attachment":[{"href":"https:\/\/www.europesays.com\/fr\/wp-json\/wp\/v2\/media?parent=585038"}],"wp:term":[{"taxonomy":"category","embeddable":true,"href":"https:\/\/www.europesays.com\/fr\/wp-json\/wp\/v2\/categories?post=585038"},{"taxonomy":"post_tag","embeddable":true,"href":"https:\/\/www.europesays.com\/fr\/wp-json\/wp\/v2\/tags?post=585038"}],"curies":[{"name":"wp","href":"https:\/\/api.w.org\/{rel}","templated":true}]}}