{"id":585050,"date":"2025-12-07T22:06:24","date_gmt":"2025-12-07T22:06:24","guid":{"rendered":"https:\/\/www.europesays.com\/fr\/585050\/"},"modified":"2025-12-07T22:06:24","modified_gmt":"2025-12-07T22:06:24","slug":"deux-hommes-de-18-et-22-ans-tues-par-balles-a-echirolles-lescalade-de-violence-dans-la-peripherie-grenobloise-se-poursuit","status":"publish","type":"post","link":"https:\/\/www.europesays.com\/fr\/585050\/","title":{"rendered":"Deux hommes de\u00a018 et 22\u00a0ans tu\u00e9s par balles \u00e0 \u00c9chirolles\u00a0: l\u2019escalade de violence dans la p\u00e9riph\u00e9rie grenobloise se poursuit"},"content":{"rendered":"<p class=\"paragraph text_align_left lp-f-body-02\">Trois hommes abattus en une semaine \u00e0 Grenoble (<a href=\"https:\/\/www.leparisien.fr\/isere-38\/\" target=\"_blank\" rel=\"noreferrer noopener\">Is\u00e8re<\/a>) et sa p\u00e9riph\u00e9rie. La guerre de territoires sanglante <a href=\"https:\/\/www.leparisien.fr\/faits-divers\/la-prochaine-fois-ce-sera-un-ecolier-en-cp-un-grenoblois-de-12-ans-grievement-blesse-par-des-narcotrafiquants-16-11-2025-ZTGW5NUW6BABZF2VZC33HTS3QA.php\" target=\"_blank\" rel=\"noreferrer noopener\">sur fonds de trafic de stup\u00e9fiants qui ravage Grenoble<\/a> et son agglom\u00e9ration depuis un an et demi se poursuit. Une litanie macabre devenue presque banale.<\/p>\n<p class=\"paragraph text_align_left lp-f-body-02\">Dans la nuit de samedi \u00e0 dimanche, deux jeunes hommes, \u00e2g\u00e9s de 18 et 22 ans, ont perdu la vie. Un double homicide volontaire dont l\u2019un a \u00e9t\u00e9 pr\u00e9c\u00e9d\u00e9 d\u2019un enl\u00e8vement et d\u2019une s\u00e9questration, un mode op\u00e9ratoire devenu courant chez les narcotrafiquants pour semer la terreur chez leurs rivaux.<\/p>\n<p class=\"paragraph text_align_left lp-f-body-02\">Le premier drame s\u2019est d\u00e9roul\u00e9 samedi soir, peu apr\u00e8s 23 heures, <a href=\"https:\/\/www.leparisien.fr\/faits-divers\/cest-inhumain-a-echirolles-des-habitants-contraints-de-quitter-leur-immeuble-squatte-par-des-dealers-24-09-2024-OWU262JCIVE2REWK3TBPOSR6VE.php\" target=\"_blank\" rel=\"noreferrer noopener\">\u00e0 \u00c9chirolles<\/a>, en p\u00e9riph\u00e9rie de Grenoble. Un jeune homme de 22 ans, inconnu des services de police, a \u00e9t\u00e9 la <a href=\"https:\/\/www.leparisien.fr\/faits-divers\/un-homme-de-22-ans-tue-par-balles-a-echirolles-pres-de-grenoble-07-12-2025-NN3PTIVWXZGR3N3W5ZWYTXKSHE.php\" target=\"_self\" rel=\"noopener\">cible de tirs d\u2019arme \u00e0 feu<\/a> alors qu\u2019il quittait les lieux d\u2019une rixe opposant plusieurs dizaines d\u2019individus devant un fast-food.<\/p>\n<p>Nue, le corps couvert de plaies\u2026 La victime de 18 ans retrouv\u00e9e dans un parc<\/p>\n<p class=\"paragraph text_align_left lp-f-body-02\">Touch\u00e9 \u00e0 la t\u00eate, au dos et au ventre par trois impacts de calibre 9 mm, il a succomb\u00e9 \u00e0 ses blessures peu apr\u00e8s son arriv\u00e9e \u00e0 l\u2019h\u00f4pital. Selon des t\u00e9moins, un individu juch\u00e9 sur un deux-roues serait l\u2019auteur des coups de feu.<\/p>\n<p class=\"lp-card-podcast-highlighting__title  lp-f-subtitle-05\">[2\/2] L\u2019affaire du Bois Bleu : le banquier assassin\u00e9 et le poison de la rumeur <\/p>\n<p><a class=\"lp-card-podcast-highlighting__call-to-action\" data-page-type=\"HP\" data-block-name=\"podcast-highlight\">\u00c9couter<\/a><\/p>\n<p class=\"paragraph text_align_left lp-f-body-02\">Concomitamment \u00e0 cette fusillade, une deuxi\u00e8me personne aurait \u00e9t\u00e9 enlev\u00e9e par les tueurs \u00e0 bord d\u2019un v\u00e9hicule. La victime, un jeune homme de 18 ans, d\u00e9j\u00e0 connu pour des infractions \u00e0 la l\u00e9gislation sur les stup\u00e9fiants, a \u00e9t\u00e9 activement recherch\u00e9e.<\/p>\n<p class=\"paragraph text_align_left lp-f-body-02\">Son corps sans vie a finalement \u00e9t\u00e9 d\u00e9couvert dimanche matin, vers 8 heures, dans le parc de la Bruy\u00e8re \u00e0 Grenoble, nu et pr\u00e9sentant de nombreuses ecchymoses et plaies, notamment par arme \u00e0 feu. Le v\u00e9hicule des ravisseurs avait \u00e9t\u00e9 retrouv\u00e9 abandonn\u00e9 plus t\u00f4t dans la nuit \u00e0 500 m du parc.<\/p>\n<p>Une guerre de territoires sanglante<\/p>\n<p class=\"paragraph text_align_left lp-f-body-02\">In\u00e8s Delay, procureure adjointe de Grenoble, a confirm\u00e9 que le jeune homme de 18 ans avait subi des violences avant d\u2019\u00eatre enlev\u00e9. La Division de la criminalit\u00e9 organis\u00e9e sp\u00e9cialis\u00e9e de Grenoble a \u00e9t\u00e9 saisie de l\u2019enqu\u00eate pour ce double homicide volontaire.<\/p>\n<p class=\"paragraph text_align_left lp-f-body-02\">Ces nouveaux drames interviennent quelques jours seulement apr\u00e8s le meurtre d\u2019un homme de 33 ans, retrouv\u00e9 mort avec deux impacts de balle, \u00e9galement \u00e0 \u00c9chirolles, dans la nuit de mardi \u00e0 mercredi. La victime, qui portait un gilet pare-balles, gisait dans une mare de sang avec la m\u00e2choire bris\u00e9e.<\/p>\n<p>Un ca\u00efd grenoblois abattu en Seine-Saint-Denis<\/p>\n<p class=\"paragraph text_align_left lp-f-body-02\">Le trafic de drogue est le principal moteur de cette <a href=\"https:\/\/www.leparisien.fr\/faits-divers\/eric-vaillant-procureur-de-grenoble-je-navais-pas-vu-une-telle-guerre-des-gangs-depuis-mon-arrivee-20-08-2024-SEDZEQJRBFFXVFUFMNV4L2DMKA.php\" target=\"_self\" rel=\"noopener\">escalade de violence \u00e0 Grenoble et dans sa p\u00e9riph\u00e9rie<\/a> marqu\u00e9e par des \u00e9pisodes r\u00e9currents de fusillades. Les autorit\u00e9s avaient d\u00fb fermer en septembre 2024 l\u2019immeuble \u00ab Le Carrare \u00bb \u00e0 \u00c9chirolles, un point de deal r\u00e9put\u00e9 tr\u00e8s lucratif, et \u00e9vacuer tous ses habitants.<\/p>\n<p class=\"paragraph text_align_left lp-f-body-02\">Depuis le d\u00e9but de l\u2019ann\u00e9e 2024, on recense environ une quinzaine de morts \u00e0 Grenoble et dans sa p\u00e9riph\u00e9rie li\u00e9s au trafic de stup\u00e9fiants, en incluant la mort de <a href=\"https:\/\/www.leparisien.fr\/faits-divers\/qui-est-mehdi-boulenouane-le-caid-grenoblois-abattu-en-pleine-rue-en-seine-saint-denis-18-05-2024-ECDMUX6CTVCXREFUWJZRXE7JXM.php\" target=\"_self\" rel=\"noopener\">Mehdi Boulenouane<\/a>, un ca\u00efd local abattu en mai 2024 \u00e0 Dugny en Seine-Saint-Denis alors qu\u2019il \u00e9tait sous bracelet \u00e9lectronique. Selon certains sp\u00e9cialistes, sa mort aurait d\u00e9stabilis\u00e9 le trafic de drogue local et serait \u00e0 l\u2019origine de la guerre de territoire qui fait rage depuis.<\/p>\n","protected":false},"excerpt":{"rendered":"Trois hommes abattus en une semaine \u00e0 Grenoble (Is\u00e8re) et sa p\u00e9riph\u00e9rie. La guerre de territoires sanglante sur&hellip;\n","protected":false},"author":2,"featured_media":119227,"comment_status":"","ping_status":"","sticky":false,"template":"","format":"standard","meta":{"footnotes":""},"categories":[9566],"tags":[1111,11,2430,459,1777,674,118,1011,27,2731,12,25],"class_list":{"0":"post-585050","1":"post","2":"type-post","3":"status-publish","4":"format-standard","5":"has-post-thumbnail","7":"category-grenoble","8":"tag-actu","9":"tag-actualites","10":"tag-auvergne-rhone-alpes","11":"tag-departements-horsidfo","12":"tag-eu","13":"tag-europe","14":"tag-faits-divers","15":"tag-fr","16":"tag-france","17":"tag-grenoble","18":"tag-news","19":"tag-republique-francaise"},"share_on_mastodon":{"url":"https:\/\/pubeurope.com\/@fr\/115680561354248858","error":""},"_links":{"self":[{"href":"https:\/\/www.europesays.com\/fr\/wp-json\/wp\/v2\/posts\/585050","targetHints":{"allow":["GET"]}}],"collection":[{"href":"https:\/\/www.europesays.com\/fr\/wp-json\/wp\/v2\/posts"}],"about":[{"href":"https:\/\/www.europesays.com\/fr\/wp-json\/wp\/v2\/types\/post"}],"author":[{"embeddable":true,"href":"https:\/\/www.europesays.com\/fr\/wp-json\/wp\/v2\/users\/2"}],"replies":[{"embeddable":true,"href":"https:\/\/www.europesays.com\/fr\/wp-json\/wp\/v2\/comments?post=585050"}],"version-history":[{"count":0,"href":"https:\/\/www.europesays.com\/fr\/wp-json\/wp\/v2\/posts\/585050\/revisions"}],"wp:featuredmedia":[{"embeddable":true,"href":"https:\/\/www.europesays.com\/fr\/wp-json\/wp\/v2\/media\/119227"}],"wp:attachment":[{"href":"https:\/\/www.europesays.com\/fr\/wp-json\/wp\/v2\/media?parent=585050"}],"wp:term":[{"taxonomy":"category","embeddable":true,"href":"https:\/\/www.europesays.com\/fr\/wp-json\/wp\/v2\/categories?post=585050"},{"taxonomy":"post_tag","embeddable":true,"href":"https:\/\/www.europesays.com\/fr\/wp-json\/wp\/v2\/tags?post=585050"}],"curies":[{"name":"wp","href":"https:\/\/api.w.org\/{rel}","templated":true}]}}