{"id":585054,"date":"2025-12-07T22:12:23","date_gmt":"2025-12-07T22:12:23","guid":{"rendered":"https:\/\/www.europesays.com\/fr\/585054\/"},"modified":"2025-12-07T22:12:23","modified_gmt":"2025-12-07T22:12:23","slug":"une-victoire-sans-mordant-pour-le-suc-sur-le-terrain-du-vbc-strasbourg","status":"publish","type":"post","link":"https:\/\/www.europesays.com\/fr\/585054\/","title":{"rendered":"une victoire sans mordant pour le SUC sur le terrain du VBC Strasbourg"},"content":{"rendered":"<p>Les premiers points sont pour le SUC (0-4). \u00ab\u00a0Il faut qu\u2019on rentre dans le match\u00a0\u00bb, alerte aussit\u00f4t Coralie Larnack, l\u2019entra\u00eeneure du VBCS, depuis le bord de terrain.<\/p>\n<p>Port\u00e9es par quelques fautes adverses, les joueuses locales recollent progressivement au score (1-4, 3-6, 7-7, 12-12), mais l\u2019intensit\u00e9 peine \u00e0 monter.<\/p>\n<p>\u00ab\u00a0On ne sort pas du match\u00a0!\u00a0\u00bb<\/p>\n<p>Le SUC creuse de nouveau l\u2019\u00e9cart, pouss\u00e9 par une Panou puissante et pr\u00e9cise (14-18), tandis que la d\u00e9fense du VBCS poursuit ses efforts.<\/p>\n<p>Bruckmann arrache m\u00eame un ballon promis au point, mais \u00e7a ne suffit pas. Le set revient au SUC (20-25).<\/p>\n<p>Bien&#8230;<\/p>\n","protected":false},"excerpt":{"rendered":"Les premiers points sont pour le SUC (0-4). \u00ab\u00a0Il faut qu\u2019on rentre dans le match\u00a0\u00bb, alerte aussit\u00f4t Coralie&hellip;\n","protected":false},"author":2,"featured_media":585055,"comment_status":"","ping_status":"","sticky":false,"template":"","format":"standard","meta":{"footnotes":""},"categories":[2820],"tags":[1111,11,2649,2880,1777,674,1011,27,775,12,25,517,640,2879,1632],"class_list":{"0":"post-585054","1":"post","2":"type-post","3":"status-publish","4":"format-standard","5":"has-post-thumbnail","7":"category-strasbourg","8":"tag-actu","9":"tag-actualites","10":"tag-bas-rhin","11":"tag-edition-strasbourg","12":"tag-eu","13":"tag-europe","14":"tag-fr","15":"tag-france","16":"tag-grand-est","17":"tag-news","18":"tag-republique-francaise","19":"tag-sport","20":"tag-strasbourg","21":"tag-strasbourg-ville","22":"tag-volley-ball"},"share_on_mastodon":{"url":"https:\/\/pubeurope.com\/@fr\/115680584863902034","error":""},"_links":{"self":[{"href":"https:\/\/www.europesays.com\/fr\/wp-json\/wp\/v2\/posts\/585054","targetHints":{"allow":["GET"]}}],"collection":[{"href":"https:\/\/www.europesays.com\/fr\/wp-json\/wp\/v2\/posts"}],"about":[{"href":"https:\/\/www.europesays.com\/fr\/wp-json\/wp\/v2\/types\/post"}],"author":[{"embeddable":true,"href":"https:\/\/www.europesays.com\/fr\/wp-json\/wp\/v2\/users\/2"}],"replies":[{"embeddable":true,"href":"https:\/\/www.europesays.com\/fr\/wp-json\/wp\/v2\/comments?post=585054"}],"version-history":[{"count":0,"href":"https:\/\/www.europesays.com\/fr\/wp-json\/wp\/v2\/posts\/585054\/revisions"}],"wp:featuredmedia":[{"embeddable":true,"href":"https:\/\/www.europesays.com\/fr\/wp-json\/wp\/v2\/media\/585055"}],"wp:attachment":[{"href":"https:\/\/www.europesays.com\/fr\/wp-json\/wp\/v2\/media?parent=585054"}],"wp:term":[{"taxonomy":"category","embeddable":true,"href":"https:\/\/www.europesays.com\/fr\/wp-json\/wp\/v2\/categories?post=585054"},{"taxonomy":"post_tag","embeddable":true,"href":"https:\/\/www.europesays.com\/fr\/wp-json\/wp\/v2\/tags?post=585054"}],"curies":[{"name":"wp","href":"https:\/\/api.w.org\/{rel}","templated":true}]}}