{"id":585056,"date":"2025-12-07T22:14:44","date_gmt":"2025-12-07T22:14:44","guid":{"rendered":"https:\/\/www.europesays.com\/fr\/585056\/"},"modified":"2025-12-07T22:14:44","modified_gmt":"2025-12-07T22:14:44","slug":"un-homme-meurt-apres-un-malaise-a-une-station-de-tramway-dans-le-centre-ville-de-nice","status":"publish","type":"post","link":"https:\/\/www.europesays.com\/fr\/585056\/","title":{"rendered":"Un homme meurt apr\u00e8s un malaise \u00e0 une station de tramway dans le centre-ville de Nice"},"content":{"rendered":"<p>Une sc\u00e8ne dramatique. Un homme a \u00e9t\u00e9 victime d&rsquo;un malaise alors qu&rsquo;il attendait le tramway dans le centre-ville de Nice (Alpes-Maritimes) ce mardi 1er d\u00e9cembre.\u00a0<\/p>\n<p>Selon nos confr\u00e8res de <a href=\"https:\/\/www.nicematin.com\/faits-divers\/victime-d-un-malaise-un-homme-decede-a-un-arret-de-tram-a-nice-10659129\" target=\"_blank\" rel=\"noopener\">Nice-Matin<\/a>, l&rsquo;homme s&rsquo;est \u00e9croul\u00e9 alors que d&rsquo;autres personnes \u00e9taient autour de lui. Selon le site du quotidien local, la personne \u00e2g\u00e9e d&rsquo;une soixantaine d&rsquo;ann\u00e9es a eu un malaise cardiaque.<\/p>\n<p>Une tentative de r\u00e9animation<\/p>\n<p>Des passants sont intervenus rapidement justement avant l&rsquo;arriv\u00e9e des secours. Ils ont tent\u00e9 de r\u00e9animer la victime, en vain.<\/p>\n<p>Le sexag\u00e9naire est d\u00e9c\u00e9d\u00e9 en d\u00e9but d&rsquo;apr\u00e8s-midi avant m\u00eame son transfert vers un h\u00f4pital.<\/p>\n","protected":false},"excerpt":{"rendered":"Une sc\u00e8ne dramatique. Un homme a \u00e9t\u00e9 victime d&rsquo;un malaise alors qu&rsquo;il attendait le tramway dans le centre-ville&hellip;\n","protected":false},"author":2,"featured_media":585057,"comment_status":"","ping_status":"","sticky":false,"template":"","format":"standard","meta":{"footnotes":""},"categories":[2819],"tags":[17,1111,11,150,1777,674,274,1011,27,4933,14139,33355,9085,5479,12,2401,21146,882,25],"class_list":{"0":"post-585056","1":"post","2":"type-post","3":"status-publish","4":"format-standard","5":"has-post-thumbnail","7":"category-nice","8":"tag-17","9":"tag-actu","10":"tag-actualites","11":"tag-apres","12":"tag-eu","13":"tag-europe","14":"tag-faits-divers-justice","15":"tag-fr","16":"tag-france","17":"tag-homme","18":"tag-lintervention","19":"tag-malaise","20":"tag-malgre","21":"tag-meurt","22":"tag-news","23":"tag-nice","24":"tag-passants","25":"tag-provence-alpes-cote-dazur","26":"tag-republique-francaise"},"share_on_mastodon":{"url":"https:\/\/pubeurope.com\/@fr\/115680592743158641","error":""},"_links":{"self":[{"href":"https:\/\/www.europesays.com\/fr\/wp-json\/wp\/v2\/posts\/585056","targetHints":{"allow":["GET"]}}],"collection":[{"href":"https:\/\/www.europesays.com\/fr\/wp-json\/wp\/v2\/posts"}],"about":[{"href":"https:\/\/www.europesays.com\/fr\/wp-json\/wp\/v2\/types\/post"}],"author":[{"embeddable":true,"href":"https:\/\/www.europesays.com\/fr\/wp-json\/wp\/v2\/users\/2"}],"replies":[{"embeddable":true,"href":"https:\/\/www.europesays.com\/fr\/wp-json\/wp\/v2\/comments?post=585056"}],"version-history":[{"count":0,"href":"https:\/\/www.europesays.com\/fr\/wp-json\/wp\/v2\/posts\/585056\/revisions"}],"wp:featuredmedia":[{"embeddable":true,"href":"https:\/\/www.europesays.com\/fr\/wp-json\/wp\/v2\/media\/585057"}],"wp:attachment":[{"href":"https:\/\/www.europesays.com\/fr\/wp-json\/wp\/v2\/media?parent=585056"}],"wp:term":[{"taxonomy":"category","embeddable":true,"href":"https:\/\/www.europesays.com\/fr\/wp-json\/wp\/v2\/categories?post=585056"},{"taxonomy":"post_tag","embeddable":true,"href":"https:\/\/www.europesays.com\/fr\/wp-json\/wp\/v2\/tags?post=585056"}],"curies":[{"name":"wp","href":"https:\/\/api.w.org\/{rel}","templated":true}]}}