{"id":585060,"date":"2025-12-07T22:17:11","date_gmt":"2025-12-07T22:17:11","guid":{"rendered":"https:\/\/www.europesays.com\/fr\/585060\/"},"modified":"2025-12-07T22:17:11","modified_gmt":"2025-12-07T22:17:11","slug":"ouste-nos-immanquables-pour-sortir-a-nantes-cette-semaine-du-8-au-14-decembre","status":"publish","type":"post","link":"https:\/\/www.europesays.com\/fr\/585060\/","title":{"rendered":"Ouste\u00a0! Nos immanquables pour sortir \u00e0 Nantes cette semaine du 8 au 14\u00a0d\u00e9cembre"},"content":{"rendered":"<p>ExtrAnimation pour les f\u00e9rus de film d\u2019animation<\/p>\n<p>ExtrAnimation, c\u2019est le rendez-vous du film d\u2019animation \u00e0 Nantes. Au programme, la projection des\u00a0incontournables de l\u2019ann\u00e9e 2025, une soir\u00e9e animation japonaise, un focus stop motion, une expo consacr\u00e9e \u00e0 l\u2019univers du studio Xilam au Lieu unique (Oggy et les cafards, Les Zinzins de l\u2019Espace, Zig et Sharko\u2026), &#8230;<\/p>\n<p>\u00a0<\/p>\n","protected":false},"excerpt":{"rendered":"ExtrAnimation pour les f\u00e9rus de film d\u2019animation ExtrAnimation, c\u2019est le rendez-vous du film d\u2019animation \u00e0 Nantes. Au programme,&hellip;\n","protected":false},"author":2,"featured_media":585061,"comment_status":"","ping_status":"","sticky":false,"template":"","format":"standard","meta":{"footnotes":""},"categories":[2818],"tags":[5659,15765,1111,11,49832,1777,674,1011,27,30934,766,12,2636,25,3272,5572,4251],"class_list":{"0":"post-585060","1":"post","2":"type-post","3":"status-publish","4":"format-standard","5":"has-post-thumbnail","7":"category-nantes","8":"tag-5659","9":"tag-15765","10":"tag-actu","11":"tag-actualites","12":"tag-decembre","13":"tag-eu","14":"tag-europe","15":"tag-fr","16":"tag-france","17":"tag-immanquables","18":"tag-nantes","19":"tag-news","20":"tag-pays-de-la-loire","21":"tag-republique-francaise","22":"tag-saint-nazaire","23":"tag-semaine","24":"tag-sortir"},"share_on_mastodon":{"url":"https:\/\/pubeurope.com\/@fr\/115680604549093306","error":""},"_links":{"self":[{"href":"https:\/\/www.europesays.com\/fr\/wp-json\/wp\/v2\/posts\/585060","targetHints":{"allow":["GET"]}}],"collection":[{"href":"https:\/\/www.europesays.com\/fr\/wp-json\/wp\/v2\/posts"}],"about":[{"href":"https:\/\/www.europesays.com\/fr\/wp-json\/wp\/v2\/types\/post"}],"author":[{"embeddable":true,"href":"https:\/\/www.europesays.com\/fr\/wp-json\/wp\/v2\/users\/2"}],"replies":[{"embeddable":true,"href":"https:\/\/www.europesays.com\/fr\/wp-json\/wp\/v2\/comments?post=585060"}],"version-history":[{"count":0,"href":"https:\/\/www.europesays.com\/fr\/wp-json\/wp\/v2\/posts\/585060\/revisions"}],"wp:featuredmedia":[{"embeddable":true,"href":"https:\/\/www.europesays.com\/fr\/wp-json\/wp\/v2\/media\/585061"}],"wp:attachment":[{"href":"https:\/\/www.europesays.com\/fr\/wp-json\/wp\/v2\/media?parent=585060"}],"wp:term":[{"taxonomy":"category","embeddable":true,"href":"https:\/\/www.europesays.com\/fr\/wp-json\/wp\/v2\/categories?post=585060"},{"taxonomy":"post_tag","embeddable":true,"href":"https:\/\/www.europesays.com\/fr\/wp-json\/wp\/v2\/tags?post=585060"}],"curies":[{"name":"wp","href":"https:\/\/api.w.org\/{rel}","templated":true}]}}