{"id":585073,"date":"2025-12-07T22:25:11","date_gmt":"2025-12-07T22:25:11","guid":{"rendered":"https:\/\/www.europesays.com\/fr\/585073\/"},"modified":"2025-12-07T22:25:11","modified_gmt":"2025-12-07T22:25:11","slug":"les-provencaux-consomment-malgre-la-crise","status":"publish","type":"post","link":"https:\/\/www.europesays.com\/fr\/585073\/","title":{"rendered":"les Proven\u00e7aux consomment malgr\u00e9 la crise"},"content":{"rendered":"<p>La course aux <a href=\"https:\/\/www.laprovence.com\/article\/culture-loisirs\/2971676772185314\/concert-livre-spiritueux-ou-week-end-insolite-nos-10-idees-de-cadeaux-de-noel-en-provence\" target=\"_blank\" rel=\"noopener\">cadeaux de No\u00ebl<\/a> est lanc\u00e9e. Le centre commercial des Terrasses du Port, \u00e0 Marseille (2e), n\u2019est pas ouvert depuis trente minutes que Michel, 65\u00a0ans, est d\u00e9j\u00e0 pr\u00eat \u00e0 repartir. Un circuit de voiture dans une main et un Lego Disney dans l\u2019autre, il a suivi les consignes. \u00ab\u00a0Les jeunes, maintenant, sont compliqu\u00e9s. Mes enfants vivent en Suisse et en Corse donc si \u00e7a ne convient pas, c\u2019est gal\u00e8re. Alors, je m\u2019en tiens \u00e0 la liste, avoue le grand-p\u00e8re venu samedi de La Ciotat d\u00e8s 10h pour \u00e9viter la foule. Il me reste \u00e0 trouver une tenue pour le dernier, je vais appeler ma fille en visio pour qu\u2019elle valide\u00a0!\u00a0\u00bb<\/p>\n<p>\u00c0 trois semaines du r\u00e9veillon, les pr\u00e9paratifs s\u2019acc\u00e9l\u00e8rent. Si 37% des Proven\u00e7aux r\u00e9aliseront leurs emplettes \u00e0 la derni\u00e8re minute, comme le d\u00e9voile ce jour la deuxi\u00e8me partie de l\u2019\u00e9tude \u00ab\u00a0F\u00eates de fin d\u2019ann\u00e9e et contexte d\u2019incertitude \u00e9conomique\u00a0\u00bb d\u2019Ankorstore (premi\u00e8re plateforme europ\u00e9enne de vente entre professionnels), 47% d\u00e9clarent pr\u00e9f\u00e9rer anticiper. Ils sont m\u00eame 14% \u00e0 d\u00e9j\u00e0 avoir trouv\u00e9 <a href=\"https:\/\/www.laprovence.com\/article\/societe\/80408984845869\/village-de-noel-idees-cadeaux-le-marche-aux-santons-et-a-la-ceramique-d-aubagne-ouvre-ses-portes\" target=\"_blank\" rel=\"noopener\">leurs cadeaux<\/a> (notamment gr\u00e2ce aux promos).<\/p>\n<p>\u00ab\u00a0Chez moi, on se croirait en Laponie !\u00a0\u00bb<\/p>\n<p>Qu\u2019importe le contexte, No\u00ebl est pr\u00e9cieux pour Nathalie. \u00ab\u00a0C\u2019est la p\u00e9riode de l\u2019ann\u00e9e que je pr\u00e9f\u00e8r&#8230;<\/p>\n","protected":false},"excerpt":{"rendered":"La course aux cadeaux de No\u00ebl est lanc\u00e9e. Le centre commercial des Terrasses du Port, \u00e0 Marseille (2e),&hellip;\n","protected":false},"author":2,"featured_media":585074,"comment_status":"","ping_status":"","sticky":false,"template":"","format":"standard","meta":{"footnotes":""},"categories":[2814],"tags":[17,1111,11,18807,18144,154,1777,674,1011,27,151,884,12,15830,882,746,25,104],"class_list":{"0":"post-585073","1":"post","2":"type-post","3":"status-publish","4":"format-standard","5":"has-post-thumbnail","7":"category-marseille","8":"tag-17","9":"tag-actu","10":"tag-actualites","11":"tag-cadeaux","12":"tag-coute","13":"tag-des","14":"tag-eu","15":"tag-europe","16":"tag-fr","17":"tag-france","18":"tag-les","19":"tag-marseille","20":"tag-news","21":"tag-noel","22":"tag-provence-alpes-cote-dazur","23":"tag-que","24":"tag-republique-francaise","25":"tag-societe"},"share_on_mastodon":{"url":"https:\/\/pubeurope.com\/@fr\/115680636042966679","error":""},"_links":{"self":[{"href":"https:\/\/www.europesays.com\/fr\/wp-json\/wp\/v2\/posts\/585073","targetHints":{"allow":["GET"]}}],"collection":[{"href":"https:\/\/www.europesays.com\/fr\/wp-json\/wp\/v2\/posts"}],"about":[{"href":"https:\/\/www.europesays.com\/fr\/wp-json\/wp\/v2\/types\/post"}],"author":[{"embeddable":true,"href":"https:\/\/www.europesays.com\/fr\/wp-json\/wp\/v2\/users\/2"}],"replies":[{"embeddable":true,"href":"https:\/\/www.europesays.com\/fr\/wp-json\/wp\/v2\/comments?post=585073"}],"version-history":[{"count":0,"href":"https:\/\/www.europesays.com\/fr\/wp-json\/wp\/v2\/posts\/585073\/revisions"}],"wp:featuredmedia":[{"embeddable":true,"href":"https:\/\/www.europesays.com\/fr\/wp-json\/wp\/v2\/media\/585074"}],"wp:attachment":[{"href":"https:\/\/www.europesays.com\/fr\/wp-json\/wp\/v2\/media?parent=585073"}],"wp:term":[{"taxonomy":"category","embeddable":true,"href":"https:\/\/www.europesays.com\/fr\/wp-json\/wp\/v2\/categories?post=585073"},{"taxonomy":"post_tag","embeddable":true,"href":"https:\/\/www.europesays.com\/fr\/wp-json\/wp\/v2\/tags?post=585073"}],"curies":[{"name":"wp","href":"https:\/\/api.w.org\/{rel}","templated":true}]}}