{"id":585077,"date":"2025-12-07T22:27:21","date_gmt":"2025-12-07T22:27:21","guid":{"rendered":"https:\/\/www.europesays.com\/fr\/585077\/"},"modified":"2025-12-07T22:27:21","modified_gmt":"2025-12-07T22:27:21","slug":"lofast-de-lyon-tombe-sur-une-lourde-cargaison","status":"publish","type":"post","link":"https:\/\/www.europesays.com\/fr\/585077\/","title":{"rendered":"l\u2019OFAST de Lyon tombe sur une\u00a0lourde cargaison"},"content":{"rendered":"<p itemprop=\"description\"><strong>Lundi, deux hommes \u00e2g\u00e9s de 55 et 61 ans vont compara\u00eetre \u00e0 Lyon pour un transport de stup\u00e9fiants d\u2019envergure.<\/strong><\/p>\n<p>Les enqu\u00eateurs les soup\u00e7onnent d\u2019avoir assur\u00e9 un go-fast\u00a0depuis l\u2019Espagne, intercept\u00e9 le 3 d\u00e9cembre au p\u00e9age de Tain-l\u2019Hermitage, apr\u00e8s plusieurs heures de surveillance sur l\u2019axe autoroutier.<\/p>\n<p>L\u2019antenne lyonnaise de l\u2019OFAST avait rep\u00e9r\u00e9 la veille la pr\u00e9paration d\u2019un acheminement de r\u00e9sine de cannabis vers l\u2019agglom\u00e9ration lyonnaise. Les investigations ont rapidement mis au jour un dispositif rod\u00e9 : un SUV Peugeot 5008, signal\u00e9 vol\u00e9 \u00e0 Saint-\u00c9tienne et \u00e9quip\u00e9 de fausses plaques, ainsi qu\u2019un fourgon Opel Vivaro charg\u00e9 de pr\u00e9c\u00e9der la cargaison pour rep\u00e9rer d\u2019\u00e9ventuels contr\u00f4les.<\/p>\n<p>Le lendemain, en fin d\u2019apr\u00e8s-midi, le convoi est localis\u00e9 pr\u00e8s de la fronti\u00e8re espagnole, \u00e0 Banyuls. Les surveillances s\u2019intensifient, jusqu\u2019\u00e0 l\u2019interpellation du conducteur du SUV au p\u00e9age de Tain-l\u2019Hermitage, \u00e0 21h20. Quelques minutes plus tard, le fourgon \u00ab\u00a0ouvreur\u00a0\u00bb\u00a0est stopp\u00e9 dans la commune de Gervans. Dans le coffre du SUV, les enqu\u00eateurs d\u00e9couvrent cinq \u00ab\u00a0valises marocaines\u00a0\u00bb contenant au total 200 kg de r\u00e9sine de cannabis, rapporte le <a href=\"https:\/\/www.leparisien.fr\/faits-divers\/cannabis-deux-retraites-convoyeurs-interpelles-avec-200-kg-de-resine-dans-leur-go-fast-07-12-2025-IBCIBDTPCRDJRFXMP4EX6ZY3UU.php#:~:text=fast%20%2D%20Le%20Parisien-,Cannabis%20%3A%20deux%20%C2%AB%20retrait%C3%A9s%20%C2%BB%20convoyeurs%20interpell%C3%A9s%20avec%20200%20kg%20de,avec%20200%20kg%20de%20cannabis.\" target=\"_blank\" rel=\"noopener\">Parisien<\/a>.<\/p>\n<p>Selon leurs d\u00e9clarations, les deux hommes, d\u00e9crits comme deux \u00ab\u00a0retrait\u00e9s\u00a0\u00bb du banditisme lyonnais, auraient \u00e9t\u00e9 recrut\u00e9s par un tiers rest\u00e9 dans l\u2019ombre, contre une r\u00e9mun\u00e9ration comprise entre 4 000 et 5 000 euros. Ils ont \u00e9t\u00e9 plac\u00e9s en d\u00e9tention provisoire d\u00e8s le 6 d\u00e9cembre, avant leur pr\u00e9sentation devant la justice lyonnaise ce lundi 8 d\u00e9cembre.<\/p>\n","protected":false},"excerpt":{"rendered":"Lundi, deux hommes \u00e2g\u00e9s de 55 et 61 ans vont compara\u00eetre \u00e0 Lyon pour un transport de stup\u00e9fiants&hellip;\n","protected":false},"author":2,"featured_media":585078,"comment_status":"","ping_status":"","sticky":false,"template":"","format":"standard","meta":{"footnotes":""},"categories":[1889],"tags":[1111,11,2813,2190,2430,1109,251,1112,2811,1777,674,118,1011,27,1922,1110,1114,2428,2810,12,241,316,25,2812,517,800],"class_list":{"0":"post-585077","1":"post","2":"type-post","3":"status-publish","4":"format-standard","5":"has-post-thumbnail","7":"category-lyon","8":"tag-actu","9":"tag-actualites","10":"tag-article","11":"tag-asvel","12":"tag-auvergne-rhone-alpes","13":"tag-breves","14":"tag-culture","15":"tag-depeches","16":"tag-economique","17":"tag-eu","18":"tag-europe","19":"tag-faits-divers","20":"tag-fr","21":"tag-france","22":"tag-info","23":"tag-informations","24":"tag-infos","25":"tag-lyon","26":"tag-lyonmag","27":"tag-news","28":"tag-ol","29":"tag-politique","30":"tag-republique-francaise","31":"tag-sociale","32":"tag-sport","33":"tag-transports"},"share_on_mastodon":{"url":"https:\/\/pubeurope.com\/@fr\/115680643973087764","error":""},"_links":{"self":[{"href":"https:\/\/www.europesays.com\/fr\/wp-json\/wp\/v2\/posts\/585077","targetHints":{"allow":["GET"]}}],"collection":[{"href":"https:\/\/www.europesays.com\/fr\/wp-json\/wp\/v2\/posts"}],"about":[{"href":"https:\/\/www.europesays.com\/fr\/wp-json\/wp\/v2\/types\/post"}],"author":[{"embeddable":true,"href":"https:\/\/www.europesays.com\/fr\/wp-json\/wp\/v2\/users\/2"}],"replies":[{"embeddable":true,"href":"https:\/\/www.europesays.com\/fr\/wp-json\/wp\/v2\/comments?post=585077"}],"version-history":[{"count":0,"href":"https:\/\/www.europesays.com\/fr\/wp-json\/wp\/v2\/posts\/585077\/revisions"}],"wp:featuredmedia":[{"embeddable":true,"href":"https:\/\/www.europesays.com\/fr\/wp-json\/wp\/v2\/media\/585078"}],"wp:attachment":[{"href":"https:\/\/www.europesays.com\/fr\/wp-json\/wp\/v2\/media?parent=585077"}],"wp:term":[{"taxonomy":"category","embeddable":true,"href":"https:\/\/www.europesays.com\/fr\/wp-json\/wp\/v2\/categories?post=585077"},{"taxonomy":"post_tag","embeddable":true,"href":"https:\/\/www.europesays.com\/fr\/wp-json\/wp\/v2\/tags?post=585077"}],"curies":[{"name":"wp","href":"https:\/\/api.w.org\/{rel}","templated":true}]}}