{"id":585081,"date":"2025-12-07T22:30:33","date_gmt":"2025-12-07T22:30:33","guid":{"rendered":"https:\/\/www.europesays.com\/fr\/585081\/"},"modified":"2025-12-07T22:30:33","modified_gmt":"2025-12-07T22:30:33","slug":"le-fc-montreuil-petit-poucet-dile-de-france-va-bien-pouvoir-jouer-son-32e-de-finale","status":"publish","type":"post","link":"https:\/\/www.europesays.com\/fr\/585081\/","title":{"rendered":"le FC Montreuil, petit poucet d&rsquo;\u00cele-de-France, va bien pouvoir jouer son 32e de finale"},"content":{"rendered":"<p>                    Par<br \/>\n        <strong><br \/>\n            <a href=\"https:\/\/actu.fr\/auteur\/redaction-paris\" title=\"Consulter tous les articles de R\u00e9daction Paris\" target=\"_blank\" rel=\"noopener\">R\u00e9daction Paris<\/a><br \/>\n                    <\/strong><\/p>\n<p>        Publi\u00e9 le<\/p>\n<p>            7 d\u00e9c. 2025 \u00e0 10h32        <\/p>\n<p>Montreuil soulag\u00e9e. Dans un communiqu\u00e9 publi\u00e9 vendredi 5 d\u00e9cembre 2025, le <strong>FC Montreuil<\/strong>, club de R\u00e9gional 1 (6e division fran\u00e7aise), a annonc\u00e9 que la <a href=\"https:\/\/actu.fr\/tag\/federation-francaise-de-football\" target=\"_blank\" rel=\"noopener\">F\u00e9d\u00e9ration fran\u00e7aise de football<\/a> avait valid\u00e9 sa qualification en 32e de finale de la C<a href=\"https:\/\/actu.fr\/sports\/football\/coupe-de-france\" target=\"_blank\" rel=\"noopener\">oupe de France<\/a>, qui se d\u00e9roulera le dimanche 21 d\u00e9cembre 2025 \u00e0 <a href=\"https:\/\/actu.fr\/ile-de-france\/bobigny_93008\" target=\"_blank\" rel=\"noopener\">Bobigny<\/a> (Seine-Saint-Denis). Ce sera <strong>le petit poucet<\/strong> des clubs d\u2019\u00cele-de-France.\u00a0<\/p>\n<p>Les trois joueurs suspendus avaient purg\u00e9\u00a0<\/p>\n<p class=\" wall-content\">La commission f\u00e9d\u00e9rale a ainsi <strong>d\u00e9bout\u00e9<\/strong> l\u2019US Granville (Nationale 2), d\u00e9fait au 8e tour, qui avait d\u00e9pos\u00e9 un dossier de r\u00e9clamation relatif \u00e0 trois jours du FC Montreuil. Selon les Normands, ces derniers devaient \u00eatre suspendus lors du match, comme le rapporte <a href=\"https:\/\/www.leparisien.fr\/sports\/football\/coupe-de-france-granville-deboute-la-qualification-du-fc-montreuil-en-32e-de-finale-confirmee-05-12-2025-VOECJBQXSVCGTFASXCT3YJQZTY.php\" target=\"_blank\" rel=\"noopener\">Le Parisien<\/a>.\u00a0<\/p>\n<p>    <a href=\"https:\/\/www.facebook.com\/plugins\/post.php?href=https%3A%2F%2Fwww.facebook.com%2Ffoot93100%2Fposts%2Fpfbid0Kv3DvQNnC51RDCgMr8sZArsCem4QZ5bguuqQTSH82v12FqTtxvmJk9bZThsNrcz8l&amp;show_text=true&amp;width=350\" title=\"Ouvrie le lien\" target=\"_blank\" rel=\"noopener\">Cliquez ici pour visualiser le contenu<\/a><\/p>\n<p class=\" wall-content\">La FFF a estim\u00e9 que la proc\u00e9dure de suspension avait \u00e9t\u00e9 <strong>purg\u00e9e<\/strong> lors d\u2019une rencontre de la Coupe de Paris. \u00ab\u00a0Le Montreuil FC a \u00e9t\u00e9 serein (\u2026) car il dispose au sein du club des personnes comp\u00e9tentes pour \u00e9viter ce type de d\u00e9sagr\u00e9ment\u00a0\u00bb, a sobrement comment\u00e9 le club dans son communiqu\u00e9.\u00a0<\/p>\n<p class=\" wall-content\">Dimanche 21 d\u00e9cembre 2025, le FC Montreuil affrontera l\u2019US Chauvigny (Nationale 3). Trois autres clubs franciliens sont en lice : le<strong> Paris Saint-Germain<\/strong> et le <strong>Paris FC<\/strong> (Ligue 1) et <strong>l\u2019US Lusitanos de Saint-Maur<\/strong> (National 2).\u00a0<\/p>\n<p class=\" wall-content\">Personnalisez votre actualit\u00e9 en ajoutant vos villes et m\u00e9dias en favori avec <a href=\"https:\/\/moncompte.actu.fr\" title=\"D\u00e9couvez Mon Actu\" rel=\"nofollow noopener\" data-trk=\"{&quot;cta&quot;:{&quot;action&quot;:&quot;https:\\\/\\\/moncompte.actu.fr&quot;,&quot;category&quot;:&quot;mon compte&quot;,&quot;from&quot;:&quot;article footer&quot;,&quot;name&quot;:&quot;Mon actu&quot;,&quot;type&quot;:&quot;cta&quot;}}\" target=\"_blank\">Mon Actu<\/a>.<\/p>\n","protected":false},"excerpt":{"rendered":"Par R\u00e9daction Paris Publi\u00e9 le 7 d\u00e9c. 2025 \u00e0 10h32 Montreuil soulag\u00e9e. Dans un communiqu\u00e9 publi\u00e9 vendredi 5&hellip;\n","protected":false},"author":2,"featured_media":585082,"comment_status":"","ping_status":"","sticky":false,"template":"","format":"standard","meta":{"footnotes":""},"categories":[1592],"tags":[1111,11,83,1777,674,41565,63,1011,27,662,12,626,25,60],"class_list":{"0":"post-585081","1":"post","2":"type-post","3":"status-publish","4":"format-standard","5":"has-post-thumbnail","7":"category-ile-de-france","8":"tag-actu","9":"tag-actualites","10":"tag-coupe-de-france","11":"tag-eu","12":"tag-europe","13":"tag-federation-francaise-de-football","14":"tag-football","15":"tag-fr","16":"tag-france","17":"tag-ile-de-france","18":"tag-news","19":"tag-paris","20":"tag-republique-francaise","21":"tag-sports"},"share_on_mastodon":{"url":"https:\/\/pubeurope.com\/@fr\/115680655640566784","error":""},"_links":{"self":[{"href":"https:\/\/www.europesays.com\/fr\/wp-json\/wp\/v2\/posts\/585081","targetHints":{"allow":["GET"]}}],"collection":[{"href":"https:\/\/www.europesays.com\/fr\/wp-json\/wp\/v2\/posts"}],"about":[{"href":"https:\/\/www.europesays.com\/fr\/wp-json\/wp\/v2\/types\/post"}],"author":[{"embeddable":true,"href":"https:\/\/www.europesays.com\/fr\/wp-json\/wp\/v2\/users\/2"}],"replies":[{"embeddable":true,"href":"https:\/\/www.europesays.com\/fr\/wp-json\/wp\/v2\/comments?post=585081"}],"version-history":[{"count":0,"href":"https:\/\/www.europesays.com\/fr\/wp-json\/wp\/v2\/posts\/585081\/revisions"}],"wp:featuredmedia":[{"embeddable":true,"href":"https:\/\/www.europesays.com\/fr\/wp-json\/wp\/v2\/media\/585082"}],"wp:attachment":[{"href":"https:\/\/www.europesays.com\/fr\/wp-json\/wp\/v2\/media?parent=585081"}],"wp:term":[{"taxonomy":"category","embeddable":true,"href":"https:\/\/www.europesays.com\/fr\/wp-json\/wp\/v2\/categories?post=585081"},{"taxonomy":"post_tag","embeddable":true,"href":"https:\/\/www.europesays.com\/fr\/wp-json\/wp\/v2\/tags?post=585081"}],"curies":[{"name":"wp","href":"https:\/\/api.w.org\/{rel}","templated":true}]}}