{"id":585085,"date":"2025-12-07T22:33:20","date_gmt":"2025-12-07T22:33:20","guid":{"rendered":"https:\/\/www.europesays.com\/fr\/585085\/"},"modified":"2025-12-07T22:33:20","modified_gmt":"2025-12-07T22:33:20","slug":"le-havre-paris-fc-echauffourees-entre-supporters-parisiens-avant-la-rencontre-des-ultras-evacues","status":"publish","type":"post","link":"https:\/\/www.europesays.com\/fr\/585085\/","title":{"rendered":"Le\u00a0Havre-Paris FC\u00a0: \u00e9chauffour\u00e9es entre supporters parisiens avant la rencontre, des ultras \u00e9vacu\u00e9s"},"content":{"rendered":"<p class=\"paragraph text_align_left lp-f-body-02\">L\u2019avant-match de l\u2019affiche opposant <a href=\"https:\/\/www.leparisien.fr\/sports\/football\/ligue-1\/direct-le-havre-paris-fc-suivez-le-match-du-promu-parisien-en-quete-de-points-pour-le-maintien-07-12-2025-CTDH54VIZVCWVNQMGO2VV6Q6VU.php\" target=\"_blank\" rel=\"noreferrer noopener\">Le Havre et le Paris FC<\/a>, dimanche, a \u00e9t\u00e9 anim\u00e9 par des \u00e9chauffour\u00e9es entre deux groupes de supporters parisiens. Pr\u00e9sents dans le parcage, des membres des Old Clan et des Ultras Lutetia se sont affront\u00e9s lors d\u2019une courte bagarre qui a n\u00e9cessit\u00e9 l\u2019intervention des stadiers. Une vingtaine d\u2019ultras du groupe Old Clan ont \u00e9t\u00e9 \u00e9vacu\u00e9s. Tout serait parti d\u2019une histoire de banderole. <\/p>\n<p class=\"paragraph text_align_left lp-f-body-02\">Dans un communiqu\u00e9 transmis en d\u00e9but de soir\u00e9e, le <a href=\"https:\/\/www.leparisien.fr\/sports\/football\/paris-fc\/\" target=\"_blank\" rel=\"noreferrer noopener\">Paris FC<\/a> explique avoir \u00e9t\u00e9 inform\u00e9 \u00ab d\u2019un incident survenu ce soir dans le parcage. \u00bb \u00ab Les \u00e9quipes du Paris FC, en coordination avec les services de s\u00e9curit\u00e9 du stade et les autorit\u00e9s comp\u00e9tentes, ont imm\u00e9diatement pris les mesures n\u00e9cessaires pour s\u00e9curiser la zone et accompagner les personnes concern\u00e9es. \u00c0 ce stade, les circonstances exactes sont en cours d\u2019\u00e9valuation. Une analyse d\u00e9taill\u00e9e est en cours et nous communiquerons d\u00e8s que des \u00e9l\u00e9ments factuels et v\u00e9rifi\u00e9s seront disponibles. \u00bb<\/p>\n<p class=\"paragraph text_align_left lp-f-body-02\">Il y a un an d\u00e9j\u00e0, des incidents avaient eu lieu entre groupes de supporters , impliquant la L\u00e9gion X, groupe sans existence officielle et aujourd\u2019hui dissous, en marge d\u2019un match de Ligue 2 \u00e0 Charl\u00e9ty entre le Paris FC et Rodez. Certains avaient \u00e9t\u00e9 bless\u00e9s \u00e0 l\u2019arme blanche.<\/p>\n","protected":false},"excerpt":{"rendered":"L\u2019avant-match de l\u2019affiche opposant Le Havre et le Paris FC, dimanche, a \u00e9t\u00e9 anim\u00e9 par des \u00e9chauffour\u00e9es entre&hellip;\n","protected":false},"author":2,"featured_media":585086,"comment_status":"","ping_status":"","sticky":false,"template":"","format":"standard","meta":{"footnotes":""},"categories":[1888],"tags":[1111,1928,11,1927,1777,674,63,1011,27,66,12,1926,626,1925,25,60],"class_list":{"0":"post-585085","1":"post","2":"type-post","3":"status-publish","4":"format-standard","5":"has-post-thumbnail","7":"category-paris","8":"tag-actu","9":"tag-actu-paris","10":"tag-actualites","11":"tag-actualites-paris","12":"tag-eu","13":"tag-europe","14":"tag-football","15":"tag-fr","16":"tag-france","17":"tag-ligue-1","18":"tag-news","19":"tag-news-paris","20":"tag-paris","21":"tag-paris-news","22":"tag-republique-francaise","23":"tag-sports"},"share_on_mastodon":{"url":"https:\/\/pubeurope.com\/@fr\/115680668196026197","error":""},"_links":{"self":[{"href":"https:\/\/www.europesays.com\/fr\/wp-json\/wp\/v2\/posts\/585085","targetHints":{"allow":["GET"]}}],"collection":[{"href":"https:\/\/www.europesays.com\/fr\/wp-json\/wp\/v2\/posts"}],"about":[{"href":"https:\/\/www.europesays.com\/fr\/wp-json\/wp\/v2\/types\/post"}],"author":[{"embeddable":true,"href":"https:\/\/www.europesays.com\/fr\/wp-json\/wp\/v2\/users\/2"}],"replies":[{"embeddable":true,"href":"https:\/\/www.europesays.com\/fr\/wp-json\/wp\/v2\/comments?post=585085"}],"version-history":[{"count":0,"href":"https:\/\/www.europesays.com\/fr\/wp-json\/wp\/v2\/posts\/585085\/revisions"}],"wp:featuredmedia":[{"embeddable":true,"href":"https:\/\/www.europesays.com\/fr\/wp-json\/wp\/v2\/media\/585086"}],"wp:attachment":[{"href":"https:\/\/www.europesays.com\/fr\/wp-json\/wp\/v2\/media?parent=585085"}],"wp:term":[{"taxonomy":"category","embeddable":true,"href":"https:\/\/www.europesays.com\/fr\/wp-json\/wp\/v2\/categories?post=585085"},{"taxonomy":"post_tag","embeddable":true,"href":"https:\/\/www.europesays.com\/fr\/wp-json\/wp\/v2\/tags?post=585085"}],"curies":[{"name":"wp","href":"https:\/\/api.w.org\/{rel}","templated":true}]}}