{"id":585087,"date":"2025-12-07T22:34:17","date_gmt":"2025-12-07T22:34:17","guid":{"rendered":"https:\/\/www.europesays.com\/fr\/585087\/"},"modified":"2025-12-07T22:34:17","modified_gmt":"2025-12-07T22:34:17","slug":"victime-dacouphenes-pulsatiles-ines-a-vecu-un-cauchemar-pendant-686-jours","status":"publish","type":"post","link":"https:\/\/www.europesays.com\/fr\/585087\/","title":{"rendered":"victime d&rsquo;acouph\u00e8nes pulsatiles, In\u00e8s a v\u00e9cu un cauchemar pendant \u00ab\u00a0686 jours\u00a0\u00bb"},"content":{"rendered":"<p>                    Par<br \/>\n        <strong><br \/>\n            <a href=\"https:\/\/actu.fr\/auteur\/alexandra-segond\" title=\"Consulter tous les articles de Alexandra Segond\" target=\"_blank\" rel=\"noopener\">Alexandra Segond<\/a><br \/>\n                    <\/strong><\/p>\n<p>        Publi\u00e9 le<\/p>\n<p>            7 d\u00e9c. 2025 \u00e0 19h28        <\/p>\n<p>In\u00e8s s\u2019en souvient comme si c\u2019\u00e9tait hier. C\u2019\u00e9tait le 18 d\u00e9cembre 2019, pr\u00e9cis\u00e9ment. \u00ab J\u2019\u00e9tais dans la voiture avec ma m\u00e8re et d\u2019un seul coup, <strong>j\u2019ai un bruit qui est apparu brutalement dans mon oreille<\/strong>. Comme un va-et-vient, <strong>bzzz bzzz bzzz\u2009\u00bb<\/strong>, se rem\u00e9more-t-elle aupr\u00e8s d\u2019actu.fr.<br \/>In\u00e8s ne le sait pas encore, mais cette journ\u00e9e de d\u00e9cembre\u00a0marque le d\u00e9but de <strong>plusieurs ann\u00e9es de souffrance et d\u2019errance m\u00e9dicale<\/strong>. La jeune femme, alors \u00e2g\u00e9e de 18 ans, est ballott\u00e9e de sp\u00e9cialiste en sp\u00e9cialiste, jusqu\u2019\u00e0 ce que le verdict tombe enfin\u2009:<strong> elle souffre d\u2019<\/strong><strong>acouph\u00e8nes pulsatiles. <\/strong>\u00ab\u00a0Au total, j\u2019ai v\u00e9cu 686 jours avec un bruit dans l\u2019oreille.\u00a0\u00bb<\/p>\n<p>15\u2009% de la population souffre d\u2019acouph\u00e8nes<\/p>\n<p class=\" wall-content\">Ces <a href=\"https:\/\/actu.fr\/societe\/fete-de-la-musique-que-faire-contre-ces-acouphenes-qui-sifflent-dans-nos-oreilles_59743080.html\" target=\"_blank\" rel=\"noopener\">sifflements internes<\/a>, que le patient per\u00e7oit de mani\u00e8re \u00e9pisodique ou continue, touchent environ <strong>15\u2009% de la population fran\u00e7aise<\/strong>, <a href=\"https:\/\/www.ameli.fr\/llle-et-vilaine\/assure\/sante\/themes\/acouphenes\/definition-causes-consequences-acouphenes\" target=\"_blank\" rel=\"noopener\">selon les chiffres 2025 de l\u2019Assurance maladie<\/a>. Soit plus de 10 millions de personnes.<\/p>\n<p class=\" wall-content\">Dans 95\u2009% des cas, les acouph\u00e8nes sont temporaires et isol\u00e9s, non associ\u00e9s avec d\u2019autres sympt\u00f4mes. Ils apparaissent puis disparaissent sans gravit\u00e9, <a href=\"https:\/\/www.ameli.fr\/llle-et-vilaine\/assure\/sante\/themes\/acouphenes\/que-faire-quand-consulter\" target=\"_blank\" rel=\"noopener\">pr\u00e9cise l\u2019Assurance maladie<\/a>.<\/p>\n<p class=\" wall-content\">Mais pour d\u2019autres, les acouph\u00e8nes affectent tant la qualit\u00e9 de vie qu\u2019ils en deviennent <strong>insoutenables<\/strong>. C\u2019est ce qui est arriv\u00e9 \u00e0 In\u00e8s.<\/p>\n<p>\u00ab\u2009Je me suis demand\u00e9e\u2009: est-ce que je suis folle\u2009?\u2009\u00bb<\/p>\n<p class=\" wall-content\">Remontons dans le temps. Nous sommes fin 2019 \u00e0 <a href=\"https:\/\/actu.fr\/bourgogne-franche-comte\/vesoul_70550\" target=\"_blank\" rel=\"noopener\">Vesoul (Haute-Sa\u00f4ne)<\/a> et In\u00e8s entend pour la premi\u00e8re fois des acouph\u00e8nes. Elle a beau secouer la t\u00eate dans tous les sens, <strong>ce bourdonnement r\u00e9p\u00e9titif ne passe pas<\/strong>. In\u00e8s questionne sa m\u00e8re, qui n\u2019entend rien.<\/p>\n<blockquote class=\"ac-article-quote wall-content\">\n<p>On est rentr\u00e9es \u00e0 la maison, je me souviens que l&rsquo;on a allum\u00e9 la t\u00e9l\u00e9vision et que le bruit dans mon oreille \u00e9tait plus fort que le volume de la t\u00e9l\u00e9 ! Je me suis pos\u00e9e mille questions : et si ce bruit restait ? Est-ce que je vais gu\u00e9rir ? Est-ce que je suis folle ?<\/p>\n<p>    <strong>In\u00e8s<\/strong>\n            <\/p><\/blockquote>\n<p>Votre r\u00e9gion, votre actu !<\/p>\n<p>Recevez chaque jour les infos qui comptent pour vous.<\/p>\n<p>\t<a href=\"https:\/\/actu.fr\/newsletter\" class=\"ac-btn ac-btn--corner ac-btn--medium ac-btn--blue800\" target=\"_blank\" rel=\"noopener\">S&rsquo;incrire<\/a><\/p>\n<p class=\" wall-content\">Entre le bourdonnement dans son oreille et l\u2019angoisse qui monte, In\u00e8s ne ferme pas l\u2019\u0153il de la nuit. Le lendemain, elle a rendez-vous chez un m\u00e9decin ORL. \u00ab\u2009Pour lui, c\u2019\u00e9tait le stress avant <a href=\"https:\/\/actu.fr\/tag\/noel\" target=\"_blank\" rel=\"noopener\">les f\u00eates de No\u00ebl<\/a> et l\u2019acouph\u00e8ne allait partir tout seul d\u2019ici une semaine\u2009\u00bb, r\u00e9sume In\u00e8s.<\/p>\n<blockquote class=\"ac-article-quote wall-content\">\n<p>C&rsquo;\u00e9tait peut-\u00eatre une veine bouch\u00e9e, alors il m&rsquo;a prescrit un court traitement pour fluidifier le sang. Je suis sortie rassur\u00e9e du rendez-vous, tout en trouvant bizarre qu&rsquo;il me parle de stress car je n&rsquo;avais aucune raison d&rsquo;angoisser avant les f\u00eates.<\/p>\n<p>    <strong>In\u00e8s<\/strong>\n            <\/p><\/blockquote>\n<p>\u00ab\u2009\u00c7a devenait franchement insupportable\u2009\u00bb<\/p>\n<p class=\" wall-content\">Les f\u00eates de fin d\u2019ann\u00e9e, justement, sont un enfer. \u00ab\u2009Je les ai tr\u00e8s mal v\u00e9cues, <strong>je souffrais auditivement parlant<\/strong>. Mais je ne disais rien \u00e0 ma famille, pour ne pas g\u00e2cher la f\u00eate, pour en profiter quand m\u00eame un peu.\u00a0\u00bb Le mois de janvier d\u00e9bute, l\u2019acouph\u00e8ne pulse toujours dans la t\u00eate d\u2019In\u00e8s.<\/p>\n<p class=\" wall-content\">\u00ab\u2009\u00c7a devenait franchement insupportable\u2009\u00bb, poursuit la jeune femme.\u00a0Direction les urgences hospitali\u00e8res de Vesoul, o\u00f9 l\u2019on prescrit \u00e0 In\u00e8s\u2026 des antid\u00e9presseurs. \u00ab\u2009Pour eux, mon oreille \u00e9tait en parfaite <a href=\"https:\/\/actu.fr\/tag\/sante\" target=\"_blank\" rel=\"noopener\">sant\u00e9<\/a>, rien d\u2019anormal \u00e0 l\u2019auscultation donc c\u2019\u00e9tait mental\u2009\u00bb, grince-t-elle.<\/p>\n<p>    <img   decoding=\"async\" loading=\"lazy\" src=\"https:\/\/www.europesays.com\/fr\/wp-content\/uploads\/2025\/12\/ines-jobert-portrait-1-960x640.png\" alt=\"In\u00e8s a souffert longtemps d'acouph\u00e8ne In\u00e8s a souffert longtemps d'acouph\u00e8ne pulsatile.\" width=\"960\" height=\"640\"\/><br \/>\n    In\u00e8s a souffert longtemps d\u2019acouph\u00e8nes pulsatiles. (\u00a9Photo transmise \u00e0 actu.fr)<\/p>\n<p class=\" wall-content\">Si In\u00e8s d\u00e9cide de ne pas prendre ces antid\u00e9presseurs, c\u2019est aussi parce qu\u2019entre-temps, elle a la preuve que le probl\u00e8me est \u00ab\u2009m\u00e9canique\u2009\u00bb. En effet, il n\u2019y a qu\u2019une seule chose qui arr\u00eate ce bruit dans son oreille\u2009: \u00ab\u2009Quand j\u2019appuyais sur mon cou, au niveau de la jugulaire. D\u00e8s que je rel\u00e2chais, paf\u2009! \u00c7a repartait.\u2009\u00bb<\/p>\n<blockquote class=\"ac-article-quote wall-content\">\n<p>En calant un oreiller contre mon cou, je pouvais dormir un peu. Ou du moins, m&rsquo;endormir et profiter d&rsquo;un peu de r\u00e9pit&#8230; jusqu&rsquo;\u00e0 ce que je bouge, que je d\u00e9cale le coussin et que l&rsquo;acouph\u00e8ne reprenne.<\/p>\n<p>    <strong>In\u00e8s<\/strong>\n            <\/p><\/blockquote>\n<p>Pourquoi dit-on que les acouph\u00e8nes sont des sympt\u00f4mes ?<\/p>\n<p>\u00ab\u00a0Les acouph\u00e8nes sont des sympt\u00f4mes, c&rsquo;est-\u00e0-dire la manifestation clinique d&rsquo;un probl\u00e8me\u00a0\u00bb, explique \u00e0 actu.fr le Dr Alain Londaro, m\u00e9decin ORL \u00e0 l&rsquo;h\u00f4pital Lariboisi\u00e8re (AP-HP) et membre de l\u2019Institut reConnect. De la m\u00eame mani\u00e8re que la fi\u00e8vre, la fatigue ou les courbatures sont les sympt\u00f4mes de la grippe, les acouph\u00e8nes peuvent mettre en lumi\u00e8re un traumatisme de l&rsquo;oreille interne, une l\u00e9sion vasculaire ou un dysfonctionnement des fibres nerveuses auditives.<\/p>\n<p>\u00ab\u2009Elle a pos\u00e9 son st\u00e9thoscope sur mon cou et entendu un bruit\u2009\u00bb<\/p>\n<p class=\" wall-content\">In\u00e8s et ses proches ne perdent pas espoir et continuent de mener l\u2019enqu\u00eate malgr\u00e9 l\u2019\u00e9puisement qui s\u2019abat sur la V\u00e9sulienne\u2009: \u00ab\u2009Il fallait que je prouve en permanence ce que je vivais.\u2009\u00bb<\/p>\n<blockquote class=\"ac-article-quote wall-content\">\n<p>Comme on ne me comprenait pas forc\u00e9ment, je me r\u00e9fugiais sur mon t\u00e9l\u00e9phone, o\u00f9 j&rsquo;\u00e9crivais des pages et des pages de notes pour d\u00e9baller ma souffrance.<\/p>\n<p>    <strong>In\u00e8s<\/strong>\n            <\/p><\/blockquote>\n<p class=\" wall-content\">La prochaine \u00e9tape est un passage chez l\u2019angiologue qui suit la <a href=\"https:\/\/actu.fr\/tag\/famille\" target=\"_blank\" rel=\"noopener\">famille<\/a> depuis des ann\u00e9es. \u00ab\u2009Elle a \u00e9t\u00e9 super \u00e0 l\u2019\u00e9coute, pour la premi\u00e8re fois je me suis sentie comprise\u2009\u00bb, nous souffle In\u00e8s. Mieux que \u00e7a\u2009: la sp\u00e9cialiste entrouvre une piste avant de l\u2019adresser (encore) \u00e0 d\u2019autres m\u00e9decins, plus r\u00e9put\u00e9s, \u00e0 <a href=\"https:\/\/actu.fr\/bourgogne-franche-comte\/besancon_25056\" target=\"_blank\" rel=\"noopener\">Besan\u00e7on<\/a>.<\/p>\n<blockquote class=\"ac-article-quote wall-content\">\n<p>Elle a pos\u00e9 son st\u00e9thoscope sur mon cou et a entendu un bruit. Elle m&rsquo;a dit :\u00a0\u00ab\u00a0je n&rsquo;ai aucun doute, il y a un probl\u00e8me r\u00e9el dans ton oreille et il faut que l&rsquo;on t&rsquo;\u00e9coute\u00a0\u00bb. Un soulagement immense.<\/p>\n<p>    <strong>In\u00e8s<\/strong>\n            <\/p><\/blockquote>\n<p>\u00ab\u2009Je songe \u00e0 mourir. On ira en Suisse et on fera les choses en r\u00e8gle\u2009\u00bb<\/p>\n<p class=\" wall-content\">In\u00e8s et ses proches vont-ils avoir le fin mot de l\u2019histoire\u2009? La jeune femme d\u00e9chante vite. \u00ab\u2009On m\u2019a pris rapidement en consultation, la lettre de l\u2019angiologue dans les mains. Tout le monde \u2013 <a href=\"https:\/\/actu.fr\/tag\/medecins\" target=\"_blank\" rel=\"noopener\">m\u00e9decins<\/a>, infirmi\u00e8res, internes \u2013 a pris un st\u00e9thoscope pour \u00e9couter le bruit dans mon oreille\u2009\u00bb, raconte In\u00e8s, <strong>qui se sent \u00ab\u2009comme une b\u00eate de foire\u2009\u00bb.<\/strong><\/p>\n<p class=\" wall-content\">On lui r\u00e9alise une <strong>IRM <\/strong>le matin. Puis viennent les longues heures d\u2019attente. In\u00e8s a l\u2019oreille qui pulse au rythme de son c\u0153ur qui bat la chamade. Tard dans la soir\u00e9e, une m\u00e9decin se pr\u00e9sente enfin.<\/p>\n<blockquote class=\"ac-article-quote wall-content\">\n<p>Ses mots, je m&rsquo;en souviendrai toute ma vie tant ils m&rsquo;ont achev\u00e9e. Elle m&rsquo;a dit : \u00ab\u00a0bonne nouvelle Madame Jobert, l&rsquo;IRM est normale, tout va bien, vous n&rsquo;avez rien\u00a0\u00bb. Bien s\u00fbr que non, ce n&rsquo;\u00e9tait pas une bonne nouvelle, c&rsquo;\u00e9tait presque du foutage de gueule !<\/p>\n<p>    <strong>In\u00e8s<\/strong>\n            <\/p><\/blockquote>\n<p class=\" wall-content\">Sur la route du retour avec sa m\u00e8re, In\u00e8s s\u2019effondre et confie pour la premi\u00e8re fois ses pens\u00e9es noires\u2009: \u00ab\u2009Il fallait que je lui parle. Tout le temps, j\u2019ai ce bruit dans mon oreille rythm\u00e9 par mon c\u0153ur, c\u2019est de plus en plus dur \u00e0 vivre\u2026 et on ne me trouve rien. <strong>Je songe \u00e0 mourir. On ira en Suisse et on fera les choses en r\u00e8gle\u00a0\u00bb.<\/strong><\/p>\n<p>\u00ab\u2009Il va falloir apprendre \u00e0 vivre avec\u2009\u00bb<\/p>\n<p class=\" wall-content\">La situation devient donc tr\u00e8s critique dans la famille Jobert. Un dernier espoir, peut-\u00eatre, avec des ORL \u00e0 <a href=\"https:\/\/actu.fr\/bourgogne-franche-comte\/dijon_21231\" target=\"_blank\" rel=\"noopener\">Dijon<\/a>, recommand\u00e9s par ceux de Besan\u00e7on\u2009? In\u00e8s a baiss\u00e9 les bras, estimant que ce sont \u00ab\u2009encore des m\u00e9decins qui vont [la] balader, encore de l\u2019errance m\u00e9dicale\u2009\u00bb.<\/p>\n<p class=\" wall-content\">Elle se rend dans la pr\u00e9fecture de <a href=\"https:\/\/actu.fr\/bourgogne-franche-comte\/cote-d-or_21\" target=\"_blank\" rel=\"noopener\">la C\u00f4te-d\u2019Or<\/a> sans grande conviction. Et \u00e0 juste titre\u2009: \u00ab\u2009Je sais que je ne souffre pas d\u2019un acouph\u00e8ne classique. Les m\u00e9decins m\u2019ont fait \u00e9couter tous les acouph\u00e8nes possibles <strong>en me demandant de rep\u00e9rer le mien<\/strong>. Aucun ne correspondait, ils \u00e9taient confus\u2026 et transf\u00e8rent mon dossier\u2009\u00bb \u00e0 un neurologue de Dijon.<\/p>\n<p class=\" wall-content\">Le cas d\u2019In\u00e8s n\u2019\u00e9tant pas une urgence, le rendez-vous prend un peu de temps. Le sp\u00e9cialiste confirme que l\u2019IRM est \u00ab\u2009normale\u2009\u00bb, reconna\u00eet l\u2019existence d\u2019un bruit au st\u00e9thoscope mais invalide le fait que \u00e7a soit \u00ab\u2009un signe clinique\u2009\u00bb. Son verdict tombe\u2009: <strong>\u00ab\u2009Il va falloir apprendre \u00e0 vivre avec\u2009\u00bb.<\/strong><\/p>\n<blockquote class=\"ac-article-quote wall-content\">\n<p>C&rsquo;est le coup de gr\u00e2ce. Pour moi, la boucle est boucl\u00e9e, on ne peut rien faire pour m&rsquo;aider.<\/p>\n<p>    <strong>In\u00e8s<\/strong>\n            <\/p><\/blockquote>\n<p>Une bouteille \u00e0 la mer lanc\u00e9e sur les r\u00e9seaux\u00a0<\/p>\n<p class=\" wall-content\">Si on ne peut rien pour elle, In\u00e8s veut quand m\u00eame avoir le dernier mot pour savoir pr\u00e9cis\u00e9ment ce qui lui pourrit autant la vie.\u00a0Les semaines passent \u00e0 \u00e9plucher \u00ab<a href=\"https:\/\/actu.fr\/tag\/google\" target=\"_blank\" rel=\"noopener\">\u2009Google<\/a> et les forums de discussion sur Internet\u2009\u00bb. Elle <strong>rejoint des groupes <a href=\"https:\/\/actu.fr\/tag\/facebook\" target=\"_blank\" rel=\"noopener\">Facebook<\/a><\/strong> de personnes souffrant aussi d\u2019acouph\u00e8nes.<\/p>\n<p class=\" wall-content\">Un soir, In\u00e8s poste un long message dans l\u2019un de ces groupes pour raconter son quotidien. <strong>Une sorte de bouteille \u00e0 la mer<\/strong> pour savoir qu\u2019elle n\u2019est pas seule \u2013 et peut-\u00eatre obtenir quelques r\u00e9ponses\u2009? Un commentaire sous son post retient particuli\u00e8rement son attention\u2026 et <strong>change sa vie<\/strong>.<\/p>\n<blockquote class=\"ac-article-quote wall-content\">\n<p>Une femme me r\u00e9pond, Elena. Elle a v\u00e9cu la m\u00eame chose que moi et \u00e7a s&rsquo;appelle un acouph\u00e8ne pulsatile. Elle a \u00e9t\u00e9 op\u00e9r\u00e9e et depuis, elle revit. Elle vit, en fait. Je fais des recherches plus pouss\u00e9es, tout correspond et c&rsquo;est une r\u00e9v\u00e9lation. J&rsquo;ai enfin ma r\u00e9ponse.<\/p>\n<p>    <strong>In\u00e8s<\/strong>\n            <\/p><\/blockquote>\n<p><img decoding=\"async\" src=\"https:\/\/www.europesays.com\/fr\/wp-content\/uploads\/2025\/12\/anatomie-oreille-conduit-auditif-assurance-maladie-acouphene-640x427.png\" alt=\"\" width=\"640\" height=\"427\" loading=\"lazy\"\/>Les diff\u00e9rents types d&rsquo;acouph\u00e8nes<\/p>\n<p>Bourdonnement, sifflement, cliquetis&#8230; Les acouph\u00e8nes peuvent prendre diff\u00e9rentes formes selon ce qui les cause. Le Dr Alain Londero, m\u00e9decin ORL \u00e0 l&rsquo;h\u00f4pital Lariboisi\u00e8re (AP-HP) et membre de l\u2019Institut reConnect, distingue trois types d&rsquo;acouph\u00e8nes (d&rsquo;o\u00f9 l&rsquo;importance de \u00ab\u00a0bien pr\u00e9ciser ce que l\u2019on entend \u00e0 son m\u00e9decin pour aider au diagnostic\u00a0\u00bb) :<\/p>\n<p>&#8211; L&rsquo;acouph\u00e8ne continu : on est sur un son \u00ab\u00a0plus ou moins model\u00e9\u00a0\u00bb, qui ressemble \u00e0 un \u00ab\u00a0piiiiip\u00a0\u00bb ou un \u00ab\u00a0pschhhhh\u00a0\u00bb, constant et stable dans le temps. Il s&rsquo;agit de l&rsquo;acouph\u00e8ne le plus r\u00e9pandu (90 \u00e0 95% des cas). L&rsquo;acouph\u00e8ne continu r\u00e9sulte d&rsquo;une l\u00e9sion du syst\u00e8me auditif (oreille interne, fibres nerveuses&#8230;). On parle aussi d&rsquo;acouph\u00e8ne subjectif.<\/p>\n<p>&#8211; L&rsquo;acouph\u00e8ne pulsatile : il est question g\u00e9n\u00e9ralement d&rsquo;une l\u00e9sion vasculaire. Autrement dit, d&rsquo;un probl\u00e8me de flux sanguin anormal que l&rsquo;oreille interne per\u00e7oit, comme un battement du c\u0153ur (\u00ab\u00a0psch pssch psch\u00a0\u00bb). Ce type d&rsquo;acouph\u00e8ne concerne 4 \u00e0 5% des personnes touch\u00e9es.<\/p>\n<p>&#8211; Il existe une situation rare (jusqu&rsquo;\u00e0 1% des cas) o\u00f9 les acouph\u00e8nes pulsatiles sont per\u00e7us comme un cliquetis ou un claquement \u00ab\u00a0sans lien avec le rythme cardiaque engendr\u00e9 par une contraction musculaire dans ou \u00e0 l\u2019ext\u00e9rieur de l\u2019oreille\u00a0\u00bb.<\/p>\n<p>\u00ab\u2009Il a fini par le dire\u2009: je sais ce que vous avez\u2009\u00bb<\/p>\n<p class=\" wall-content\">Elena partage \u00e0 In\u00e8s le nom du docteur l\u2019ayant op\u00e9r\u00e9e\u2009: <strong>le Pr Emmanuel Houdart<\/strong>. Sp\u00e9cialis\u00e9 dans ce type d\u2019acouph\u00e8ne, <a href=\"https:\/\/www.aphp.fr\/pr-houdart-emmanuel\" target=\"_blank\" rel=\"noopener\">il travaille \u00e0 l\u2019AP-HP<\/a>. Bien que \u00ab\u2009toujours tr\u00e8s sceptique\u2009\u00bb, In\u00e8s se renseigne puis prend contact avec son secr\u00e9tariat. Rendez-vous est fix\u00e9 un mois plus tard.<\/p>\n<p class=\" wall-content\">Le jour J arrive. La jeune V\u00e9sulienne explique son parcours, ses sympt\u00f4mes, tend tous les documents qui constituent son dossier m\u00e9dical. <strong>En face, le m\u00e9decin reste sto\u00efque<\/strong>. Il se l\u00e8ve, prend son st\u00e9thoscope, manipule le cou de sa patiente, l\u2019ausculte et retourne s\u2019asseoir. Regarde l\u2019IRM en silence.<\/p>\n<blockquote class=\"ac-article-quote wall-content\">\n<p>Il a fini par me dire \u00ab\u00a0je sais ce que vous avez\u00a0\u00bb et m&rsquo;explique en faisant un dessin. Il mat\u00e9rialise mon cerveau, dessine le sinus lat\u00e9ral (une grosse veine, en r\u00e9sum\u00e9) et m&rsquo;a expliqu\u00e9 que c&rsquo;\u00e9tait comme un tuyau d&rsquo;arrosage : quand on marche dessus, \u00e7a l&rsquo;aplatit et l&rsquo;eau circule mal. Dans ma t\u00eate, c&rsquo;\u00e9tait pareil.<\/p>\n<p>    <strong>In\u00e8s<\/strong>\n            <\/p><\/blockquote>\n<p>    <img   decoding=\"async\" loading=\"lazy\" src=\"https:\/\/www.europesays.com\/fr\/wp-content\/uploads\/2025\/12\/dessin-pr-emmanuel-houdart-acouphene-aphp-inees-jobert-1-960x640.png\" alt=\"Le dessin du Pr Emmanuel Houdart pour expliquer \u00e0 IN\u00e8s Jobert le fonctionnement de l'acouph\u00e8ne pulsatile.\" width=\"960\" height=\"640\"\/><br \/>\n    Le dessin du Pr Emmanuel Houdart pour expliquer \u00e0 In\u00e8s Jobert le fonctionnement de l\u2019acouph\u00e8ne pulsatile. (\u00a9DR \/ photo transmise \u00e0 actu.fr)<\/p>\n<p class=\" wall-content\">Ce sinus lat\u00e9ral (bouch\u00e9) \u00e9tant en contact avec \u00ab\u00a0l\u2019organe de l\u2019audition\u00a0\u00bb, pour reprendre <a href=\"https:\/\/www.chu-tours.fr\/nri\/wp-content\/uploads\/sites\/8\/2025\/06\/acouphenes-pulsatiles.pdf\" target=\"_blank\" rel=\"noopener\">la description du CHU de Tours<\/a>,\u00a0le bourdonnement qu\u2019entendait In\u00e8s depuis des mois, c\u2019\u00e9tait en fait \u00ab\u00a0le sang pi\u00e9g\u00e9 qui pulsait\u00a0\u00bb.<\/p>\n<p>\u00ab\u2009Ce n\u2019\u00e9tait pas vital, mais ce n\u2019\u00e9tait plus vivable non plus\u2009\u00bb<\/p>\n<p class=\" wall-content\">Bien que ce syndrome ne soit pas consid\u00e9r\u00e9 comme \u00ab\u2009vital\u2009\u00bb,<strong> une op\u00e9ration dite \u00ab\u2009de confort\u2009\u00bb<\/strong> est possible. \u00ab\u2009Je souffrais tellement au quotidien que certes <strong>ce n\u2019\u00e9tait pas vital, mais ce n\u2019\u00e9tait plus vivable non plus<\/strong>. La question ne se posait m\u00eame pas\u2009\u00bb, tranche In\u00e8s.<\/p>\n<p class=\" wall-content\">Elle suit un traitement pr\u00e9alable pour fluidifier le sang et tr\u00e9pigne \u00e0 l\u2019id\u00e9e de cette \u00ab\u2009ultime issue de secours\u2009\u00bb dans sa vie. L\u2019op\u00e9ration est pr\u00e9vue en avril\u00a02020 mais, <a href=\"https:\/\/actu.fr\/coronavirus\" target=\"_blank\" rel=\"noopener\">Covid<\/a> oblige, <a href=\"https:\/\/actu.fr\/societe\/coronavirus\/covid-19-deprogrammer-une-operation-chirurgicale-un-casse-tete-pour-les-medecins-et-les-patients_40646640.html\" target=\"_blank\" rel=\"noopener\">elle est d\u00e9programm\u00e9e pour laisser place \u00e0 des interventions plus vitales<\/a>.<\/p>\n<p class=\" wall-content\">Aucune nouvelle date n\u2019est d\u2019abord avanc\u00e9e. <strong>Les mois passent lentement<\/strong> \u2013 sur fond d\u2019ann\u00e9e suspendue avec la <a href=\"https:\/\/actu.fr\/tag\/coronavirus-covid\" target=\"_blank\" rel=\"noopener\">crise sanitaire<\/a> \u2013 et une \u00e9ch\u00e9ance tombe enfin : le 3 novembre 2021.<\/p>\n<p>\u00ab\u2009R\u00e9apprendre le bruit\u2009\u00bb<\/p>\n<p class=\" wall-content\">Cette fois-ci, pas de nouvelles p\u00e9rip\u00e9ties. In\u00e8s est op\u00e9r\u00e9e et avec succ\u00e8s. \u00ab\u2009Je me suis r\u00e9veill\u00e9e en salle de r\u00e9animation <strong>dans le silence<\/strong>. \u00c7a peut para\u00eetre anodin mais c\u2019\u00e9tait tellement bizarre. Des ann\u00e9es que je vivais avec le bruit\u2009\u00bb, se rem\u00e9more-t-elle avec \u00e9motion.<\/p>\n<blockquote class=\"ac-article-quote wall-content\">\n<p>Il y a des bruits, des sons dont je ne me rappelais plus. Se coucher dans son lit et mettre la t\u00eate sur l&rsquo;oreiller, regarder la t\u00e9l\u00e9vision, \u00e9couter de la musique, les bruits de la cuisine&#8230; Au d\u00e9but, je sursautais tellement j&rsquo;\u00e9tais \u00e0 l&rsquo;affut. C&rsquo;est comme si je devais r\u00e9apprendre \u00e0 me servir de mes oreilles, r\u00e9\u00e9crire tous les bruits.<\/p>\n<p>    <strong>In\u00e8s<\/strong>\n            <\/p><\/blockquote>\n<p class=\" wall-content\">\u00c0 l\u2019issue de ses<strong> \u00ab\u2009686\u00a0jours \u00e0 vivre avec le bruit\u2009\u00bb<\/strong>, In\u00e8s d\u00e9cide de partager son exp\u00e9rience sur les <a href=\"https:\/\/actu.fr\/tag\/reseaux-sociaux\" target=\"_blank\" rel=\"noopener\">r\u00e9seaux sociaux<\/a>, via son compte TikTok <a href=\"https:\/\/www.tiktok.com\/@inesinside?lang=fr\" target=\"_blank\" rel=\"noopener\">@inesinside<\/a> et son compte Instagram <a href=\"https:\/\/www.instagram.com\/mxlle.ness\/\" target=\"_blank\" rel=\"noopener\">@mxlle.ness<\/a>. \u00ab\u2009Je suis assez superstitieuse et je me dis que ce qui m\u2019est arriv\u00e9e, ce n\u2019\u00e9tait peut-\u00eatre pas par hasard\u2009\u00bb, reprend-elle.<\/p>\n<blockquote class=\"tiktok-embed\" cite=\"https:\/\/www.tiktok.com\/@inesinside\/video\/7027853936816164102\" data-video-id=\"7027853936816164102\" data-embed-from=\"oembed\" style=\"max-width:605px; min-width:325px;\"><p>\n<a target=\"_blank\" title=\"@inesinside\" href=\"https:\/\/www.tiktok.com\/@inesinside?refer=embed\" rel=\"noopener\">@inesinside<\/a> <\/p>\n<p>Partie 2 prochainement \u2764\ufe0f\u200d\ud83e\ude79<a title=\"devinelapersonne\" target=\"_blank\" href=\"https:\/\/www.tiktok.com\/tag\/devinelapersonne?refer=embed\" rel=\"noopener\">#devinelapersonne<\/a> <a title=\"espoir\" target=\"_blank\" href=\"https:\/\/www.tiktok.com\/tag\/espoir?refer=embed\" rel=\"noopener\">#espoir<\/a> <a title=\"acouphenes\" target=\"_blank\" href=\"https:\/\/www.tiktok.com\/tag\/acouphenes?refer=embed\" rel=\"noopener\">#acouphenes<\/a> <a title=\"operation\" target=\"_blank\" href=\"https:\/\/www.tiktok.com\/tag\/operation?refer=embed\" rel=\"noopener\">#operation<\/a>  <a title=\"histoire\" target=\"_blank\" href=\"https:\/\/www.tiktok.com\/tag\/histoire?refer=embed\" rel=\"noopener\">#histoire<\/a><\/p>\n<p> <a target=\"_blank\" title=\"\u266c Je te laisserai des mots - Patrick Watson\" href=\"https:\/\/www.tiktok.com\/music\/Je-te-laisserai-des-mots-6757082343317440514?refer=embed\" rel=\"noopener\">\u266c Je te laisserai des mots \u2013 Patrick Watson<\/a> <\/p>\n<\/blockquote>\n<blockquote class=\"tiktok-embed\" cite=\"https:\/\/www.tiktok.com\/@inesinside\/video\/7028125208217177349\" data-video-id=\"7028125208217177349\" data-embed-from=\"oembed\" style=\"max-width:605px; min-width:325px;\"><p>\n<a target=\"_blank\" title=\"@inesinside\" href=\"https:\/\/www.tiktok.com\/@inesinside?refer=embed\" rel=\"noopener\">@inesinside<\/a> <\/p>\n<p>R\u00e9pondre \u00e0 @.sweet._.heart_ <a title=\"devinelapersonne\" target=\"_blank\" href=\"https:\/\/www.tiktok.com\/tag\/devinelapersonne?refer=embed\" rel=\"noopener\">#devinelapersonne<\/a> <a title=\"partie2\" target=\"_blank\" href=\"https:\/\/www.tiktok.com\/tag\/partie2?refer=embed\" rel=\"noopener\">#partie2<\/a> <a title=\"acouphenes\" target=\"_blank\" href=\"https:\/\/www.tiktok.com\/tag\/acouphenes?refer=embed\" rel=\"noopener\">#acouphenes<\/a> <a title=\"miracle\" target=\"_blank\" href=\"https:\/\/www.tiktok.com\/tag\/miracle?refer=embed\" rel=\"noopener\">#miracle<\/a><\/p>\n<p> <a target=\"_blank\" title=\"\u266c Je te laisserai des mots - Patrick Watson\" href=\"https:\/\/www.tiktok.com\/music\/Je-te-laisserai-des-mots-6757082343317440514?refer=embed\" rel=\"noopener\">\u266c Je te laisserai des mots \u2013 Patrick Watson<\/a> <\/p>\n<\/blockquote>\n<p class=\" wall-content\">\u00ab\u2009J\u2019ai fait le deuil de cette p\u00e9riode de ma vie, maintenant mon but, c\u2019est d\u2019en parler et d\u2019\u00eatre l\u00e0 pour accompagner les personnes en souffrance\u2009\u00bb, conclut In\u00e8s, d\u00e9sormais b\u00e9n\u00e9vole \u00e0 <a href=\"https:\/\/www.france-acouphenes.fr\/\" target=\"_blank\" rel=\"noopener\">l\u2019association France Acouph\u00e8nes<\/a>, en tant que <strong>r\u00e9f\u00e9rente sur les acouph\u00e8nes pulsatiles<\/strong>.<\/p>\n<p>Les acouph\u00e8nes concernent de plus en plus de Fran\u00e7ais<\/p>\n<p class=\" wall-content\">Parmi les projets futurs d\u2019In\u00e8s, un court-m\u00e9trage sur son parcours. Et pourquoi pas, un jour, un documentaire ? Il faut dire que <strong>les acouph\u00e8nes concernent chaque ann\u00e9e plus de monde<\/strong> \u2013 et pas que les plus \u00e2g\u00e9s.<\/p>\n<p class=\" wall-content\">En effet, il est tout \u00e0 fait normal d\u2019observer <strong>une baisse de l\u2019audition li\u00e9e \u00e0 l\u2019\u00e2ge<\/strong> (\u00ab\u2009un vieillissement de l\u2019oreille ou presbyacousie est fr\u00e9quemment associ\u00e9e \u00e0 la pr\u00e9sence d\u2019acouph\u00e8nes chez les personnes \u00e0 partir de 50 ans\u2009\u00bb, <a href=\"https:\/\/www.ameli.fr\/llle-et-vilaine\/assure\/sante\/themes\/acouphenes\/definition-causes-consequences-acouphenes\" target=\"_blank\" rel=\"noopener\">confirme l\u2019Assurance maladie<\/a>).<\/p>\n<p class=\" wall-content\">Mais, \u00ab\u2009 au regard de nos pratiques d\u2019exposition sonores actuelles\u00a0et du fait que l\u2019on soit de plus en plus vieux\u2009\u00bb, il est logique que les acouph\u00e8nes soient de plus en plus fr\u00e9quents d\u2019ann\u00e9e en ann\u00e9e, selon le Dr Londaro aupr\u00e8s d\u2019actu.fr.<\/p>\n<blockquote class=\"ac-article-quote wall-content\">\n<p>On consomme de la musique de plus en plus t\u00f4t et on rallonge notre esp\u00e9rance de vie. Donc oui, on augmente m\u00e9caniquement le risque de survenue des acouph\u00e8nes.<\/p>\n<p>    <strong>Dr Alain Londaro<\/strong><br \/>\n        M\u00e9decin ORL \u00e0 l&rsquo;h\u00f4pital Lariboisi\u00e8re (AP-HP) et membre de l\u2019Institut reConnect    <\/p><\/blockquote>\n<p>Une question sur les acouph\u00e8nes ? N\u2019h\u00e9sitez pas \u00e0 consulter <a href=\"https:\/\/www.ameli.fr\/llle-et-vilaine\/assure\/sante\/themes\/acouphenes\" target=\"_blank\" rel=\"noopener\">le dossier<\/a> r\u00e9alis\u00e9 par l\u2019Assurance maladie sur le sujet.<\/p>\n<p class=\" wall-content\">Personnalisez votre actualit\u00e9 en ajoutant vos villes et m\u00e9dias en favori avec <a href=\"https:\/\/moncompte.actu.fr\" title=\"D\u00e9couvez Mon Actu\" rel=\"nofollow noopener\" data-trk=\"{&quot;cta&quot;:{&quot;action&quot;:&quot;https:\\\/\\\/moncompte.actu.fr&quot;,&quot;category&quot;:&quot;mon compte&quot;,&quot;from&quot;:&quot;article footer&quot;,&quot;name&quot;:&quot;Mon actu&quot;,&quot;type&quot;:&quot;cta&quot;}}\" target=\"_blank\">Mon Actu<\/a>.<\/p>\n<p>                    <script async src=\"\/\/www.instagram.com\/embed.js\"><\/script><script async src=\"\/\/www.tiktok.com\/embed.js\"><\/script><\/p>\n","protected":false},"excerpt":{"rendered":"Par Alexandra Segond Publi\u00e9 le 7 d\u00e9c. 2025 \u00e0 19h28 In\u00e8s s\u2019en souvient comme si c\u2019\u00e9tait hier. C\u2019\u00e9tait&hellip;\n","protected":false},"author":2,"featured_media":585088,"comment_status":"","ping_status":"","sticky":false,"template":"","format":"standard","meta":{"footnotes":""},"categories":[1888],"tags":[11,1777,674,1011,27,12,626,25,938,71,104,240],"class_list":{"0":"post-585087","1":"post","2":"type-post","3":"status-publish","4":"format-standard","5":"has-post-thumbnail","7":"category-paris","8":"tag-actualites","9":"tag-eu","10":"tag-europe","11":"tag-fr","12":"tag-france","13":"tag-news","14":"tag-paris","15":"tag-republique-francaise","16":"tag-reseaux-sociaux","17":"tag-sante","18":"tag-societe","19":"tag-temoignage"},"share_on_mastodon":{"url":"https:\/\/pubeurope.com\/@fr\/115680673112346016","error":""},"_links":{"self":[{"href":"https:\/\/www.europesays.com\/fr\/wp-json\/wp\/v2\/posts\/585087","targetHints":{"allow":["GET"]}}],"collection":[{"href":"https:\/\/www.europesays.com\/fr\/wp-json\/wp\/v2\/posts"}],"about":[{"href":"https:\/\/www.europesays.com\/fr\/wp-json\/wp\/v2\/types\/post"}],"author":[{"embeddable":true,"href":"https:\/\/www.europesays.com\/fr\/wp-json\/wp\/v2\/users\/2"}],"replies":[{"embeddable":true,"href":"https:\/\/www.europesays.com\/fr\/wp-json\/wp\/v2\/comments?post=585087"}],"version-history":[{"count":0,"href":"https:\/\/www.europesays.com\/fr\/wp-json\/wp\/v2\/posts\/585087\/revisions"}],"wp:featuredmedia":[{"embeddable":true,"href":"https:\/\/www.europesays.com\/fr\/wp-json\/wp\/v2\/media\/585088"}],"wp:attachment":[{"href":"https:\/\/www.europesays.com\/fr\/wp-json\/wp\/v2\/media?parent=585087"}],"wp:term":[{"taxonomy":"category","embeddable":true,"href":"https:\/\/www.europesays.com\/fr\/wp-json\/wp\/v2\/categories?post=585087"},{"taxonomy":"post_tag","embeddable":true,"href":"https:\/\/www.europesays.com\/fr\/wp-json\/wp\/v2\/tags?post=585087"}],"curies":[{"name":"wp","href":"https:\/\/api.w.org\/{rel}","templated":true}]}}