{"id":585095,"date":"2025-12-07T22:38:14","date_gmt":"2025-12-07T22:38:14","guid":{"rendered":"https:\/\/www.europesays.com\/fr\/585095\/"},"modified":"2025-12-07T22:38:14","modified_gmt":"2025-12-07T22:38:14","slug":"rdc-usa-un-accord-de-partenariat-strategique-signifie-un-niveau-eleve-de-confiance-entre-les-deux-gouvernements-avec-des-objectifs-de-long-terme-qui-portent-sur-les-questions-deconomie-et","status":"publish","type":"post","link":"https:\/\/www.europesays.com\/fr\/585095\/","title":{"rendered":"RDC-USA : \u00ab\u00a0Un accord de partenariat strat\u00e9gique signifie un niveau \u00e9lev\u00e9 de confiance entre les deux gouvernements avec des objectifs de long terme qui portent sur les questions d\u2019\u00e9conomie et de s\u00e9curit\u00e9\u00a0\u00bb (Mukoko Samba)"},"content":{"rendered":"<p>Membre de la d\u00e9l\u00e9gation du Chef de l&rsquo;\u00c9tat F\u00e9lix Tshisekedi aux \u00c9tats-Unis d&rsquo;Am\u00e9rique, le VPM, ministre de l\u2019\u00c9conomie nationale, Daniel Mukoko Samba, a sign\u00e9, au nom du gouvernement de la R\u00e9publique d\u00e9mocratique du Congo, l\u2019Accord de partenariat strat\u00e9gique RDC\u2013USA, un volet essentiel des accords de Washington conclus sous les auspices de l\u2019administration Donald Trump.<\/p>\n<p>Pour le ministre Daniel Mukoko Samba, un accord de partenariat strat\u00e9gique traduit un niveau \u00e9lev\u00e9 de confiance entre les deux gouvernements, assorti d\u2019objectifs \u00e0 long terme portant notamment sur les questions \u00e9conomiques et s\u00e9curitaires. Il a salu\u00e9 l\u2019engagement de l\u2019administration Trump dans la mat\u00e9rialisation de ce partenariat strat\u00e9gique.<\/p>\n<blockquote>\n<p>\u00ab\u00a0Je pense qu\u2019il faut d\u2019abord noter la symbolique. La symbolique, c\u2019est que ce qui s\u2019est pass\u00e9 aujourd\u2019hui s\u2019est pass\u00e9 \u00e0 Washington D.C., et le r\u00e9sultat que l\u2019on a vu aujourd\u2019hui est essentiellement aussi gr\u00e2ce \u00e0 la d\u00e9termination du gouvernement am\u00e9ricain, de son pr\u00e9sident, le pr\u00e9sident Donald Trump. Le plus important ici, c\u2019est de noter que la relation entre le gouvernement am\u00e9ricain et le gouvernement congolais a pris une autre dimension. Nous avons sign\u00e9 un accord de partenariat strat\u00e9gique\u00a0\u00bb, a-t-il fait savoir lors d&rsquo;un briefing presse \u00e0 Washington DC aux \u00c9tats-Unis d&rsquo;Am\u00e9rique.<\/p>\n<\/blockquote>\n<p>Et de poursuivre :<\/p>\n<blockquote>\n<p>\u00ab\u00a0Qui dit partenariat strat\u00e9gique dit un niveau \u00e9lev\u00e9 de confiance politique entre les deux gouvernements, avec des objectifs de long terme qui s\u2019alignent tant du point de vue des relations \u00e9conomiques que du point de vue des questions de d\u00e9fense et de s\u00e9curit\u00e9. Jusque-l\u00e0, les relations \u00e9conomiques entre nos deux pays \u00e9taient r\u00e9gies par un accord de protection et de promotion r\u00e9ciproque des investissements conclu en 1984. Donc, on peut dire qu\u2019on est pass\u00e9 d\u2019une cat\u00e9gorie \u00e0 une autre, parce qu\u2019on est aujourd\u2019hui des partenaires strat\u00e9giques : sur les questions \u00e9conomiques et de commerce ; sur les questions de d\u00e9fense et de s\u00e9curit\u00e9 ; sur des questions de sciences et de technologie ; sur des questions institutionnelles et de gouvernance\u00a0\u00bb.<\/p>\n<\/blockquote>\n<p>Pour le ministre de l&rsquo;\u00e9conomie nationale, avec cet accord strat\u00e9gique, les deux \u00c9tats regardent d\u00e9sormais dans la m\u00eame direction en essayant d\u2019aligner leurs int\u00e9r\u00eats communs.<\/p>\n<blockquote>\n<p>\u00ab\u00a0Et les questions institutionnelles et de gouvernance sont li\u00e9es notamment \u00e0 ce que nous, entre nous, envisageons de faire dans le domaine \u00e9conomique. J\u2019ai tout \u00e0 l\u2019heure dit qu\u2019un partenariat strat\u00e9gique \u00e9tait l\u2019illustration d\u2019un niveau \u00e9lev\u00e9 de confiance politique, c\u2019est-\u00e0-dire deux \u00c9tats qui regardent dans la m\u00eame direction et qui regardent loin, en essayant d\u2019aligner leurs int\u00e9r\u00eats ou en \u00e9tant convaincus que leurs int\u00e9r\u00eats de long terme sont li\u00e9s d\u2019une mani\u00e8re assez profonde. Ici, ne nous voilons pas la face : le monde tel qu\u2019il \u00e9volue, il va \u00eatre d\u00e9termin\u00e9, il se d\u00e9termine d\u00e9j\u00e0 \u00a0pour les \u00c9tats qui aspirent \u00e0 devenir puissances mondiales ou qui veulent demeurer puissances mondiales, par l\u2019acc\u00e8s aux m\u00e9taux critiques. Et la R\u00e9publique d\u00e9mocratique du Congo est un r\u00e9servoir de ces m\u00e9taux critiques, un r\u00e9servoir des mati\u00e8res premi\u00e8res qui d\u00e9terminent aujourd\u2019hui le niveau de puissance militaire, le niveau de puissance \u00e9conomique, du point de vue de la haute technologie\u00a0\u00bb, a fait remarquer Daniel Mukoko Samba, VPM, ministre de l&rsquo;\u00e9conomie nationale.\u00a0<\/p>\n<\/blockquote>\n<p>Selon le professeur Daniel Mukoko Samba, comme les relations Kinshasa- Kigali doivent s&rsquo;am\u00e9liorer dans le futur, il \u00e9tait normal \u00e9galement que la RDC fasse la m\u00eame chose avec les \u00c9tats-Unis d&rsquo;Am\u00e9rique.\u00a0<\/p>\n<blockquote>\n<p>\u00ab\u00a0Donc, en m\u00eame temps que la relation entre la R\u00e9publique d\u00e9mocratique du Congo et le Rwanda est cens\u00e9e prendre une forme plus paisible, une forme de prosp\u00e9rit\u00e9 partag\u00e9e, il est \u00e9galement important pour celui qui a \u00e9t\u00e9 le parrain, et qui voit un int\u00e9r\u00eat \u00e0 s\u00e9curiser son acc\u00e8s aux m\u00e9taux critiques \u00a0aux minerais critiques qui sont disponibles en R\u00e9publique d\u00e9mocratique du Congo. C\u2019est donc ce cadre que nous avons conclu aujourd\u2019hui en signant un accord de partenariat strat\u00e9gique qui, dans son ensemble, dans sa structure, s\u2019est appesanti sur le volet commercial et \u00e9conomique. Il s\u2019est \u00e9galement appesanti sur le volet institutionnel et de gouvernance. Pourquoi sur le volet institutionnel et de gouvernance ? Parce que ces conflits,ce conflit r\u00e9current dans la r\u00e9gion des Grands Lacs s\u2019expliquent fondamentalement par l\u2019acc\u00e8s, via des moyens illicites, aux minerais, surtout les mati\u00e8res critiques qui r\u00e9sultent de l\u2019exploitation artisanale de minerais. Et donc remettre de l\u2019ordre, renforcer les capacit\u00e9s de l\u2019\u00c9tat congolais dans ce domaine, est apparu important pour que les objectifs communs que nous avons sur le plan commercial et \u00e9conomique puissent se r\u00e9aliser\u00a0\u00bb a soulign\u00e9 Daniel Mukoko Samba.<\/p>\n<\/blockquote>\n<p><strong>D\u00e9fense et s\u00e9curit\u00e9 parmi les priorit\u00e9s<\/strong><\/p>\n<p>Dans le m\u00eame registre, Daniel Mukoko Samba a r\u00e9v\u00e9l\u00e9 qu&rsquo;un m\u00e9morandum d\u2019entente entre les deux pays sur les questions de d\u00e9fense et de s\u00e9curit\u00e9 a \u00e9t\u00e9 \u00e9galement sign\u00e9.\u00a0<\/p>\n<blockquote>\n<p>\u00ab\u00a0Il y a un deuxi\u00e8me volet, un deuxi\u00e8me document qui a aussi \u00e9t\u00e9 sign\u00e9 : c\u2019est un m\u00e9morandum d\u2019entente entre les deux pays sur les questions de d\u00e9fense et de s\u00e9curit\u00e9, qui a donc \u00e9t\u00e9 sign\u00e9 par madame la ministre d\u2019\u00c9tat, ministre des Affaires \u00e9trang\u00e8res, avec le secr\u00e9taire d\u2019\u00c9tat Rubio, alors que le secr\u00e9taire d\u2019\u00c9tat Rubio et moi-m\u00eame avons sign\u00e9 l\u2019accord de partenariat strat\u00e9gique. Et ce document met en place un cadre pragmatique qui va permettre d\u2019organiser la mani\u00e8re dont les relations \u00e9conomiques entre la R\u00e9publique d\u00e9mocratique du Congo et les \u00c9tats-Unis vont prendre forme, vont s\u2019intensifier, pour nos int\u00e9r\u00eats mutuels de long terme. C\u2019est donc un engagement de long terme. Ce n\u2019est pas un troc. Ce n\u2019est pas un troc : c\u2019est, je r\u00e9p\u00e8te, deux \u00c9tats qui conviennent qu\u2019ils ont des int\u00e9r\u00eats de long terme\u00a0\u00bba fait remarquer Daniel Mukoko Samba.\u00a0<\/p>\n<\/blockquote>\n<p>Et d&rsquo;ajouter :<\/p>\n<blockquote>\n<p>\u00ab\u00a0Nos int\u00e9r\u00eats de long terme, c\u2019est le d\u00e9veloppement \u00e9conomique dans la paix, dans la s\u00e9curit\u00e9. Les int\u00e9r\u00eats de long terme des \u00c9tats-Unis, c\u2019est un acc\u00e8s aux ressources min\u00e9rales qui sont disponibles dans notre pays \u00a0un acc\u00e8s qui ne prenne pas les formes actuelles, de groupes arm\u00e9s qui pullulent effectivement et, exactement, dans les r\u00e9gions o\u00f9 sont disponibles les terres rares et les autres m\u00e9taux critiques\u00a0\u00bb.<\/p>\n<\/blockquote>\n<p>Les \u00c9tats-Unis et la R\u00e9publique d\u00e9mocratique du Congo ont sign\u00e9 \u00e0 Washington un Accord de partenariat strat\u00e9gique destin\u00e9 \u00e0 encadrer et acc\u00e9l\u00e9rer une s\u00e9rie de projets consid\u00e9r\u00e9s comme prioritaires pour l\u2019industrialisation du pays, la s\u00e9curisation des cha\u00eenes d\u2019approvisionnement en minerais critiques et le d\u00e9veloppement d\u2019infrastructures cl\u00e9s.<\/p>\n<p>\u00c0 relire :<\/p>\n<p><a href=\"https:\/\/actualite.cd\/2025\/12\/05\/washington-et-kinshasa-scellent-un-partenariat-strategique-centre-sur-les-minerais\" target=\"_blank\" rel=\"noopener\">https:\/\/actualite.cd\/2025\/12\/05\/washington-et-kinshasa-scellent-un-partenariat-strategique-centre-sur-les-minerais<\/a>\u00a0<\/p>\n<p><strong>Cl\u00e9ment MUAMBA<\/strong><\/p>\n","protected":false},"excerpt":{"rendered":"Membre de la d\u00e9l\u00e9gation du Chef de l&rsquo;\u00c9tat F\u00e9lix Tshisekedi aux \u00c9tats-Unis d&rsquo;Am\u00e9rique, le VPM, ministre de l\u2019\u00c9conomie&hellip;\n","protected":false},"author":2,"featured_media":585096,"comment_status":"","ping_status":"","sticky":false,"template":"","format":"standard","meta":{"footnotes":""},"categories":[1589],"tags":[11,73,1866,12,1864,1865,1863,308],"class_list":{"0":"post-585095","1":"post","2":"type-post","3":"status-publish","4":"format-standard","5":"has-post-thumbnail","7":"category-etats-unis","8":"tag-actualites","9":"tag-etats-unis","10":"tag-etats-unis-damerique","11":"tag-news","12":"tag-united-states","13":"tag-united-states-of-america","14":"tag-us","15":"tag-usa"},"share_on_mastodon":{"url":"https:\/\/pubeurope.com\/@fr\/115680687194773187","error":""},"_links":{"self":[{"href":"https:\/\/www.europesays.com\/fr\/wp-json\/wp\/v2\/posts\/585095","targetHints":{"allow":["GET"]}}],"collection":[{"href":"https:\/\/www.europesays.com\/fr\/wp-json\/wp\/v2\/posts"}],"about":[{"href":"https:\/\/www.europesays.com\/fr\/wp-json\/wp\/v2\/types\/post"}],"author":[{"embeddable":true,"href":"https:\/\/www.europesays.com\/fr\/wp-json\/wp\/v2\/users\/2"}],"replies":[{"embeddable":true,"href":"https:\/\/www.europesays.com\/fr\/wp-json\/wp\/v2\/comments?post=585095"}],"version-history":[{"count":0,"href":"https:\/\/www.europesays.com\/fr\/wp-json\/wp\/v2\/posts\/585095\/revisions"}],"wp:featuredmedia":[{"embeddable":true,"href":"https:\/\/www.europesays.com\/fr\/wp-json\/wp\/v2\/media\/585096"}],"wp:attachment":[{"href":"https:\/\/www.europesays.com\/fr\/wp-json\/wp\/v2\/media?parent=585095"}],"wp:term":[{"taxonomy":"category","embeddable":true,"href":"https:\/\/www.europesays.com\/fr\/wp-json\/wp\/v2\/categories?post=585095"},{"taxonomy":"post_tag","embeddable":true,"href":"https:\/\/www.europesays.com\/fr\/wp-json\/wp\/v2\/tags?post=585095"}],"curies":[{"name":"wp","href":"https:\/\/api.w.org\/{rel}","templated":true}]}}