{"id":585097,"date":"2025-12-07T22:39:23","date_gmt":"2025-12-07T22:39:23","guid":{"rendered":"https:\/\/www.europesays.com\/fr\/585097\/"},"modified":"2025-12-07T22:39:23","modified_gmt":"2025-12-07T22:39:23","slug":"pourquoi-les-francais-ont-repondu-present-pour-sauver-duralex","status":"publish","type":"post","link":"https:\/\/www.europesays.com\/fr\/585097\/","title":{"rendered":"Pourquoi les Fran\u00e7ais ont r\u00e9pondu pr\u00e9sent pour sauver Duralex"},"content":{"rendered":"\n<p>Laissez tomber un verre Duralex, et vous verrez, il rebondira probablement sans se casser\u00a0! C\u2019est \u00e0 l\u2019image de son fabricant qui a culbut\u00e9 plusieurs fois ces vingt derni\u00e8res ann\u00e9es, en sachant toujours rebondir, jamais cependant de mani\u00e8re aussi spectaculaire que lorsqu\u2019il a fait appel aux simples citoyens au d\u00e9but de novembre.<\/p>\n<p>Il n\u2019a fallu que cinq heures et quarante minutes pour que l\u2019appel de fonds atteigne son objectif des 5\u00a0millions d\u2019euros n\u00e9cessaires pour assurer l\u2019avenir imm\u00e9diat de la verrerie. En quarante-huit\u00a0heures, le montant total des promesses d\u2019investissements avait d\u00e9pass\u00e9 les 19\u00a0millions d\u2019euros.<\/p>\n<p>\u201cC\u2019est une excellente surprise, on ne s\u2019y attendait pas, avoue Fran\u00e7ois Marciano, le directeur g\u00e9n\u00e9ral de Duralex, \u00e2g\u00e9 de 60\u00a0ans. On se donnait cinq ou six semaines pour r\u00e9unir les 5\u00a0millions d\u2019euros. Quand nous avons atteint pr\u00e8s de 20\u00a0millions d\u2019euros, nous avons d\u00fb dire stop. C\u2019\u00e9tait bien assez\u00a0!\u201d<\/p>\n<p>En tant que Scop (coop\u00e9rative de salari\u00e9s), Duralex ne peut en effet pas recueillir plus de 5\u00a0millions d\u2019investissement du grand public, un montant plafonn\u00e9 par l\u2019AMF (l\u2019Autorit\u00e9 des march\u00e9s financiers).<\/p>\n<p> La \u201cmadeleine de Proust\u201d des Fran\u00e7ais <\/p>\n<p>Il suffit de prononcer le nom de Duralex devant un Fran\u00e7ais pour le transporter en enfance dans la cantine de son \u00e9cole. La marque es<\/p>\n","protected":false},"excerpt":{"rendered":"Laissez tomber un verre Duralex, et vous verrez, il rebondira probablement sans se casser\u00a0! C\u2019est \u00e0 l\u2019image de&hellip;\n","protected":false},"author":2,"featured_media":585098,"comment_status":"","ping_status":"","sticky":false,"template":"","format":"standard","meta":{"footnotes":""},"categories":[1588],"tags":[11,1777,674,27,3821,12,473,1853,2542,1851,1850,1852],"class_list":{"0":"post-585097","1":"post","2":"type-post","3":"status-publish","4":"format-standard","5":"has-post-thumbnail","7":"category-royaume-uni","8":"tag-actualites","9":"tag-eu","10":"tag-europe","11":"tag-france","12":"tag-la-france-vue-de-lu2019u00e9tranger","13":"tag-news","14":"tag-royaume-uni","15":"tag-royaume-uni-de-grande-bretagne-et-dirlande-du-nord","16":"tag-u00e9conomie","17":"tag-uk","18":"tag-united-kingdom","19":"tag-united-kingdom-of-great-britain-and-northern-ireland"},"share_on_mastodon":{"url":"https:\/\/pubeurope.com\/@fr\/115680691165115961","error":""},"_links":{"self":[{"href":"https:\/\/www.europesays.com\/fr\/wp-json\/wp\/v2\/posts\/585097","targetHints":{"allow":["GET"]}}],"collection":[{"href":"https:\/\/www.europesays.com\/fr\/wp-json\/wp\/v2\/posts"}],"about":[{"href":"https:\/\/www.europesays.com\/fr\/wp-json\/wp\/v2\/types\/post"}],"author":[{"embeddable":true,"href":"https:\/\/www.europesays.com\/fr\/wp-json\/wp\/v2\/users\/2"}],"replies":[{"embeddable":true,"href":"https:\/\/www.europesays.com\/fr\/wp-json\/wp\/v2\/comments?post=585097"}],"version-history":[{"count":0,"href":"https:\/\/www.europesays.com\/fr\/wp-json\/wp\/v2\/posts\/585097\/revisions"}],"wp:featuredmedia":[{"embeddable":true,"href":"https:\/\/www.europesays.com\/fr\/wp-json\/wp\/v2\/media\/585098"}],"wp:attachment":[{"href":"https:\/\/www.europesays.com\/fr\/wp-json\/wp\/v2\/media?parent=585097"}],"wp:term":[{"taxonomy":"category","embeddable":true,"href":"https:\/\/www.europesays.com\/fr\/wp-json\/wp\/v2\/categories?post=585097"},{"taxonomy":"post_tag","embeddable":true,"href":"https:\/\/www.europesays.com\/fr\/wp-json\/wp\/v2\/tags?post=585097"}],"curies":[{"name":"wp","href":"https:\/\/api.w.org\/{rel}","templated":true}]}}