{"id":585099,"date":"2025-12-07T22:40:27","date_gmt":"2025-12-07T22:40:27","guid":{"rendered":"https:\/\/www.europesays.com\/fr\/585099\/"},"modified":"2025-12-07T22:40:27","modified_gmt":"2025-12-07T22:40:27","slug":"hans-stark-lallemagne-veut-maintenir-un-minimum-de-pression-sur-israel-invite-international-2","status":"publish","type":"post","link":"https:\/\/www.europesays.com\/fr\/585099\/","title":{"rendered":"Hans Stark: \u00abL\u2019Allemagne veut maintenir un minimum de pression sur Isra\u00ebl\u00bb &#8211; Invit\u00e9 international"},"content":{"rendered":"<p class=\"t-content__chapo\">\n                                                \u00ab L&rsquo;Allemagne est un soutien immuable d&rsquo;Isra\u00ebl \u00bb, d\u00e9claration du chancelier Friedrich Merz ce samedi. Il est en d\u00e9placement \u00e0 J\u00e9rusalem aux c\u00f4t\u00e9s de son homologue isra\u00e9lien, Benyamin Netanyahu. Au menu de cette rencontre, discuter de la deuxi\u00e8me phase du cessez-le-feu \u00e0 Gaza dans le cadre du plan du pr\u00e9sident am\u00e9ricain. Le chancelier allemand, qui avait surpris tout le monde l&rsquo;\u00e9t\u00e9 dernier en suspendant ses livraisons d&rsquo;armes \u00e0 Isra\u00ebl, du moins partiellement, est depuis revenu sur cette d\u00e9cision. Quels sont les enjeux de cette visite ? Pour en parler,\u00a0Hans Stark, professeur de civilisation allemande contemporaine \u00e0 Sorbonne Universit\u00e9 et conseiller pour les relations franco-allemandes \u00e0 l\u2019Institut fran\u00e7ais des relations internationales (Ifri).                    <\/p>\n<p><img decoding=\"async\" fetchpriority=\"low\" src=\"https:\/\/www.europesays.com\/fr\/wp-content\/uploads\/2025\/12\/AP25341445547239.jpg\"   width=\"1024\" height=\"576\" alt=\"Le Premier ministre isra\u00e9lien Benyamin Netanyahu, \u00e0 droite, et le chancelier allemand Friedrich Merz s'adressent aux m\u00e9dias lors d'une conf\u00e9rence de presse conjointe \u00e0 J\u00e9rusalem, le dimanche 7 d\u00e9cembre 2025.\" loading=\"eager\" class=\"a-img \"\/><\/p>\n<p>                Le Premier ministre isra\u00e9lien Benyamin Netanyahu, \u00e0 droite, et le chancelier allemand Friedrich Merz s&rsquo;adressent aux m\u00e9dias lors d&rsquo;une conf\u00e9rence de presse conjointe \u00e0 J\u00e9rusalem, le dimanche 7 d\u00e9cembre 2025.                AP &#8211; Ariel Schalit            <\/p>\n","protected":false},"excerpt":{"rendered":"\u00ab L&rsquo;Allemagne est un soutien immuable d&rsquo;Isra\u00ebl \u00bb, d\u00e9claration du chancelier Friedrich Merz ce samedi. Il est en&hellip;\n","protected":false},"author":2,"featured_media":584316,"comment_status":"","ping_status":"","sticky":false,"template":"","format":"standard","meta":{"footnotes":""},"categories":[1587],"tags":[11,672,3262,1804,3259,1805,1803,1777,674,4710,1801,3261,5653,664,74,12,1802],"class_list":{"0":"post-585099","1":"post","2":"type-post","3":"status-publish","4":"format-standard","5":"has-post-thumbnail","7":"category-allemagne","8":"tag-actualites","9":"tag-allemagne","10":"tag-benyamin-netanyahu","11":"tag-bundesrepublik-deutschland","12":"tag-conflit-israelo-palestinien","13":"tag-de","14":"tag-deutschland","15":"tag-eu","16":"tag-europe","17":"tag-friedrich-merz","18":"tag-germany","19":"tag-guerre-israel-gaza","20":"tag-invite-international","21":"tag-israel","22":"tag-monde","23":"tag-news","24":"tag-republique-federale-dallemagne"},"share_on_mastodon":{"url":"https:\/\/pubeurope.com\/@fr\/115680696009253632","error":""},"_links":{"self":[{"href":"https:\/\/www.europesays.com\/fr\/wp-json\/wp\/v2\/posts\/585099","targetHints":{"allow":["GET"]}}],"collection":[{"href":"https:\/\/www.europesays.com\/fr\/wp-json\/wp\/v2\/posts"}],"about":[{"href":"https:\/\/www.europesays.com\/fr\/wp-json\/wp\/v2\/types\/post"}],"author":[{"embeddable":true,"href":"https:\/\/www.europesays.com\/fr\/wp-json\/wp\/v2\/users\/2"}],"replies":[{"embeddable":true,"href":"https:\/\/www.europesays.com\/fr\/wp-json\/wp\/v2\/comments?post=585099"}],"version-history":[{"count":0,"href":"https:\/\/www.europesays.com\/fr\/wp-json\/wp\/v2\/posts\/585099\/revisions"}],"wp:featuredmedia":[{"embeddable":true,"href":"https:\/\/www.europesays.com\/fr\/wp-json\/wp\/v2\/media\/584316"}],"wp:attachment":[{"href":"https:\/\/www.europesays.com\/fr\/wp-json\/wp\/v2\/media?parent=585099"}],"wp:term":[{"taxonomy":"category","embeddable":true,"href":"https:\/\/www.europesays.com\/fr\/wp-json\/wp\/v2\/categories?post=585099"},{"taxonomy":"post_tag","embeddable":true,"href":"https:\/\/www.europesays.com\/fr\/wp-json\/wp\/v2\/tags?post=585099"}],"curies":[{"name":"wp","href":"https:\/\/api.w.org\/{rel}","templated":true}]}}