{"id":585102,"date":"2025-12-07T22:42:12","date_gmt":"2025-12-07T22:42:12","guid":{"rendered":"https:\/\/www.europesays.com\/fr\/585102\/"},"modified":"2025-12-07T22:42:12","modified_gmt":"2025-12-07T22:42:12","slug":"discussions-sur-le-renforcement-du-partenariat-et-la-mise-en-oeuvre-du-cessez-le-feu-a-gaza","status":"publish","type":"post","link":"https:\/\/www.europesays.com\/fr\/585102\/","title":{"rendered":"discussions sur le renforcement du partenariat et la mise en \u0153uvre du cessez-le-feu \u00e0 Gaza"},"content":{"rendered":"<p>AA\/Aman\/ Laith Al-Jnaidi\/ Mohammad Sio<\/p>\n<p>Le roi Abdallah II de Jordanie a \u00e9voqu\u00e9 dimanche \u00e0 Amman les moyens de renforcer la coop\u00e9ration et le partenariat avec la cheffe de la diplomatie europ\u00e9enne, Kaja Kallas, a indiqu\u00e9 la Cour royale dans un communiqu\u00e9.<\/p>\n<p>Selon le texte, les discussions ont port\u00e9 sur le renforcement de la coop\u00e9ration entre la Jordanie et l\u2019UE dans le cadre de leur accord de partenariat strat\u00e9gique et global. Les deux parties ont soulign\u00e9 la n\u00e9cessit\u00e9 de capitaliser sur les opportunit\u00e9s \u00e9conomiques, notamment \u00e0 travers le sommet Jordanie-UE qu\u2019Amman accueillera en janvier, ainsi qu\u2019un forum \u00e9conomique conjoint pr\u00e9vu l\u2019an prochain r\u00e9unissant des investisseurs des deux c\u00f4t\u00e9s.<\/p>\n<p>Les \u00e9changes ont \u00e9galement port\u00e9 sur les \u00e9volutions r\u00e9gionales, les deux responsables appelant \u00e0 un calme global dans la r\u00e9gion et au respect de la souverainet\u00e9 des \u00c9tats. Ils ont r\u00e9affirm\u00e9 que la solution \u00e0 deux \u00c9tats demeure la seule voie vers une paix juste et compl\u00e8te dans le conflit isra\u00e9lo-palestinien.<\/p>\n<p>Le souverain hach\u00e9mite a r\u00e9it\u00e9r\u00e9 l\u2019importance de l\u2019application de l\u2019accord de cessez-le-feu \u00e0 Gaza, de la garantie de l&rsquo;acheminement de l\u2019aide humanitaire et de l\u2019arr\u00eat des mesures unilat\u00e9rales isra\u00e9liennes contre les Palestiniens en Cisjordanie occup\u00e9e, selon la Cour royale.<\/p>\n<p>Un cessez-le-feu, m\u00e9di\u00e9 par la T\u00fcrkiye, l\u2019\u00c9gypte et le Qatar avec le soutien des \u00c9tats-Unis, est entr\u00e9 en vigueur \u00e0 Gaza le 10 octobre, mettant fin \u00e0 une guerre isra\u00e9lienne de deux ans qui a fait plus de 70 000 morts \u2014 principalement des femmes et des enfants \u2014 et plus de 171 000 bless\u00e9s depuis octobre 2023.<\/p>\n<p>Les autorit\u00e9s palestiniennes ont cependant d\u00e9nonc\u00e9 des violations quotidiennes du cessez-le-feu par Isra\u00ebl, faisant plus de 370 morts et environ 1 000 bless\u00e9s.<\/p>\n<p>Kaja Kallas a, pour sa part, soulign\u00e9 l\u2019importance du partenariat entre l\u2019UE et la Jordanie ainsi que l\u2019engagement commun \u00e0 approfondir la coop\u00e9ration multisectorielle. Elle a \u00e9galement salu\u00e9 le \u00ab r\u00f4le central \u00bb jou\u00e9 par le royaume dans la r\u00e9gion, selon le communiqu\u00e9.<\/p>\n<p>Le texte ne pr\u00e9cise ni la date d\u2019arriv\u00e9e de Kallas en Jordanie ni la dur\u00e9e de sa visite.<\/p>\n<p>Par ailleurs, la responsable europ\u00e9enne a rencontr\u00e9 le ministre jordanien des Affaires \u00e9trang\u00e8res, Ayman Safadi, pour \u00e9voquer les pr\u00e9paratifs du Sommet Jordanie\u2013UE pr\u00e9vu le 8 janvier \u00e0 Amman, avec la participation du roi Abdallah, du pr\u00e9sident du Conseil europ\u00e9en Ant\u00f3nio Costa et de la pr\u00e9sidente de la Commission europ\u00e9enne Ursula von der Leyen, selon le minist\u00e8re.<\/p>\n<p>Safadi et Kallas ont \u00e9galement discut\u00e9 de la situation en Syrie. Le chef de la diplomatie jordanienne a r\u00e9affirm\u00e9 le soutien d\u2019Amman \u00e0 son voisin du Nord, dans le respect des principes garantissant l\u2019unit\u00e9, la s\u00e9curit\u00e9, la souverainet\u00e9 et l\u2019int\u00e9grit\u00e9 territoriale de la Syrie. Il a condamn\u00e9 les attaques isra\u00e9liennes continues contre la Syrie ainsi que l\u2019occupation par Isra\u00ebl de territoires syriens, qualifi\u00e9es de violation manifeste de la Charte de l\u2019ONU et de la souverainet\u00e9 arabe.<\/p>\n<p>Apr\u00e8s la chute du r\u00e9gime de Bachar al-Assad l\u2019an dernier, Isra\u00ebl a \u00e9tendu son occupation du plateau du Golan en s\u2019emparant de la zone tampon d\u00e9militaris\u00e9e, en rupture avec l\u2019accord de 1974 conclu avec Damas.<\/p>\n<p>*Traduit de l&rsquo;anglais par Sanaa Amir<\/p>\n<p>                            &#13;<br \/>\n                                <a href=\"https:\/\/www.aa.com.tr\/fr\/p\/abonnement\/1001\" target=\"_blank\" style=\"font-size:12px; color:#444; text-decoration:none;\" rel=\"noopener\">&#13;<br \/>\n                                    Seulement une partie des d\u00e9p\u00eaches, que l&rsquo;Agence Anadolu diffuse \u00e0 ses abonn\u00e9s via le Syst\u00e8me de Diffusion interne (HAS), est diffus\u00e9e sur le site de l&rsquo;AA, de mani\u00e8re r\u00e9sum\u00e9e. <b style=\"color:#1897F7\">Contactez-nous s&rsquo;il vous pla\u00eet pour vous abonner.<\/b>&#13;<br \/>\n                                <\/a>&#13;<\/p>\n","protected":false},"excerpt":{"rendered":"AA\/Aman\/ Laith Al-Jnaidi\/ Mohammad Sio Le roi Abdallah II de Jordanie a \u00e9voqu\u00e9 dimanche \u00e0 Amman les moyens&hellip;\n","protected":false},"author":2,"featured_media":585103,"comment_status":"","ping_status":"","sticky":false,"template":"","format":"standard","meta":{"footnotes":""},"categories":[1586],"tags":[11,1785,1777,674,1779,1011,27,13679,5229,12,25,1778,364],"class_list":{"0":"post-585102","1":"post","2":"type-post","3":"status-publish","4":"format-standard","5":"has-post-thumbnail","7":"category-europe","8":"tag-actualites","9":"tag-anadolu-ajansi","10":"tag-eu","11":"tag-europe","12":"tag-european-union","13":"tag-fr","14":"tag-france","15":"tag-jordanie","16":"tag-kaja-kallas","17":"tag-news","18":"tag-republique-francaise","19":"tag-ue","20":"tag-union-europeenne"},"share_on_mastodon":{"url":"https:\/\/pubeurope.com\/@fr\/115680702887831675","error":""},"_links":{"self":[{"href":"https:\/\/www.europesays.com\/fr\/wp-json\/wp\/v2\/posts\/585102","targetHints":{"allow":["GET"]}}],"collection":[{"href":"https:\/\/www.europesays.com\/fr\/wp-json\/wp\/v2\/posts"}],"about":[{"href":"https:\/\/www.europesays.com\/fr\/wp-json\/wp\/v2\/types\/post"}],"author":[{"embeddable":true,"href":"https:\/\/www.europesays.com\/fr\/wp-json\/wp\/v2\/users\/2"}],"replies":[{"embeddable":true,"href":"https:\/\/www.europesays.com\/fr\/wp-json\/wp\/v2\/comments?post=585102"}],"version-history":[{"count":0,"href":"https:\/\/www.europesays.com\/fr\/wp-json\/wp\/v2\/posts\/585102\/revisions"}],"wp:featuredmedia":[{"embeddable":true,"href":"https:\/\/www.europesays.com\/fr\/wp-json\/wp\/v2\/media\/585103"}],"wp:attachment":[{"href":"https:\/\/www.europesays.com\/fr\/wp-json\/wp\/v2\/media?parent=585102"}],"wp:term":[{"taxonomy":"category","embeddable":true,"href":"https:\/\/www.europesays.com\/fr\/wp-json\/wp\/v2\/categories?post=585102"},{"taxonomy":"post_tag","embeddable":true,"href":"https:\/\/www.europesays.com\/fr\/wp-json\/wp\/v2\/tags?post=585102"}],"curies":[{"name":"wp","href":"https:\/\/api.w.org\/{rel}","templated":true}]}}