{"id":585116,"date":"2025-12-07T22:55:15","date_gmt":"2025-12-07T22:55:15","guid":{"rendered":"https:\/\/www.europesays.com\/fr\/585116\/"},"modified":"2025-12-07T22:55:15","modified_gmt":"2025-12-07T22:55:15","slug":"laurent-delahousse-se-permet-dannoncer-la-grossesse-dune-celebre-actrice-presente-en-plateau","status":"publish","type":"post","link":"https:\/\/www.europesays.com\/fr\/585116\/","title":{"rendered":"Laurent Delahousse \u201cse permet\u201d d\u2019annoncer la grossesse d\u2019une c\u00e9l\u00e8bre actrice pr\u00e9sente en plateau"},"content":{"rendered":"<p data-start=\"262\" data-end=\"587\">C\u2019est une excellente nouvelle<br \/>\nqu\u2019ont entendue les t\u00e9l\u00e9spectateurs <strong>de 20h30 le dimanche,<\/strong> le\u00a0 7 d\u00e9cembre<br \/>\nsur France 2. Ce soir-l\u00e0, apr\u00e8s avoir tourn\u00e9 le portrait de Laurent<br \/>\nLaffite, <a href=\"https:\/\/www.closermag.fr\/people\/je-prefere-ne-pas-en-parler-jodie-foster-met-un-stop-a-laurent-delahousse-apres-une-question-sur-un-sujet-delicat-3595163\" target=\"_blank\" rel=\"noopener\"><br \/>\nLaurent Delahousse a re\u00e7u une c\u00e9l\u00e8bre actrice sur le plateau du<br \/>\nJT.<\/a> Elle est venue pr\u00e9senter son premier film en tant que<br \/>\nr\u00e9alisatrice.<\/p>\n<p data-start=\"589\" data-end=\"846\">Il s\u2019agit d\u2019un film qui m\u00e9lange<br \/>\nfiction et r\u00e9alit\u00e9, dans lequel elle parle de sa s\u0153ur, atteinte<br \/>\nd\u2019une maladie g\u00e9n\u00e9tique rare. Mais apr\u00e8s des ann\u00e9es d\u2019errance<br \/>\nm\u00e9dicale, elle a d\u00e9couvert qu\u2019elle ne portait pas ce g\u00e8ne, ce qui<br \/>\nlui a permis de tomber enceinte.<\/p>\n<p>20h30 le dimanche : Laurent<br \/>\nDelahousse r\u00e9v\u00e8le la grossesse de son invit\u00e9e<\/p>\n<p data-start=\"927\" data-end=\"1493\">Ce soir-l\u00e0, le c\u00e9l\u00e8bre<br \/>\npr\u00e9sentateur interviewe <a href=\"https:\/\/www.closermag.fr\/people\/body-echancre-pour-josephine-japy-robe-ultra-mini-pour-nine-durso-moulante-pour-sara-giraudeau-elles-mettent-cabourg-en-feu-3554611\" target=\"_blank\" rel=\"noopener\"><br \/>\nJos\u00e9phine Japy,<\/a> qui est cette ann\u00e9e pass\u00e9e de l\u2019autre c\u00f4t\u00e9 de<br \/>\nla cam\u00e9ra. R\u00e9v\u00e9l\u00e9e dans l\u2019adolescence, elle a \u00e9t\u00e9 nomm\u00e9e en 2014<br \/>\npour le C\u00e9sar du Meilleur espoir f\u00e9minin, gr\u00e2ce au film<br \/>\nRespire, de M\u00e9lanie<br \/>\nLaurent. Malgr\u00e9 la c\u00e9l\u00e9brit\u00e9, elle est toujours rest\u00e9e tr\u00e8s<br \/>\ndiscr\u00e8te sur sa vie priv\u00e9e. Pourtant, elle a d\u00e9cid\u00e9 de mettre en<br \/>\navant toute une part de son histoire, dans son premier film en tant<br \/>\nque r\u00e9alisatrice : <strong>Qui brille au combat.<\/strong> Dans ce long-m\u00e9trage,<br \/>\nelle \u00e9voque sa vie et celle de sa grande s\u0153ur Bertille.<\/p>\n<p data-start=\"1495\" data-end=\"1984\">Apr\u00e8s des ann\u00e9es d\u2019errance<br \/>\nm\u00e9dicale et de recherches, un diagnostic a enfin \u00e9t\u00e9 pos\u00e9. Il a<br \/>\nnotamment permis \u00e0 Jos\u00e9phine Japy de d\u00e9couvrir qu\u2019elle n\u2019\u00e9tait pas<br \/>\nporteuse de ce g\u00e8ne, ce qui a conduit Laurent Delahousse \u00e0 faire la<br \/>\nr\u00e9v\u00e9lation suivante : \u201c\u00c7a<br \/>\nr\u00e9sonne forc\u00e9ment ce soir. <strong>Vous m&rsquo;avez permis d&rsquo;en parler,<br \/>\nbien \u00e9videmment. Le fait que vous soyez enceinte,<\/strong> ce<br \/>\ndiagnostic, il a \u00e9t\u00e9 aussi essentiel pour \u00e7a ?\u201d Elle r\u00e9pond<br \/>\npar l\u2019affirmative : \u201c\u00c7a a \u00e9t\u00e9<br \/>\nessentiel, \u00e7a a chang\u00e9 ma vie.\u201d<\/p>\n<p>Jos\u00e9phine Japy attend son premier enfant<\/p>\n<p data-start=\"2032\" data-end=\"2542\">Par la suite, <a href=\"https:\/\/www.closermag.fr\/mode\/josephine-japy-cardi-b-philippine-leroy-beaulieu-chiara-ferragni-elles-en-montrent-beaucoup-au-defile-schiaparelli-3561496\" target=\"_blank\" rel=\"noopener\"><br \/>\nla c\u00e9l\u00e8bre actrice<\/a> se confie sur l\u2019importance de cette<br \/>\nd\u00e9couverte : \u201cJe pense que<br \/>\nc&rsquo;est quelque chose que je portais depuis tellement d&rsquo;ann\u00e9es, cette<br \/>\nincertitude de ce qu&rsquo;allait \u00eatre peut-\u00eatre la maternit\u00e9 pour moi.<br \/>\nQuelle forme \u00e7a allait prendre, est-ce que j&rsquo;allais avoir moi des<br \/>\nenfants ou peut-\u00eatre autrement avoir un autre parcours de<br \/>\nm\u00e8re.\u201d Elle est tr\u00e8s fi\u00e8re du chemin parcouru :<br \/>\n\u201cOuais, aujourd&rsquo;hui je suis<br \/>\ndevant vous, je sors un film sur cette histoire et<br \/>\n<strong>j&rsquo;attends un enfant,<\/strong> c&rsquo;est tr\u00e8s fort.\u201d<\/p>\n<p data-start=\"2544\" data-end=\"2686\">Son film sortira en salles le<br \/>\n31 d\u00e9cembre 2025 et les r\u00f4les principaux seront incarn\u00e9s par<br \/>\nAngelina Woreth, Sarah Pachoud et Juliette Gasquet.<\/p>\n","protected":false},"excerpt":{"rendered":"C\u2019est une excellente nouvelle qu\u2019ont entendue les t\u00e9l\u00e9spectateurs de 20h30 le dimanche, le\u00a0 7 d\u00e9cembre sur France 2.&hellip;\n","protected":false},"author":2,"featured_media":585117,"comment_status":"","ping_status":"","sticky":false,"template":"","format":"standard","meta":{"footnotes":""},"categories":[1359],"tags":[58,59,1011,27,5097,973],"class_list":{"0":"post-585116","1":"post","2":"type-post","3":"status-publish","4":"format-standard","5":"has-post-thumbnail","7":"category-people","8":"tag-divertissement","9":"tag-entertainment","10":"tag-fr","11":"tag-france","12":"tag-laurent-delahousse","13":"tag-people"},"share_on_mastodon":{"url":"https:\/\/pubeurope.com\/@fr\/115680754261422522","error":""},"_links":{"self":[{"href":"https:\/\/www.europesays.com\/fr\/wp-json\/wp\/v2\/posts\/585116","targetHints":{"allow":["GET"]}}],"collection":[{"href":"https:\/\/www.europesays.com\/fr\/wp-json\/wp\/v2\/posts"}],"about":[{"href":"https:\/\/www.europesays.com\/fr\/wp-json\/wp\/v2\/types\/post"}],"author":[{"embeddable":true,"href":"https:\/\/www.europesays.com\/fr\/wp-json\/wp\/v2\/users\/2"}],"replies":[{"embeddable":true,"href":"https:\/\/www.europesays.com\/fr\/wp-json\/wp\/v2\/comments?post=585116"}],"version-history":[{"count":0,"href":"https:\/\/www.europesays.com\/fr\/wp-json\/wp\/v2\/posts\/585116\/revisions"}],"wp:featuredmedia":[{"embeddable":true,"href":"https:\/\/www.europesays.com\/fr\/wp-json\/wp\/v2\/media\/585117"}],"wp:attachment":[{"href":"https:\/\/www.europesays.com\/fr\/wp-json\/wp\/v2\/media?parent=585116"}],"wp:term":[{"taxonomy":"category","embeddable":true,"href":"https:\/\/www.europesays.com\/fr\/wp-json\/wp\/v2\/categories?post=585116"},{"taxonomy":"post_tag","embeddable":true,"href":"https:\/\/www.europesays.com\/fr\/wp-json\/wp\/v2\/tags?post=585116"}],"curies":[{"name":"wp","href":"https:\/\/api.w.org\/{rel}","templated":true}]}}